{"id":13420,"date":"2026-01-02T10:09:11","date_gmt":"2026-01-02T13:09:11","guid":{"rendered":"https:\/\/grandepremio.com\/br\/noticias\/williams-reduz-expectativas-motor-mercedes-2026-nao-vai-repetir-2014\/"},"modified":"2026-01-02T11:39:41","modified_gmt":"2026-01-02T14:39:41","slug":"williams-reduz-expectativas-motor-mercedes-2026-nao-vai-repetir-2014","status":"publish","type":"post","link":"https:\/\/grandepremio.com\/br\/f1\/williams-reduz-expectativas-motor-mercedes-2026-nao-vai-repetir-2014\/","title":{"rendered":"Williams reduz expectativas sobre motor Mercedes para 2026: &#8220;N\u00e3o vai repetir 2014&#8221;"},"content":{"rendered":"\n<p class=\"wp-block-paragraph\">Por conta de grandes mudan\u00e7as no regulamento t\u00e9cnico da <strong>F\u00f3rmula 1 <\/strong>na temporada 2026, o desempenho das equipes \u00e9 uma inc\u00f3gnita, apesar dos rumores de que a <strong>Mercedes <\/strong>ter\u00e1 o motor mais potente. <strong>James Vowles<\/strong>, chefe da <strong>Williams<\/strong>, reduziu as expectativas e afirmou que dificilmente haver\u00e1 uma situa\u00e7\u00e3o semelhante a de 2014, quando os times equipados com as unidades de pot\u00eancia da fabricante alem\u00e3 tinham ampla vantagem sobre as rivais. Ele ainda ressaltou que <strong>Ferrari<\/strong> e <strong>Honda <\/strong>n\u00e3o podem ser descartadas.<\/p>\n\n\n\n<p class=\"wp-block-paragraph\">Al\u00e9m de mudan\u00e7as robustas na aerodin\u00e2mica dos carros, incluindo o fim do efeito-solo e&nbsp;<a href=\"https:\/\/www.grandepremio.com\/br\/f1\/noticias\/modo-reta-modo-curva-outros-termos-entenda-definicoes-f1-para-2026\/\">a substitui\u00e7\u00e3o do&nbsp;DRS&nbsp;pelo&nbsp;Manual Override Mode<\/a>&nbsp;(Modo de Ultrapassagem Manual, em tradu\u00e7\u00e3o livre), por exemplo, os motores do pr\u00f3ximo ano ter\u00e3o a parte el\u00e9trica ampliada, passando a representar at\u00e9 50% da for\u00e7a total \u2014 frente aos 20% dos antigos \u2014 e combust\u00edvel 100% sustent\u00e1vel.<\/p>\n\n\n\n<p class=\"wp-block-paragraph\">As unidades de pot\u00eancia j\u00e1 s\u00e3o centro de uma pol\u00eamica, antes mesmo da temporada come\u00e7ar: rumores indicam que&nbsp;<strong>Mercedes&nbsp;<\/strong>e&nbsp;<strong>Red Bull<\/strong>&nbsp;<a href=\"https:\/\/www.grandepremio.com\/br\/f1\/noticias\/equipes-descobrem-brecha-regulamento-motores-criam-polemica-para-f1-2026\/\">descobriram uma brecha relacionada ao limite da taxa de compress\u00e3o<\/a>, o que poderia resultar em uma vantagem consider\u00e1vel de desempenho. Entretanto, a equipe alem\u00e3 manteve conversas com a<strong>&nbsp;Federa\u00e7\u00e3o Internacional de Automobilismo (FIA)<\/strong>&nbsp;e recebeu garantias de que o desenvolvimento do motor est\u00e1 em conformidade com o regulamento. <\/p>\n\n\n\n<p class=\"wp-block-paragraph\">Vowles, no entanto, acredita que a superioridade da unidade de pot\u00eancia alem\u00e3 n\u00e3o ser\u00e1 t\u00e3o grande, embora a Williams tamb\u00e9m sairia ganhando, j\u00e1 que \u00e9 equipe cliente.<\/p>\n\n\n\n<figure class=\"wp-block-image size-large\"><img decoding=\"async\" src=\"https:\/\/www.grandepremio.com\/br\/wp-content\/uploads\/2025\/09\/WilliamsF1_163560_HiRes-1200x801.jpg\" alt=\"\" class=\"wp-image-1016289\"\/><figcaption class=\"wp-element-caption\">James Vowles refor\u00e7ou postura cautelosa com motor Mercedes (Foto: Williams)<\/figcaption><\/figure>\n\n\n\n<p class=\"wp-block-paragraph\">&#8220;N\u00e3o acho que veremos uma repeti\u00e7\u00e3o de 2014, quando as equipes com motores Mercedes come\u00e7aram na frente de todas as outras&#8221;, afirmou o brit\u00e2nico.<\/p>\n\n\n\n<p class=\"wp-block-paragraph\">&#8220;Nenhuma fabricante de motores sabe qual ser\u00e1 o n\u00edvel de desempenho quando o campeonato come\u00e7ar. Est\u00e1 se criando uma esp\u00e9cie de narrativa de que haver\u00e1 grandes diferen\u00e7as em termos de performance, mas trata-se de especula\u00e7\u00e3o&#8221;, ressaltou.<\/p>\n\n\n\n<p class=\"wp-block-paragraph\">&#8220;Duvido muito que a Ferrari esteja em dificuldades, eles s\u00e3o muito bons. A Honda tamb\u00e9m produziu uma excelente unidade de pot\u00eancia nos \u00faltimos anos&#8221;, finalizou o chefe da Williams.<\/p>\n\n\n\n<p class=\"wp-block-paragraph\">A&nbsp;<strong><a href=\"https:\/\/www.grandepremio.com\/br\/f1\/\">F\u00f3rmula 1<\/a><\/strong>&nbsp;est\u00e1 de f\u00e9rias. Os carros voltam a acelerar de&nbsp;<strong>26 a 30 de janeiro<\/strong>&nbsp;em testes privados em&nbsp;<strong>Barcelona<\/strong>. Depois, seguem para o&nbsp;<strong>Bahrein&nbsp;<\/strong>para mais duas sess\u00f5es da pr\u00e9-temporada: de&nbsp;<strong>11 a 13 de fevereiro<\/strong>&nbsp;e de&nbsp;<strong>18 a 20 de fevereiro<\/strong>. O<strong>&nbsp;GRANDE PR\u00caMIO&nbsp;<\/strong>acompanha todas as atividades de 2026.<\/p>\n\n\n\n<p class=\"wp-block-paragraph\">\u25b6\ufe0f&nbsp;<strong>Inscreva-se nos dois canais do GRANDE PR\u00caMIO no YouTube:&nbsp;<a href=\"https:\/\/www.youtube.com\/channel\/UC9OlHEgxoaY6QY6nWPoiqQg?sub_confirmation=1\" target=\"_blank\" rel=\"noreferrer noopener\">GP<\/a>&nbsp;|&nbsp;<a href=\"https:\/\/www.youtube.com\/channel\/UC9csiS6q_C3C0FYhyr1rnFA?sub_confirmation=1\" target=\"_blank\" rel=\"noreferrer noopener\">GP2<\/a><\/strong><\/p>\n\n\n\n<h2 class=\"wp-block-heading\" id=\"h-f1-hoje-saiba-aqui-as-noticias-mais-importantes-do-dia-da-formula-1\"><strong>F1 hoje: saiba aqui as not\u00edcias mais importantes do dia da F\u00f3rmula 1<\/strong><\/h2>\n\n\n\n<p class=\"wp-block-paragraph\">A reda\u00e7\u00e3o do&nbsp;<strong>GRANDE PR\u00caMIO<\/strong>&nbsp;selecionou as not\u00edcias mais importantes das \u00faltimas horas para voc\u00ea ficar por dentro de tudo que acontece na F1.<\/p>\n\n\n\n<p class=\"wp-block-paragraph\">\u25b6\ufe0f\u00a0<a href=\"https:\/\/www.grandepremio.com\/br\/f1\/noticias\/ferrari-movimenta-confirma-saida-guanyu-zhou-apos-um-ano-como-piloto-reserva\/\"><strong>Ferrari se movimenta e confirma sa\u00edda de Zhou ap\u00f3s um ano como piloto reserva<\/strong><\/a><br>\u25b6\ufe0f\u00a0<a href=\"https:\/\/www.grandepremio.com\/br\/f1\/noticias\/mclaren-toma-decisao-uso-regras-papaia-temporada-2026-f1\/\"><\/a><strong><a href=\"https:\/\/www.grandepremio.com\/br\/f1\/noticias\/guenther-steiner-preve-futuro-diz-max-verstappen-nao-sera-como-fernando-alonso-formula-1\/\">Steiner prev\u00ea futuro e diz que Verstappen \u201cn\u00e3o ser\u00e1 como Alonso\u201d na F\u00f3rmula 1<\/a><\/strong><br>\u25b6\ufe0f\u00a0<strong><a href=\"https:\/\/www.grandepremio.com\/br\/f1\/noticias\/george-russell-nega-inveja-lando-norris-titulo-mundial-f1-talvez-mais-jovem\/\">Russell nega inveja de Norris por t\u00edtulo mundial na F1: \u201cTalvez se fosse mais jovem\u201d<\/a><\/strong><br>\u25b6\ufe0f\u00a0<strong><a href=\"https:\/\/www.grandepremio.com\/br\/f1\/noticias\/williams-reduz-expectativas-motor-mercedes-2026-nao-vai-repetir-2014\/\">Williams reduz expectativas sobre motor Mercedes para 2026: \u201cN\u00e3o vai repetir 2014\u201d<\/a><\/strong><\/p>\n\n\n\n<figure class=\"wp-block-embed is-type-video is-provider-youtube wp-block-embed-youtube wp-embed-aspect-16-9 wp-has-aspect-ratio\"><div class=\"wp-block-embed__wrapper\">\n<iframe loading=\"lazy\" title=\"NORRIS, VERSTAPPEN, MOREIRA, MARC M\u00c1RQUEZ OU PALOU: QUEM \u00c9 O PILOTO DE 2025? | Melhores do Ano GP\" width=\"500\" height=\"281\" src=\"https:\/\/www.youtube.com\/embed\/jOExTeYX1rw?feature=oembed\" frameborder=\"0\" allow=\"accelerometer; autoplay; clipboard-write; encrypted-media; gyroscope; picture-in-picture; web-share\" referrerpolicy=\"strict-origin-when-cross-origin\" allowfullscreen><\/iframe>\n<\/div><\/figure>\n","protected":false},"excerpt":{"rendered":"<p>Chefe da Williams, James Vowles adotou postura cautelosa ao falar do desempenho do motor Mercedes na F\u00f3rmula 1 2026<\/p>\n","protected":false},"author":0,"featured_media":1000788168,"comment_status":"closed","ping_status":"closed","sticky":false,"template":"","format":"standard","meta":{"42wp_featured_image_caption":"","42wp_featured_image_credits":"","42wp_featured_video":"","42wp_featured_image_hidden":false,"42wp_authors_list":[],"footnotes":""},"categories":[2],"tags":[27776,34186,27487,38407,45462,5660,8235,45463,969,147,2147,29516,642,11958,160,45554,180,31425,800,30103,28285,4149,82,217,215],"42wp_author":[47163],"class_list":["post-13420","post","type-post","status-publish","format-standard","has-post-thumbnail","hentry","category-f1","tag-assistir-f1-ao-vivo","tag-assistir-f1-gratis","tag-assistir-f1-online","tag-calendario-f1-2026","tag-calendario-f1-2026-horarios","tag-classificacao","tag-classificacao-da-f1","tag-classificacao-f1-2026","tag-corrida","tag-f1","tag-f1-2014","tag-f1-2026","tag-f1-ao-vivo","tag-f1-live","tag-f1-tv","tag-f1-tv-2026","tag-formula-1","tag-formula-1-2026","tag-george-russell","tag-grande-premio-f1","tag-grandepremio","tag-james-vowles","tag-mercedes","tag-motor-mercedes","tag-williams","42wp_author-caio-cavalcante"],"_links":{"self":[{"href":"https:\/\/grandepremio.com\/br\/wp-json\/wp\/v2\/posts\/13420","targetHints":{"allow":["GET"]}}],"collection":[{"href":"https:\/\/grandepremio.com\/br\/wp-json\/wp\/v2\/posts"}],"about":[{"href":"https:\/\/grandepremio.com\/br\/wp-json\/wp\/v2\/types\/post"}],"replies":[{"embeddable":true,"href":"https:\/\/grandepremio.com\/br\/wp-json\/wp\/v2\/comments?post=13420"}],"version-history":[{"count":0,"href":"https:\/\/grandepremio.com\/br\/wp-json\/wp\/v2\/posts\/13420\/revisions"}],"wp:featuredmedia":[{"embeddable":true,"href":"https:\/\/grandepremio.com\/br\/wp-json\/wp\/v2\/media\/1000788168"}],"wp:attachment":[{"href":"https:\/\/grandepremio.com\/br\/wp-json\/wp\/v2\/media?parent=13420"}],"wp:term":[{"taxonomy":"category","embeddable":true,"href":"https:\/\/grandepremio.com\/br\/wp-json\/wp\/v2\/categories?post=13420"},{"taxonomy":"post_tag","embeddable":true,"href":"https:\/\/grandepremio.com\/br\/wp-json\/wp\/v2\/tags?post=13420"},{"taxonomy":"42wp_author","embeddable":true,"href":"https:\/\/grandepremio.com\/br\/wp-json\/wp\/v2\/42wp_author?post=13420"}],"curies":[{"name":"wp","href":"https:\/\/api.w.org\/{rel}","templated":true}]}}