{"id":134371,"date":"2019-07-10T22:00:00","date_gmt":"2019-07-11T01:00:00","guid":{"rendered":"https:\/\/grandepremio.com\/br\/noticias\/gp-as-10-marquez-dominante-e-rivais-apagados-a-analise-de-2019-parte-i\/"},"modified":"2020-05-12T17:02:52","modified_gmt":"2020-05-12T20:02:52","slug":"gp-as-10-marquez-dominante-e-rivais-apagados-a-analise-de-2019-parte-i","status":"publish","type":"post","link":"https:\/\/grandepremio.com\/br\/motogp\/gp-as-10-marquez-dominante-e-rivais-apagados-a-analise-de-2019-parte-i\/","title":{"rendered":"GP \u00e0s 10: M\u00e1rquez dominante e rivais apagados: a an\u00e1lise de 2019 &#8211; parte I"},"content":{"rendered":"\n<div>\n\tPassadas as primeiras nove corridas da temporada, a MotoGP tem um 2019 de Marc M&aacute;rquez e rivais apagados. No GP &agrave;s 10 desta quarta-feira (10), Juliana Tesser faz um balan&ccedil;o do que foi a primeira fase do campeonato para Honda, Yamaha e Ducati.<\/div>\n<div>\n<div>\n\t\t<br \/>\n\t\tO GP &agrave;s 10 &eacute; a s&eacute;rie que traz um coment&aacute;rio em v&iacute;deo dos jornalistas do <strong>GRANDE PR&Ecirc;MIO<\/strong>, sempre &agrave;s 10h (de Bras&iacute;lia), do dia e da noite. <strong><a href=\"https:\/\/www.youtube.com\/playlist?list=PLULYLQYUzB5rZjWHQHo-JhgOqUHLw0Zrc\"><span>Veja aqui todas as edi&ccedil;&otilde;es do GP &agrave;s 10<\/span><\/a><\/strong>.<\/div>\n<div>\n\t\t&nbsp;<\/div>\n<\/div>\n<div class=\"embed-responsive embed-responsive-16by9\">\n\t<\/div>\n<p><\/p>\n<p><\/p>\n","protected":false},"excerpt":{"rendered":"<p>No GP &agrave;s 10 desta quarta-feira (10), Juliana Tesser faz uma an&aacute;lise da performance de Honda, Ducati e Yamaha na primeira metade da temporada 2019 da MotoGP<\/p>\n","protected":false},"author":0,"featured_media":0,"comment_status":"closed","ping_status":"closed","sticky":false,"template":"","format":"standard","meta":{"42wp_featured_image_caption":"","42wp_featured_image_credits":"","42wp_featured_video":"","42wp_featured_image_hidden":false,"42wp_authors_list":[],"footnotes":""},"categories":[8],"tags":[143,109,133,141,142,131,110,140,130,1975,187,144,197,132,101,139,149,79,78,554,1977,1976,146,134,80,172],"42wp_author":[47109],"class_list":["post-134371","post","type-post","status-publish","format-standard","hentry","category-motogp","tag-andrea-dovizioso","tag-andrea-iannone","tag-aprilia","tag-cal-crutchlow","tag-danilo-petrucci","tag-ducati","tag-fabio-quartararo","tag-franco-morbidelli","tag-honda","tag-jack-miller","tag-joan-mir","tag-johann-zarco","tag-jorge-lorenzo","tag-ktm","tag-marc-mrquez","tag-maverick-viales","tag-miguel-oliveira","tag-moto-gp","tag-motogp","tag-motogp-ao-vivo","tag-motogp-sportv","tag-mundial-motogp-2019","tag-pol-espargar","tag-suzuki","tag-valentino-rossi","tag-yamaha","42wp_author-redacao-gp"],"_links":{"self":[{"href":"https:\/\/grandepremio.com\/br\/wp-json\/wp\/v2\/posts\/134371","targetHints":{"allow":["GET"]}}],"collection":[{"href":"https:\/\/grandepremio.com\/br\/wp-json\/wp\/v2\/posts"}],"about":[{"href":"https:\/\/grandepremio.com\/br\/wp-json\/wp\/v2\/types\/post"}],"replies":[{"embeddable":true,"href":"https:\/\/grandepremio.com\/br\/wp-json\/wp\/v2\/comments?post=134371"}],"version-history":[{"count":0,"href":"https:\/\/grandepremio.com\/br\/wp-json\/wp\/v2\/posts\/134371\/revisions"}],"wp:attachment":[{"href":"https:\/\/grandepremio.com\/br\/wp-json\/wp\/v2\/media?parent=134371"}],"wp:term":[{"taxonomy":"category","embeddable":true,"href":"https:\/\/grandepremio.com\/br\/wp-json\/wp\/v2\/categories?post=134371"},{"taxonomy":"post_tag","embeddable":true,"href":"https:\/\/grandepremio.com\/br\/wp-json\/wp\/v2\/tags?post=134371"},{"taxonomy":"42wp_author","embeddable":true,"href":"https:\/\/grandepremio.com\/br\/wp-json\/wp\/v2\/42wp_author?post=134371"}],"curies":[{"name":"wp","href":"https:\/\/api.w.org\/{rel}","templated":true}]}}