{"id":134412,"date":"2020-02-04T10:15:00","date_gmt":"2020-02-04T13:15:00","guid":{"rendered":"https:\/\/grandepremio.com\/br\/noticias\/melhor-evento-da-f1-ha-cinco-anos-mexico-tem-historico-de-fatos-marcantes\/"},"modified":"2020-03-11T11:21:09","modified_gmt":"2020-03-11T14:21:09","slug":"melhor-evento-da-f1-ha-cinco-anos-mexico-tem-historico-de-fatos-marcantes","status":"publish","type":"post","link":"https:\/\/grandepremio.com\/br\/f1\/melhor-evento-da-f1-ha-cinco-anos-mexico-tem-historico-de-fatos-marcantes\/","title":{"rendered":"Melhor evento da F1 h\u00e1 cinco anos, M\u00e9xico tem hist\u00f3rico de fatos marcantes"},"content":{"rendered":"\n<div>\n\tNo &uacute;ltimo m&ecirc;s de dezembro, o GP do M&eacute;xico foi eleito pela FIA (Federa&ccedil;&atilde;o Internacional de Automobilismo) como o melhor evento da temporada 2019 da F1. N&atilde;o que fosse uma novidade, j&aacute; que a organiza&ccedil;&atilde;o da prova tamb&eacute;m foi premiada desde que o pa&iacute;s regressou ao calend&aacute;rio do Mundial, em 2015. Sucesso de bilheteria e de cr&iacute;tica, o GP realizado no hist&oacute;rico aut&oacute;dromo Hermanos Rodr&iacute;guez costuma receber mais de 300 mil pessoas ao longo do fim de semana de etapa e contagia f&atilde;s do mundo inteiro por conta da alma que exala da pista e das arquibancadas.<\/div>\n<div>\n\t&nbsp;<\/div>\n<div>\n\tPor tudo o que compreende um fim de semana de F1 nos Hermanos Rodr&iacute;guez, o GP do M&eacute;xico &eacute; um dos mais aguardados de toda a temporada. E tamb&eacute;m &eacute; um dos preferidos para quem gosta de fazer <strong><a href=\"https:\/\/beachsoccerbrasil.com.br\/codigos-de-bonus-bet365\/\"><span >apostas online<\/span><\/a><\/strong>.<br \/>\n\t&nbsp;<\/div>\n<div>\n\tO pa&iacute;s j&aacute; recebeu a F1 em 21 oportunidades e em per&iacute;odos distintos da hist&oacute;ria do esporte. Ao longo dos anos, o GP do M&eacute;xico foi palco de momentos curiosos e tamb&eacute;m marcantes, que ficaram guardados para sempre no imagin&aacute;rio dos f&atilde;s da F1.<\/p>\n<div class=\"imagem-noticia\">\n\t\t<img decoding=\"async\" src=\"https:\/\/s3-us-east-2.amazonaws.com\/cdngp\/main\/uploads\/2020\/02\/20191027222578_Mercedes_LewisHamilton_58_II.jpg\" title=\"Lewis Hamilton (Foto: Mercedes)\" \/><\/div>\n<div class=\"legenda-imagem\">\n\t\t#iconeimagem O GP do M&eacute;xico re&uacute;ne mais de 300 mil pessoas ao longo do fim de semana (Foto: Mercedes)<\/div>\n<\/div>\n<div>\n\t&nbsp;<\/div>\n<div>\n\t<strong>Nome como homenagem<\/strong><\/div>\n<div>\n\t<br \/>\n\tLocalizada no cora&ccedil;&atilde;o da Cidade do M&eacute;xico, o aut&oacute;dromo que recebe o Mundial de F1 nasceu com outro nome. Entregue em 1962, o complexo foi batizado como Magdalena Mixhuca, em refer&ecirc;ncia a um antigo povoado local. Contudo, as autoridades optaram pela mudan&ccedil;a de nome a partir de 1970 por conta dos irm&atilde;os e &iacute;dolos <strong><a href=\"https:\/\/codigosapuestas.mx\/codigo-promocional-caliente\/\"><span >mexicanos<\/span><\/a><\/strong> Ricardo e Pedro Rodr&iacute;guez.&nbsp;<\/div>\n<div>\n\t<br \/>\n\tRicardo foi o primeiro mexicano a disputar uma etapa do Mundial de F1, em 1961, e fez todas as suas cinco corridas pela Ferrari. Como curiosidade, Ricardo foi o mais jovem piloto a guiar pela Ferrari na F1, com apenas 19 anos. Rodr&iacute;guez perdeu a vida em raz&atilde;o de um grave acidente sofrido justamente no M&eacute;xico.<\/p>\n<div class=\"imagem-noticia\">\n\t\t<img decoding=\"async\" src=\"\/images\/2016111810895_Pedro%20Rodriguez%20venceu%20em%201967%20Foto%20Rainer%20Nyberg_II.jpg\" title=\"Pedro Rodr\u00edguez venceu em 1967 (Foto: Rainer Nyberg)\" \/><\/div>\n<div class=\"legenda-imagem\">\n\t\t#iconeimagem Pedro Rodr&iacute;guez venceu o GP da &Aacute;frica do Sul de 1967 (Foto: Rainer Nyberg)<\/div>\n<\/div>\n<div>\n\tAnos depois, foi a vez de o irm&atilde;o mais velho, Pedro, estrear na F1. Sua carreira foi bem mais longeva que a de Ricardo, com 54 GPs disputados entre as temporadas de 1963 e 1971. Pedro foi o primeiro mexicano a triunfar na F1, mas tamb&eacute;m morreu tragicamente por conta de um grave acidente quando disputava uma prova de turismo pela Ferrari em Norisring. Atualmente, o grande &iacute;dolo local na F1 &eacute; Sergio &lsquo;Checo&rsquo; P&eacute;rez, que faz parte do grid desde 2011 e hoje representa a Racing Point.<\/div>\n<div>\n\t&nbsp;<\/div>\n<div>\n\t<br \/>\n\t<strong>Per&iacute;odos sem F1<\/strong><\/div>\n<div>\n\t<br \/>\n\tAinda que seja uma corrida considerada tradicional, o GP do M&eacute;xico teve dois momentos em que ficou ausente do calend&aacute;rio do Mundial de F1. A tr&aacute;gica morte de Pedro Rodr&iacute;guez interrompeu uma sequ&ecirc;ncia que durou entre 1963 e 1970.<\/div>\n<div>\n\t<br \/>\n\tForam 16 anos sem uma corrida de F1 no aut&oacute;dromo Hermanos Rodr&iacute;guez, que regressou ao calend&aacute;rio em 1986, mas somente por um curto per&iacute;odo de sete edi&ccedil;&otilde;es da prova para deixar novamente de receber a F1 depois de 1992.<\/div>\n<div>\n\t<br \/>\n\tSomente em 2015, muito por conta da presen&ccedil;a de P&eacute;rez no grid e tamb&eacute;m impulsionada pelos patroc&iacute;nios das empresas de Carlos Slim, o M&eacute;xico voltou a ser palco do Mundial de F1 a partir de 2015. A curiosidade &eacute; que o GP do M&eacute;xico tem como embaixador o bicampe&atilde;o mundial Emerson Fittipaldi.<\/p>\n<div class=\"imagem-noticia\">\n\t\t<img decoding=\"async\" src=\"https:\/\/s3-us-east-2.amazonaws.com\/cdngp\/main\/uploads\/2020\/02\/2019417811408_patr_mans_will_mexi_1991_II.jpg\" title=\"Riccardo Patrese e Nigel Mansell no GP do M\u00e9xico de 1991 (Foto: Williams\/LAT)\" \/><\/div>\n<div class=\"legenda-imagem\">\n\t\t#iconeimagem Riccardo Patrese e Nigel Mansell no GP do M&eacute;xico de 1991 (Foto: Williams\/LAT)<\/div>\n<\/div>\n<div>\n\t<strong>Lugar especial para a Honda<\/strong><\/div>\n<div>\n\t<br \/>\n\tUma das marcas mais tradicionais e vitoriosas da hist&oacute;ria da F1, a Honda viveu um grande momento no M&eacute;xico. Em 1965, a marca japonesa, que corria com equipe pr&oacute;pria na F1, alcan&ccedil;ou sua primeira vit&oacute;ria na F1. A bordo do RA272, Richie Ginther largou em terceiro lugar e deixou para tr&aacute;s o grande nome da &eacute;poca, Jim Clark, para triunfar no M&eacute;xico.<\/div>\n<div>\n\t<br \/>\n\tComo equipe de f&aacute;brica, a Honda triunfou apenas outras duas vezes na F1: com John Surtees no GP da It&aacute;lia de 1967 e, quase 40 anos depois, com Jenson Button no GP da Hungria de 2006.<\/p>\n<div class=\"imagem-noticia\">\n\t\t<img decoding=\"async\" src=\"\/images\/201510271642705_RichieGinther_II.jpg\" title=\"Pelas m\u00e3os de Richie Ginther, a Honda e a Goodyear venceram pela primeira vez na F1 (Foto: Honda Racing)\" \/><\/div>\n<div class=\"legenda-imagem\">\n\t\t#iconeimagem Pelas m&atilde;os de Richie Ginther, a Honda e a Goodyear venceram pela primeira vez na F1 (Foto: Honda Racing)<\/div>\n<\/div>\n<div>\n\tAtualmente, a Honda &eacute; fornecedora de motores da Red Bull e da Toro Rosso. Com a expectativa de aumento de pot&ecirc;ncia das suas unidades motrizes, a <strong><a href=\"https:\/\/grandepremio.com\/br\/f1\/noticias\/red-bull-projeta-bom-aumento-de-potencia-da-honda-nao-temos-mais-desculpas\"><span >Red Bull se v&ecirc; sem desculpas para lutar desde o in&iacute;cio pelo t&iacute;tulo da F1 em 2020<\/span><\/a><\/strong>.<\/div>\n<div>\n\t&nbsp;<\/div>\n<div>\n\t<br \/>\n\t<strong>Surpresa no retorno<\/strong><\/div>\n<div>\n\t<br \/>\n\tA F1 teve um dos seus melhores e mais marcantes grids da hist&oacute;ria nos anos 1980. Em meados daquela d&eacute;cada, o M&eacute;xico voltava a receber o Mundial no dia 12 de outubro de 1986. Pilotos do quilate de Nelson Piquet, Ayrton Senna, Alain Prost, Nigel Mansell e Keke Rosberg largaram naquele GP que marcava o regresso do pa&iacute;s ao calend&aacute;rio. Mas a festa n&atilde;o ficou com nenhum deles.<\/div>\n<div>\n\t<br \/>\n\tA pole daquele GP do M&eacute;xico ficou com Senna, que liderou uma primeira fila toda brasileira com a Lotus, com Piquet, da Williams, largando em segundo. Mansell partiu em terceiro com a outra Williams, enquanto a surpresa, Gerhard Berger, largava em quarto com a Benetton empurrada pelo motor BMW.<br \/>\n\t&nbsp;<\/div>\n<div>\n\tO grande &lsquo;pulo do gato&rsquo; do austr&iacute;aco foi a estrat&eacute;gia. Por contar com pneus mais dur&aacute;veis, fornecidos pela Pirelli, Berger obteve vantagem na luta contra os rivais, reconhecidamente com carros mais r&aacute;pidos que a Benetton, mas que tinham pneus Goodyear, que se desgastaram mais naquela tarde. Assim, Berger n&atilde;o precisou fazer seu pit-stop &mdash; &agrave; &eacute;poca, n&atilde;o havia a obrigatoriedade de efetuar a troca de pneus &mdash; e venceu a corrida, seguido por Prost e Senna. Aquele foi o primeiro triunfo de Gehard na F1.<\/div>\n<div>\n\t&nbsp;<\/div>\n<div>\n\t<br \/>\n\t<strong>A capotagem de Senna<\/strong><\/div>\n<div>\n\t<br \/>\n\tO ano era 1991. Senna lutava pelo tricampeonato e encarava mais uma jornada na temporada, a sexta do ano. Em 14 de junho, durante treinos livres para o GP do M&eacute;xico, o brasileiro perdeu o controle da sua McLaren em uma das curvas mais r&aacute;pidas e desafiadoras da &eacute;poca, a Peraltada. Ayrton bateu forte na barreira de pneus e, com o impacto, capotou, ficando com o carro de cabe&ccedil;a para baixo.<br \/>\n\t<\/p>\n<div class=\"embed-responsive embed-responsive-16by9\">\n\t\t<\/div>\n<p>\n\tPouco depois, reportagens mostraram que o trecho da Peraltada estava em condi&ccedil;&otilde;es inseguras, com direito at&eacute; a um peda&ccedil;o de madeira servir como &lsquo;remendo&rsquo; da pista. O ano seguinte foi o &uacute;ltimo da F1 nos Hermanos Rodr&iacute;guez antes das obras de moderniza&ccedil;&atilde;o da pista, que voltou a sediar uma etapa do campeonato em 2015, j&aacute; sem a Peraltada, <strong><a href=\"https:\/\/www.grandepremio.com\/br\/formula-e\/noticias\/fe-elimina-chicanes-ressuscita-peraltada-e-altera-tracado-do-ep-do-mexico\">que foi ressuscitada para o eP da Cidade do M&eacute;xico, marcado para 15 de fevereiro<\/a><\/strong>.<\/div>\n<div>\n\t<br \/>\n\tPara Senna, aquela batida foi s&oacute; um susto. No domingo, o piloto da McLaren n&atilde;o teve como segurar o ritmo das dominantes Williams de Riccardo Patrese e Nigel Mansell, mas terminou em terceiro. Meses depois, o brasileiro confirmou a conquista do tricampeonato mundial.<\/div>\n<div class=\"embed-responsive embed-responsive-16by9\">\n\t<\/div>\n<p><\/p>\n<div>\n<\/div>\n<p><\/p>\n","protected":false},"excerpt":{"rendered":"<p>Sucesso de bilheteria e com mais de 300 mil espectadores no Aut&oacute;dromo Hermanos Rodr&iacute;guez nos &uacute;ltimos anos, o GP do M&eacute;xico foi considerado pela FIA o melhor evento de F1 de forma consecutiva desde seu retorno ao calend&aacute;rio, em 2015. Mas muito antes a etapa latina j&aacute; deixava sua marca no esporte por conta de alguns momentos hist&oacute;ricos e curiosos<\/p>\n","protected":false},"author":0,"featured_media":0,"comment_status":"closed","ping_status":"closed","sticky":false,"template":"","format":"standard","meta":{"42wp_featured_image_caption":"","42wp_featured_image_credits":"","42wp_featured_video":"","42wp_featured_image_hidden":false,"42wp_authors_list":[],"footnotes":""},"categories":[2],"tags":[147,118,219,353,220],"42wp_author":[47109],"class_list":["post-134412","post","type-post","status-publish","format-standard","hentry","category-f1","tag-f1","tag-f1-2020","tag-grande-prmio","tag-mexico-gp","tag-warm-up","42wp_author-redacao-gp"],"_links":{"self":[{"href":"https:\/\/grandepremio.com\/br\/wp-json\/wp\/v2\/posts\/134412","targetHints":{"allow":["GET"]}}],"collection":[{"href":"https:\/\/grandepremio.com\/br\/wp-json\/wp\/v2\/posts"}],"about":[{"href":"https:\/\/grandepremio.com\/br\/wp-json\/wp\/v2\/types\/post"}],"replies":[{"embeddable":true,"href":"https:\/\/grandepremio.com\/br\/wp-json\/wp\/v2\/comments?post=134412"}],"version-history":[{"count":0,"href":"https:\/\/grandepremio.com\/br\/wp-json\/wp\/v2\/posts\/134412\/revisions"}],"wp:attachment":[{"href":"https:\/\/grandepremio.com\/br\/wp-json\/wp\/v2\/media?parent=134412"}],"wp:term":[{"taxonomy":"category","embeddable":true,"href":"https:\/\/grandepremio.com\/br\/wp-json\/wp\/v2\/categories?post=134412"},{"taxonomy":"post_tag","embeddable":true,"href":"https:\/\/grandepremio.com\/br\/wp-json\/wp\/v2\/tags?post=134412"},{"taxonomy":"42wp_author","embeddable":true,"href":"https:\/\/grandepremio.com\/br\/wp-json\/wp\/v2\/42wp_author?post=134412"}],"curies":[{"name":"wp","href":"https:\/\/api.w.org\/{rel}","templated":true}]}}