{"id":134415,"date":"2019-07-10T05:30:00","date_gmt":"2019-07-10T08:30:00","guid":{"rendered":"https:\/\/grandepremio.com\/br\/noticias\/com-gasly-na-berlinda-quem-sao-e-onde-estao-as-opcoes-da-red-bull-para-2020\/"},"modified":"2020-05-17T02:36:52","modified_gmt":"2020-05-17T05:36:52","slug":"com-gasly-na-berlinda-quem-sao-e-onde-estao-as-opcoes-da-red-bull-para-2020","status":"publish","type":"post","link":"https:\/\/grandepremio.com\/br\/f1\/com-gasly-na-berlinda-quem-sao-e-onde-estao-as-opcoes-da-red-bull-para-2020\/","title":{"rendered":"Com Gasly na berlinda, quem s\u00e3o e onde est\u00e3o as op\u00e7\u00f5es da Red Bull para 2020"},"content":{"rendered":"\n<div>\n\tA <strong><a href=\"https:\/\/www.grandepremio.com\/br\/f1\"><span>F&oacute;rmula 1<\/span><\/a><\/strong> j&aacute; adentrou &agrave;quela fase em que as especula&ccedil;&otilde;es ganham tanto ou mais destaque do que aquilo que acontece nas pistas. E a <strong><a href=\"https:\/\/www.grandepremio.com\/br\/f1\/noticias\/ocon-na-renault-e-hulkenberg-na-red-bull-a-silly-season-da-f1-ja-comecou\"><span>Red Bull &eacute; uma das protagonistas da nova temporada da &lsquo;silly season&rsquo;<\/span><\/a><\/strong>. Acontece que a equipe austr&iacute;aca n&atilde;o esconde mais a insatisfa&ccedil;&atilde;o com a pouca performance apresentada por Pierre Gasly em 2019, e isso j&aacute; abre um leque de possibilidades no quebra-cabe&ccedil;a que &eacute; a forma&ccedil;&atilde;o do grid, e que pode, inclusive, testemunhar algo rar&iacute;ssimo: ver o time procurar op&ccedil;&otilde;es fora do severo programa de pilotos coordenado pelo igualmente implac&aacute;vel Helmut Marko. O caso &eacute; que <strong><a href=\"https:\/\/www.grandepremio.com\/br\/f1\/noticias\/gasly-reconhece-que-destruiu-pneus-e-comprometeu-resultado-na-austria\"><span>Pierre vem um campeonato discreto, err&aacute;tico<\/span><\/a><\/strong> e n&atilde;o parece capaz de enfrentar Max Verstappen. Mesmo tendo o forte holand&ecirc;s ao lado e a paci&ecirc;ncia da equipe, <strong><a href=\"https:\/\/www.grandepremio.com\/br\/f1\/noticias\/chefe-da-red-bull-ve-passo-a-frente-mas-reconhece-que-gasly-ainda-nao-esta-totalmente-confortavel-com-carro\"><span>o franc&ecirc;s deixa a desejar<\/span><\/a><\/strong>.&nbsp;<\/div>\n<div>\n\t&nbsp;<\/div>\n<div>\n\tNeste momento, com nove etapas disputadas at&eacute; aqui, <strong><a href=\"https:\/\/www.grandepremio.com\/br\/f1\/classificacao\"><span>Gasly aparece na sexta coloca&ccedil;&atilde;o da tabela, com 43 pontos<\/span><\/a><\/strong>. Com 126 tentos, Verstappen &eacute; o terceiro melhor da classifica&ccedil;&atilde;o, atr&aacute;s apenas dos dois pilotos da Mercedes. Max, inclusive, j&aacute; tem vit&oacute;ria no bolso. A quest&atilde;o &eacute; que Pierre n&atilde;o apresenta o mesmo ritmo que o companheiro e suas atitudes <strong><a href=\"https:\/\/www.grandepremio.com\/br\/f1\/noticias\/red-bull-nega-problemas-no-carro-de-gasly-e-avisa-precisa-trazer-resultados\"><span>dentro da equipe parecem fortalecer a muni&ccedil;&atilde;o de seus cr&iacute;ticos<\/span><\/a><\/strong>.&nbsp;<br \/>\n\t&nbsp;<\/div>\n<div>\n\tComo &eacute; de costume, a press&atilde;o come&ccedil;a cedo na Red Bull. E Gasly viveu um in&iacute;cio complicado, marcado por dois acidentes s&eacute;rios na pr&eacute;-temporada. Depois, teve apenas bons momentos, como no Bahrein, China, Azerbaij&atilde;o e M&ocirc;naco. Muito pouco diante do que faz Verstappen. Al&eacute;m disso, h&aacute; a insist&ecirc;ncia em querer moldar o time para si &ndash; <strong><a href=\"https:\/\/www.grandepremio.com\/br\/f1\/noticias\/consultor-da-red-bull-aumenta-pressao-e-detona-gasly-deu-errado-desde-o-comeco\"><span>algo que vem irritando a c&uacute;pula energ&eacute;tica<\/span><\/a><\/strong>.&nbsp;&nbsp;<\/div>\n<div>\n<div class=\"imagem-noticia\">\n\t\t<img decoding=\"async\" src=\"https:\/\/www.grandepremio.com\/br\/wp-content\/uploads\/2019\/07\/20196487437_Marko_II.jpg\" title=\"Helmut Marko (Foto: Red Bull)\" \/><\/div>\n<div class=\"legenda-imagem\">\n\t\t#iconeimagem Helmut Marko, o severo consultor e respons&aacute;vel pelos pilotos da Red Bull (Foto: Red Bull)<\/div>\n<\/div>\n<div>\n\t&quot;Gasly n&atilde;o superou as expectativas. Ele tem de corresponder agora&quot;, j&aacute; brada o consultador da Red Bull. De fato, Gasly se encontra na berlinda e, para seu azar, &eacute; ref&eacute;m da pouqu&iacute;ssima toler&acirc;ncia que a esquadra de Dietrich Mateschitz possui com aqueles que n&atilde;o entregam os resultados esperados. Ao longo da hist&oacute;ria, &eacute; not&oacute;rio perceber que a Red Bull se desfaz rapidamente de quem n&atilde;o lhe agrada. A lista &eacute; grande e tem nomes como os campe&otilde;es da F&oacute;rmula E, S&eacute;bastien Buemi e Jean-&Eacute;ric Vergne. Da&iacute; a margem para os rumores.<\/div>\n<div>\n\t&nbsp;<\/div>\n<div>\n\t&quot;Tudo deu errado desde o come&ccedil;o, com os dois acidentes em Barcelona, e ele j&aacute; estava preocupado. Ent&atilde;o fez boa corrida no Bahrein, onde foi eliminado em raz&atilde;o de um erro t&eacute;cnico da nossa parte, e fez uma boa corrida em M&ocirc;naco. Quando ele pilota sozinho, sempre h&aacute; bons tempos de volta, mas o pacote no geral n&atilde;o se encaixa&quot;.<\/div>\n<div>\n\t&nbsp;<\/div>\n<div>\n\tDiante do drama vivido por Gasly e do cen&aacute;rio que come&ccedil;a a se formar, &eacute; preciso entender como o franc&ecirc;s alcan&ccedil;ou esse ponto cr&iacute;tico, para tamb&eacute;m compreender quem s&atilde;o e onde est&atilde;o as possibilidades que a Red Bull possui para 2020. E, sim, h&aacute; op&ccedil;&otilde;es interessantes e que podem chacoalhar o grid na pr&oacute;xima temporada.<\/div>\n<div>\n\t&nbsp;<\/div>\n<div>\n<div style=\"float: left;margin-right: 15px;margin-bottom:15px\">\n\t\t<\/div>\n<p>\t<strong>O que acontece com Gasly?<\/strong><\/div>\n<div>\n\t&nbsp;<\/div>\n<div>\n\tHoje com 23 anos, Gasly faz parte da renova&ccedil;&atilde;o do automobilismo franc&ecirc;s, que tem investido pesado com sua federa&ccedil;&atilde;o para ter mais e mais pilotos nas principais categorias do mundo. Destaque nos tempos de kart, Pierre foi aos monopostos em 2011 e, com algumas oscila&ccedil;&otilde;es, concluiu o plano de chegar &agrave; F1 em 2017.<\/div>\n<div>\n\t&nbsp;<\/div>\n<div>\n\tO caminho real para a F1 come&ccedil;ou na F4 Francesa, seu primeiro passo depois do kart. O t&iacute;tulo n&atilde;o veio, mas o acesso para a F-Renault estava garantido. 2012 foi um ano em que Gasly esteve completamente irreconhec&iacute;vel e sequer vit&oacute;rias teve, precisando seguir na mesma categoria no ano seguinte para, dominante, sagrar-se campe&atilde;o. Era o primeiro grande momento de montanha-russa.<\/div>\n<div>\n\t&nbsp;<\/div>\n<div>\n\tA temporada 2014 foi a que mostrou pela primeira vez que, sim, Pierre tinha potencial para estar no grid da F1 em pouco tempo. Em um dos melhores campeonatos da World Series nos &uacute;ltimos anos, o franc&ecirc;s acabou com o vice ao perder para o promissor Carlos Sainz Jr. De quebra, foi ali que assinou com a Red Bull e entrou para o programa de jovens, algo que mudaria sua vida.<\/div>\n<div>\n<div class=\"imagem-noticia\">\n\t\t<img decoding=\"async\" src=\"https:\/\/www.grandepremio.com\/br\/wp-content\/uploads\/2019\/07\/201964733408_GaslyRedBull_II.jpg\" title=\"Pierre Gasly e Christian Horner (Foto: AFP)\" \/><\/div>\n<div class=\"legenda-imagem\">\n\t\t#iconeimagem Pierre Gasly vem sofrendo press&atilde;o de todos os lados (Foto: AFP)<\/div>\n<\/div>\n<div>\n\tO acesso para a ent&atilde;o GP2 foi garantido em 2015, alinhando com uma Dams que n&atilde;o era tudo isso. No entanto, o resultado poderia ter sido melhor que um oitavo lugar empatado com o companheiro de equipe Alex Lynn, que hoje est&aacute; na F&oacute;rmula E. Em 2016, pela Prema, bateu Antonio Giovinazzi em um bom duelo e foi campe&atilde;o, fazendo o que parecia ser suficiente para estar na F1.<br \/>\n\t&nbsp;<\/div>\n<div>\n\tMas a&iacute; entrou em cena Helmut Marko com seu famoso temperamento. Quando Gasly, na empolga&ccedil;&atilde;o, falou como piloto da Toro Rosso para 2017, o guru da Red Bull tratou de cortar as asinhas do jovem e garantiu que n&atilde;o teria vaga para o franc&ecirc;s.<\/div>\n<div>\n\t&nbsp;<\/div>\n<div>\n\tA&iacute;, muito mais por orgulho que por qualquer outra coisa, a Toro Rosso de 2017 foi um caos completo. Come&ccedil;ou o ano com Sainz e com um contestad&iacute;ssimo e rebaixado Daniil Kvyat, a&iacute; Sainz foi para a Renault, Brendon Hartley saiu do WEC para ganhar uma chance j&aacute; perto dos 30 anos e, ap&oacute;s mais um rebaixamento de Kvyat, chegou a hora de Gasly.<\/div>\n<div>\n\t&nbsp;<\/div>\n<div style=\"float: left;margin-right: 15px;margin-bottom:15px\">\n\t<\/div>\n<div>\n\tO franc&ecirc;s estava no Jap&atilde;o tendo talvez a melhor performance de um jovem na Super Formula nos &uacute;ltimos anos e s&oacute; perdeu o t&iacute;tulo por uma corrida cancelada. Chamado na correria para tapar buraco na Toro Rosso, foi discreto, mas melhor que Hartley nas provas que fecharam aquela temporada.<\/div>\n<div>\n\t&nbsp;<\/div>\n<div>\n\tEm 2018, finalmente a titularidade desde o in&iacute;cio. O carro n&atilde;o era bom, ainda era come&ccedil;o de adapta&ccedil;&atilde;o com o motor Honda, mas algumas provas chamaram muito a aten&ccedil;&atilde;o de todos. Primeiro que Gasly dominou Hartley o ano inteiro, mas tamb&eacute;m fez sua parte com bastante compet&ecirc;ncia: sexto na Hungria, s&eacute;timo em M&ocirc;naco e um espetacular quarto lugar no Bahrein.<\/div>\n<div>\n\t&nbsp;<\/div>\n<div>\n\tTudo indicava que 2019 seria o ano de consolida&ccedil;&atilde;o para depois pensar em Red Bull, mas a sa&iacute;da surpreendente de Daniel Ricciardo para a Renault fez tudo mudar e Gasly, de forma precoce, foi parar no time principal da marca de energ&eacute;ticos.<\/div>\n<div>\n<div class=\"imagem-noticia\">\n\t\t<img decoding=\"async\" src=\"https:\/\/www.grandepremio.com\/br\/wp-content\/uploads\/2019\/07\/2019630125441_RedBull_MaxVerstappen_43_II.jpg\" title=\"Max Verstappen (Foto: Getty Images\/Red Bull Content Pool)\" \/><\/div>\n<div class=\"legenda-imagem\">\n\t\t#iconeimagem Max Verstappen ofusca Gasly (Foto: Getty Images\/Red Bull Content Pool)<\/div>\n<\/div>\n<div>\n\t<strong>Quem s&atilde;o os candidatos e quais suas chances<\/strong><\/div>\n<div>\n\t&nbsp;<\/div>\n<div style=\"float: left;margin-right: 15px;margin-bottom:15px\">\n\t<\/div>\n<div>\n\t<strong>Alexander Albon, 23 anos:<\/strong> A op&ccedil;&atilde;o natural para a Red Bull &eacute; seguir a linha que vem adotando desde que entrou na F1 e trabalhar na continuidade, ou seja, promovendo algu&eacute;m da Toro Rosso. Mais jovem e com resultados recentes melhores que o do companheiro, Albon, em tese, seria a primeira op&ccedil;&atilde;o para o time austr&iacute;aco.<\/div>\n<div>\n\t&nbsp;<\/div>\n<div>\n\tAinda que, assim como Gasly, tenha tido seus desentendimentos com Marko, Albon tem um claro prest&iacute;gio na organiza&ccedil;&atilde;o. Vale lembrar, por exemplo, que o tailand&ecirc;s foi pescado de fora do programa de jovens da Red Bull para assumir um cockpit na Toro Rosso. O que joga contra &eacute; que, por mais que seja talentoso e tenha feito &oacute;timo trabalho na F2 e nas demais categorias de base, tem menos tempo de F1 do que Gasly tinha quando subiu. Seria extremamente precoce.<\/div>\n<div>\n\t&nbsp;<\/div>\n<div>\n\t<strong>Daniil Kvyat, 25 anos:<\/strong> Pode faltar bastante coisa, mas experi&ecirc;ncia &eacute; algo que Kvyat tem de sobra. Contratado, demitido, renovado, rebaixado, promovido&#8230; Enfim, o russo praticamente passou por todos os est&aacute;gios que um piloto pode encarar. E sobreviveu.&nbsp;<\/div>\n<div>\n\t&nbsp;<\/div>\n<div>\n\tAcontece que, por mais que a Red Bull tenha suas escolhas bem question&aacute;veis, chamar Kvyat de volta seria a maior delas. Ainda muito err&aacute;tico, o russo perdeu totalmente a m&atilde;o depois do rebaixamento para a promo&ccedil;&atilde;o de Max Verstappen e parece apenas tapar buraco na Toro Rosso. De toda forma, pode ser tratado como bola de seguran&ccedil;a pelos austr&iacute;acos.<\/div>\n<div>\n<div class=\"imagem-noticia\">\n\t\t<img decoding=\"async\" src=\"https:\/\/www.grandepremio.com\/br\/wp-content\/uploads\/2019\/07\/20196271129254_ToroRosso_AlexanderAlbon_01_II.jpg\" title=\"Alexander Albon (Foto: Getty Images\/Red Bull Content Pool)\" \/><\/div>\n<div class=\"legenda-imagem\">\n\t\t#iconeimagem Alexander Albon seria a escolha natural (Foto: Getty Images\/Red Bull Content Pool)<\/div>\n<\/div>\n<div>\n\t<strong>J&uuml;ri Vips, 18 anos:<\/strong> Talvez a&iacute; esteja a melhor op&ccedil;&atilde;o caso a Red Bull pense em insistir mais um pouco com Gasly. Vips &eacute; muito promissor, muito talentoso e tem s&oacute; 18 anos de idade. Por uma Hitech que n&atilde;o &eacute; grandes coisas, ocupa a terceira posi&ccedil;&atilde;o na temporada da F3 e vem de luta por t&iacute;tulo na F3 Europeia e t&iacute;tulo na F4 Alem&atilde;. O estoniano foi recrutado para o programa de jovens dos taurinos n&atilde;o tem nem um ano, mas j&aacute; &eacute; um &oacute;timo candidato.<\/div>\n<div>\n\t&nbsp;<\/div>\n<div>\n\t<strong>Lucas Auer, 24 anos: <\/strong>Bem mais velho que outros nomes do programa de jovens, o sobrinho de Gerhard Berger sempre pareceu uma boa op&ccedil;&atilde;o na F1, mas n&atilde;o para uma equipe do tamanho da Red Bull. Auer entrou para o programa apenas este ano e tem a seu favor o fato de estar trilhando uma longa prepara&ccedil;&atilde;o, com F3 Europeia, Super Formula e at&eacute; anos de DTM, sempre com resultados relevantes. De todo modo, seria no m&iacute;nimo engra&ccedil;ado uma dupla formada por dois pilotos que estiveram juntos no fort&iacute;ssimo grid da F3 Europeia de 2014 e se separaram por cinco anos em rela&ccedil;&atilde;o &agrave; data de entrada na F1.<\/div>\n<div>\n\t&nbsp;<\/div>\n<div class=\"embed-responsive embed-responsive-16by9\">\n\t<\/div>\n<div>\n\t<strong>Pato O&#039;Ward, 20 anos: <\/strong>Meses atr&aacute;s, quando a Red Bull buscou O&#039;Ward na Indy, estava claro que era efeito do in&iacute;cio ruim de Gasly e da falta de confian&ccedil;a nos pilotos da Toro Rosso. Acontece que Pato caiu muito de l&aacute; para c&aacute; e n&atilde;o aproveitou nem um pouco o final de semana que teve na F2. Agora, j&aacute; fora da Indy, vai tentar a superlicen&ccedil;a no Jap&atilde;o e precisar&aacute; mostrar muito para n&atilde;o ter o mesmo fim que Dan Ticktum, chutado recentemente pelos austr&iacute;acos ap&oacute;s estar perto da Toro Rosso no ano passado.<\/div>\n<div>\n\t&nbsp;<\/div>\n<div>\n\t<strong>Yuki Tsunoda e Liam Lawson, 19 e 17 anos, respectivamente:<\/strong> Os dois s&atilde;o completamente azar&otilde;es no poss&iacute;vel processo de substitui&ccedil;&atilde;o de Gasly. O japon&ecirc;s conta com o apoio da Honda no programa de jovens, enquanto o neozeland&ecirc;s &eacute; o ca&ccedil;ulinha. Ambos est&atilde;o bem apagados na temporada 2019 da F3, ou seja, j&aacute; perdem bem no comparativo direto com Vips.<\/div>\n<div>\n<div class=\"imagem-noticia\">\n\t\t<img decoding=\"async\" src=\"https:\/\/www.grandepremio.com\/br\/wp-content\/uploads\/2019\/07\/201971126769_Patricio-OWard-MP-F2-\u00c1ustria_II.jpg\" title=\"Patricio OWard (Foto: F2)\" \/><\/div>\n<div class=\"legenda-imagem\">\n\t\t#iconeimagem Patricio OWard, a surpreendente escolha da Red Bull (Foto: F2)<\/div>\n<\/div>\n<div>\n\t<strong>Faixa B&ocirc;nus:<\/strong><\/div>\n<div>\n\t&nbsp;<\/div>\n<div style=\"float: left;margin-right: 15px;margin-bottom:15px\">\n\t<\/div>\n<div>\n\t<strong>Nico H&uuml;lkenberg, 31 anos:<\/strong> H&uuml;lk certamente n&atilde;o tem o perfil de piloto que a Red Bull costuma contratar, mas parece ser a bola da vez no que seria uma esp&eacute;cie de troco dos austr&iacute;acos na Renault, que levou Ricciardo ao final de 2018. Em &oacute;tima forma mesmo em um carro que n&atilde;o &eacute; l&aacute; muito competitivo, Nico sempre pareceu merecer ter equipamento para vencer corridas e brigar por t&iacute;tulo. Mas agora? Aos 31 anos?<\/div>\n<div>\n\t&nbsp;<\/div>\n<div>\n\tN&atilde;o seria muito comum, mas parece realmente insatisfeito com a Renault e, dois anos atr&aacute;s, quase foi parar na Mercedes. Por tudo isso, apesar da idade, d&aacute; para acreditar no alem&atilde;o na Red Bull, sim.<\/div>\n<div>\n\t&nbsp;<\/div>\n<div>\n\t<strong>Esteban Ocon, 22 anos: <\/strong>Ainda n&atilde;o tem nada que indique que Ocon seja uma op&ccedil;&atilde;o e convenhamos que imagin&aacute;-lo ao lado de Verstappen &eacute; quase uma loucura total, j&aacute; que s&atilde;o grandes rivais h&aacute; anos, mas n&atilde;o custa sonhar, n&eacute;?<br \/>\n\t&nbsp;<\/div>\n<div>\n\tA Mercedes j&aacute; avisou que encerra v&iacute;nculo com o franc&ecirc;s caso Ocon tope mudar de equipe, ent&atilde;o parece que s&oacute; um time grande mesmo possa tir&aacute;-lo dos prateados. Se Valtteri Bottas renovar, pode ser que Esteban pinte no mercado.<br \/>\n\t&nbsp;<\/div>\n<div class=\"embed-responsive embed-responsive-16by9\">\n\t<\/div>\n<p><\/p>\n<table bgcolor=\"#808080\" border=\"1\" cellpadding=\"1\" cellspacing=\"1\" style=\"width: 100%\">\n<tbody>\n<tr>\n<td>\n\t\t\t\t<span style=\"font-size:18px\"><strong><span style=\"color: #000000\">Paddockast #24<br \/>\n\t\t\t\tA BATALHA: Indy x MotoGP<\/span><\/strong><\/span><br \/>\n\t\t\t\t<br \/>\n\t\t\t\tOu&ccedil;a: <a href=\"http:\/\/open.spotify.com\/show\/5OBbp8MzxQymoyneX4IviF?si=gYqPr53GSaa-AcxFpOzJHg\">Spotify<\/a> | <a href=\"http:\/\/podcasts.apple.com\/br\/podcast\/paddockast\/id1371540198\">iTunes<\/a> | <a href=\"http:\/\/www.subscribeonandroid.com\/www.central3.com.br\/category\/podcasts\/paddockast\/feed\/podcast\/\">Android<\/a> | <a href=\"http:\/\/player.fm\/series\/paddockast\">playerFM<\/a><\/td>\n<\/tr>\n<\/tbody>\n<\/table>\n<p><\/p>\n<div>\n<\/div>\n<p><\/p>\n","protected":false},"excerpt":{"rendered":"<p>A Red Bull novamente se v&ecirc; no centro das especula&ccedil;&otilde;es na &lsquo;silly season&rsquo; da F1. Notoriamente insatisfeita com Pierre Gasly, a equipe dos energ&eacute;ticos deve sofrer nova mudan&ccedil;a de dupla para 2020. Mas quem s&atilde;o os candidatos e quais as chances para assumir o lugar do cada vez mais contestado Gasly? <\/p>\n","protected":false},"author":0,"featured_media":0,"comment_status":"closed","ping_status":"closed","sticky":false,"template":"","format":"standard","meta":{"42wp_featured_image_caption":"","42wp_featured_image_credits":"","42wp_featured_video":"","42wp_featured_image_hidden":false,"42wp_authors_list":[],"footnotes":""},"categories":[2],"tags":[147,219,915,258,203,676,204,1498,1396],"42wp_author":[47115],"class_list":["post-134415","post","type-post","status-publish","format-standard","hentry","category-f1","tag-f1","tag-grande-prmio","tag-grid","tag-helmut-marko","tag-max-verstappen","tag-pierre-gasly","tag-red-bull","tag-temporada-2019","tag-vaga","42wp_author-evelyn-guimaraes"],"_links":{"self":[{"href":"https:\/\/grandepremio.com\/br\/wp-json\/wp\/v2\/posts\/134415","targetHints":{"allow":["GET"]}}],"collection":[{"href":"https:\/\/grandepremio.com\/br\/wp-json\/wp\/v2\/posts"}],"about":[{"href":"https:\/\/grandepremio.com\/br\/wp-json\/wp\/v2\/types\/post"}],"replies":[{"embeddable":true,"href":"https:\/\/grandepremio.com\/br\/wp-json\/wp\/v2\/comments?post=134415"}],"version-history":[{"count":0,"href":"https:\/\/grandepremio.com\/br\/wp-json\/wp\/v2\/posts\/134415\/revisions"}],"wp:attachment":[{"href":"https:\/\/grandepremio.com\/br\/wp-json\/wp\/v2\/media?parent=134415"}],"wp:term":[{"taxonomy":"category","embeddable":true,"href":"https:\/\/grandepremio.com\/br\/wp-json\/wp\/v2\/categories?post=134415"},{"taxonomy":"post_tag","embeddable":true,"href":"https:\/\/grandepremio.com\/br\/wp-json\/wp\/v2\/tags?post=134415"},{"taxonomy":"42wp_author","embeddable":true,"href":"https:\/\/grandepremio.com\/br\/wp-json\/wp\/v2\/42wp_author?post=134415"}],"curies":[{"name":"wp","href":"https:\/\/api.w.org\/{rel}","templated":true}]}}