{"id":134448,"date":"2019-07-09T12:46:00","date_gmt":"2019-07-09T15:46:00","guid":{"rendered":"https:\/\/grandepremio.com\/br\/noticias\/campeao-da-taca-jp-de-oliveira-gustavo-ariel-assume-lideranca-geral-da-copa-gp-de-kart-confira-classificacao\/"},"modified":"2020-05-17T02:42:55","modified_gmt":"2020-05-17T05:42:55","slug":"campeao-da-taca-jp-de-oliveira-gustavo-ariel-assume-lideranca-geral-da-copa-gp-de-kart-confira-classificacao","status":"publish","type":"post","link":"https:\/\/grandepremio.com\/br\/grande-premio\/campeao-da-taca-jp-de-oliveira-gustavo-ariel-assume-lideranca-geral-da-copa-gp-de-kart-confira-classificacao\/","title":{"rendered":"Campe\u00e3o da Ta\u00e7a JP de Oliveira, Gustavo Ariel assume lideran\u00e7a geral da Copa GP de Kart. Confira classifica\u00e7\u00e3o"},"content":{"rendered":"\n<div>\n\tA &uacute;ltima etapa da Copa GP de Kart, realizada no s&aacute;bado (6), decidiu <a href=\"https:\/\/www.grandepremio.com\/br\/copa-grande-premio-kart\/noticias\/gustavo-ariel-e-campeao-da-taca-jp-de-oliveira-helio-jr-vence-bateria-final-na-granja-viana\">o t&iacute;tulo da Ta&ccedil;a Jo&atilde;o Paulo de Oliveira<\/a>. <a href=\"https:\/\/www.grandepremio.com\/br\/copa-grande-premio-kart\/noticias\/campeao-gustavo-ariel-cita-boa-estrategia-em-prova-decisiva-e-celebra-vaga-nas-500-milhas-muito-feliz\">Gustavo Ariel<\/a> ficou com o caneco do segundo mini-torneio do ano ao somar 62 pontos, seis a mais do que Sidney Rog&eacute;rio, o vice-campe&atilde;o. Os dois est&atilde;o garantidos na Scuderia GP, que vai disputar as 500 Milhas da Granja Viana. H&eacute;lio Jr acabou em terceiro lugar, com 52 pontos.&nbsp;<\/div>\n<div>\n\t&nbsp;<\/div>\n<div>\n\tO terceiro lugar na sexta etapa tamb&eacute;m rendeu a Ariel os pontos necess&aacute;rios para assumir a lideran&ccedil;a geral do campeonato, que nas cinco etapas anteriores ficou nas m&atilde;os de Rog&eacute;rio. Ariel chegou aos 88 pontos, um a mais do que Rog&eacute;rio.&nbsp;<\/div>\n<div>\n<div class=\"imagem-noticia\">\n\t\t<img decoding=\"async\" src=\"https:\/\/www.grandepremio.com\/br\/wp-content\/uploads\/2019\/07\/2019791248905_IMG_6219_II.jpg\" title=\"Gustavo Ariel (Foto: Gabriel Pedreschi)\" \/><\/div>\n<div class=\"legenda-imagem\">\n\t\t#iconeimagem Gustavo Ariel (Foto: Gabriel Pedreschi)<\/div>\n<\/div>\n<div>\n\tQuarto colocado na &uacute;ltima etapa do campeonato, F&aacute;bio Nakiri aparece em terceiro lugar na classifica&ccedil;&atilde;o geral com 84 pontos. <a href=\"https:\/\/www.grandepremio.com\/br\/copa-grande-premio-kart\/noticias\/vencedor-da-sexta-etapa-da-copa-gp-de-kart-helio-jr-fala-em-dia-perfeito\">O vitorioso H&eacute;lio Jr<\/a> deu o maior salto na tabela e agora aparece em quarto lugar com 82 pontos. J&aacute; as maiores quedas ficaram com Paulo Sant&#039;Anna e Saulo Rigui, agora oitavo e 13&ordm; respectivamente.<\/div>\n<div>\n\t&nbsp;<\/div>\n<div>\n\tCom os dez pontos conquistados na etapa, Willian Carvalho agora tem 19 pontos e aparece em 21&ordm; lugar, sua melhor posi&ccedil;&atilde;o na tabela at&eacute; aqui. E Paulo David, que somaria seus primeiros pontos na tabela de classifica&ccedil;&atilde;o, acabou perdendo os tr&ecirc;s tentos por receber uma advert&ecirc;ncia da dire&ccedil;&atilde;o de prova.<\/div>\n<div>\n\t&nbsp;<\/div>\n<div>\n\tA s&eacute;tima etapa da Copa GP de Kart abre o terceiro e &uacute;ltimo mini-torneio do ano, a Ta&ccedil;a Grande Pr&ecirc;mio 25 anos. O campe&atilde;o garante um lugar automaticamente na Scuderia GP que correr&aacute; as 500 Milhas pelo terceiro ano consecutivo.&nbsp;<\/p>\n<div class=\"imagem-noticia\">\n\t\t<img decoding=\"async\" src=\"https:\/\/www.grandepremio.com\/br\/wp-content\/uploads\/2019\/07\/20197912463_Classifica\u00e7\u00e3o-geral_O.png\" title=\"Classifica\u00e7\u00e3o geral\" \/><\/div>\n<div class=\"legenda-imagem\">\n\t\t#iconeimagem Classifica&ccedil;&atilde;o geral<\/p>\n<div class=\"imagem-noticia\">\n\t\t\t<img decoding=\"async\" src=\"https:\/\/www.grandepremio.com\/br\/wp-content\/uploads\/2019\/07\/20197912463_Classifica\u00e7\u00e3o-Ta\u00e7a-JP_O.png\" title=\"Classifica\u00e7\u00e3o Ta\u00e7a JP\" \/><\/div>\n<div class=\"legenda-imagem\">\n\t\t\t#iconeimagem Classifica&ccedil;&atilde;o Ta&ccedil;a JP<\/div><\/p><\/div>\n<\/div>\n<p><\/p>\n","protected":false},"excerpt":{"rendered":"<p>O terceiro lugar de Gustavo Ariel na sexta etapa da Copa GP rendeu n&atilde;o s&oacute; o t&iacute;tulo da Ta&ccedil;a Jo&atilde;o Paulo de Oliveira, mas tamb&eacute;m a lideran&ccedil;a na tabela geral de classifica&ccedil;&atilde;o do campeonato. Sidney Rog&eacute;rio, que ficou fora do p&oacute;dio na etapa, aparece na vice-lideran&ccedil;a <\/p>\n","protected":false},"author":0,"featured_media":0,"comment_status":"closed","ping_status":"closed","sticky":false,"template":"","format":"standard","meta":{"42wp_featured_image_caption":"","42wp_featured_image_credits":"","42wp_featured_video":"","42wp_featured_image_hidden":false,"42wp_authors_list":[],"footnotes":""},"categories":[4],"tags":[1489,1461],"42wp_author":[47122],"class_list":["post-134448","post","type-post","status-publish","format-standard","hentry","category-grande-premio","tag-gustavo-ariel","tag-kart","42wp_author-vinicius-piva"],"_links":{"self":[{"href":"https:\/\/grandepremio.com\/br\/wp-json\/wp\/v2\/posts\/134448","targetHints":{"allow":["GET"]}}],"collection":[{"href":"https:\/\/grandepremio.com\/br\/wp-json\/wp\/v2\/posts"}],"about":[{"href":"https:\/\/grandepremio.com\/br\/wp-json\/wp\/v2\/types\/post"}],"replies":[{"embeddable":true,"href":"https:\/\/grandepremio.com\/br\/wp-json\/wp\/v2\/comments?post=134448"}],"version-history":[{"count":0,"href":"https:\/\/grandepremio.com\/br\/wp-json\/wp\/v2\/posts\/134448\/revisions"}],"wp:attachment":[{"href":"https:\/\/grandepremio.com\/br\/wp-json\/wp\/v2\/media?parent=134448"}],"wp:term":[{"taxonomy":"category","embeddable":true,"href":"https:\/\/grandepremio.com\/br\/wp-json\/wp\/v2\/categories?post=134448"},{"taxonomy":"post_tag","embeddable":true,"href":"https:\/\/grandepremio.com\/br\/wp-json\/wp\/v2\/tags?post=134448"},{"taxonomy":"42wp_author","embeddable":true,"href":"https:\/\/grandepremio.com\/br\/wp-json\/wp\/v2\/42wp_author?post=134448"}],"curies":[{"name":"wp","href":"https:\/\/api.w.org\/{rel}","templated":true}]}}