{"id":134500,"date":"2020-01-31T07:23:00","date_gmt":"2020-01-31T10:23:00","guid":{"rendered":"https:\/\/grandepremio.com\/br\/noticias\/chefe-da-alphatauri-aponta-22-corridas-como-limite-absoluto-para-equipes\/"},"modified":"2020-03-11T11:46:39","modified_gmt":"2020-03-11T14:46:39","slug":"chefe-da-alphatauri-aponta-22-corridas-como-limite-absoluto-para-equipes","status":"publish","type":"post","link":"https:\/\/grandepremio.com\/br\/f1\/chefe-da-alphatauri-aponta-22-corridas-como-limite-absoluto-para-equipes\/","title":{"rendered":"Chefe da AlphaTauri aponta 22 corridas como \u201climite absoluto\u201d para equipes"},"content":{"rendered":"\n<div>\n\tFranz Tost cr&ecirc; que o autal calend&aacute;rio da <strong><a href=\"https:\/\/www.grandepremio.com\/br\/f1\"><span >F&oacute;rmula 1<\/span><\/a><\/strong> est&aacute; no limite m&aacute;ximo para equipes. O chefe da AlphaTauri, antiga Toro Rosso, afirmou que caso aumente o n&uacute;mero de etapas, vai ser necess&aacute;rio come&ccedil;ar a pensar em um rod&iacute;zio dentro do time.<br \/>\n\t<br \/>\n\tNa atual temporada, <strong><a href=\"https:\/\/www.grandepremio.com\/br\/f1\/noticias\/fia-confirma-calendario-recorde-de-22-corridas-da-f1-em-2020\"><span >a categoria vai ter sue maior calend&aacute;rio da hist&oacute;ria<\/span><\/a><\/strong> &ndash; inclusive, <strong><a href=\"https:\/\/www.grandepremio.com\/br\/outras\/noticias\/com-calendarios-maiores-motogp-e-f1-coincidem-10-gps-em-2020\"><span >isso vai fazer com que tenha dez etapas que coincidem com a MotoGP<\/span><\/a><\/strong>, que <strong><a href=\"https:\/\/www.grandepremio.com\/br\/motogp\/noticias\/motogp-confirma-calendario-com-recorde-de-20-gps-para-temporada-2020\"><span >tamb&eacute;m teve aumento do seu n&uacute;mero de GPs<\/span><\/a><\/strong>.<br \/>\n\t&nbsp;<\/div>\n<div>\n\tAs mudan&ccedil;as para o atual campeonato s&atilde;o a chegada do GP do Vietn&atilde; al&eacute;m do retorno do GP da Holanda. Ainda, o GP da Alemanha, que rendeu boas hist&oacute;rias em 2019, acabou saindo do circuito mundial.<br \/>\n\t&nbsp;<\/div>\n<div>\n\tEntretanto, o n&uacute;mero ainda n&atilde;o chega a ser algo que v&aacute; atrapalhar as equipes, mas n&atilde;o pode crescer mais do que isso. &ldquo;N&atilde;o, n&atilde;o fizemos mudan&ccedil;as, &eacute; apenas uma corrida a mais do que no ano passado&rdquo;, disse em entrevista ao site &lsquo;Racer&rsquo;.<br \/>\n\t&nbsp;<\/div>\n<div>\n\t&ldquo;&Eacute; quase a mesma coisa que no &uacute;ltimo ano, come&ccedil;amos em mar&ccedil;o e a &uacute;ltima corrida &eacute; no final de novembro, n&atilde;o &eacute; uma grande mudan&ccedil;a. Em 2019, come&ccedil;amos a temporada em 17 de mar&ccedil;o e encerramos em 1&ordm; de dezembro, e em 2020 come&ccedil;amos em 15 de mar&ccedil;o e a &uacute;ltima etapa &eacute; no dia 29 de novembro. N&atilde;o &eacute; uma grande diferen&ccedil;a&rdquo;, seguiu.<\/p>\n<div class=\"imagem-noticia\">\n\t\t<img decoding=\"async\" src=\"\/images\/2016911732391_BETO0406_II.jpg\" title=\"Este a\u00ed \u00e9 chef\u00e3o da Toro Rosso, Franz Tost, em Monza, na It\u00e1lia (Foto: Beto Issa)\" \/><\/div>\n<div class=\"legenda-imagem\">\n\t\t#iconeimagem Este a&iacute; &eacute; chef&atilde;o da Toro Rosso, Franz Tost, em Monza, na It&aacute;lia (Foto: Beto Issa)<\/div>\n<\/div>\n<div style=\"float: left;margin-right: 15px;margin-bottom:15px\">\n\t<\/div>\n<p>&ldquo;H&aacute; uma corrida a mais durante a temporada, mas n&atilde;o precisamos colocar as pessoas em rota&ccedil;&atilde;o. Acho que 22 &eacute; agora o limite absoluto. Se tivermos mais corridas no futuro, ent&atilde;o teremos que pensar em revezar as pessoas &ndash; mec&acirc;nicos, engenheiros, pois vai ser demais para eles&rdquo;, completou.<br \/>\n&nbsp;<\/p>\n<div>\n\tUm dos pontos vistos por Tost &eacute; que preza pela estabilidade, especialmente ap&oacute;s a segunda metade de temporada que a Toro Rosso apresentou em 2019. &ldquo;N&oacute;s temos um bom time agora em Bicester em nosso departamento aerodin&acirc;mico, e do lado mec&acirc;nico temos as suspens&otilde;es dianteira e traseira da Red Bull Technology &ndash; mesmo que tenha um ano, mas &eacute; muito melhor do que se tiv&eacute;ssemos que desenvolver n&oacute;s mesmos&rdquo;, destacou.<br \/>\n\t&nbsp;<\/div>\n<div>\n\t&ldquo;N&atilde;o que tenhamos uma &aacute;rea totalmente fraca, mas para ser competitivo na F1 &eacute; preciso melhorar em todos os pontos. Come&ccedil;a no escrit&oacute;rio de design, trazendo o carro para o grid torcendo para estar abaixo do peso para ter algumas possibilidades com a distribui&ccedil;&atilde;o. Depois, as partes est&atilde;o sendo desenhadas e produzidas de uma maneira que v&ecirc; progresso, especialmente aerodin&acirc;mico&rdquo;, continuou.<br \/>\n\t&nbsp;<\/div>\n<div>\n\t&ldquo;Ent&atilde;o do lado operacional da equipe de corrida, os pit-stops t&ecirc;m que ser melhores, e da estrat&eacute;gia de corrida creio que na maior parte das vezes tomamos as decis&otilde;es certas. &Eacute; preciso melhorar em todos os aspectos um pouco, apenas para dar mais um passo adiante&rdquo;, pontuou.<br \/>\n\t&nbsp;<\/div>\n<div>\n\t&ldquo;Caso todos os departamentos melhorarem seus trabalhos e vierem com&nbsp; melhores solu&ccedil;&otilde;es, ent&atilde;o, no final, voc&ecirc; tem um pacote bom e completo para ser competitivo e conseguir superar os outros&rdquo;, concluiu.<br \/>\n\t&nbsp;<\/div>\n<div>\n\tMas o calend&aacute;rio da F1 ainda pode sofrer uma mudan&ccedil;a. O motivo &eacute; que <strong><a href=\"https:\/\/www.grandepremio.com\/br\/outras\/noticias\/fia-promete-analisar-calendario-por-coronavirus-mas-segue-sem-alteracoes\"><span >a FIA est&aacute; acompanhando os recentes casos de coronav&iacute;rus<\/span><\/a><\/strong>, na China, onde a categoria tem etapa marcada em abril.<\/div>\n<div>\n\t&nbsp;<\/div>\n<div class=\"embed-responsive embed-responsive-16by9\">\n\t<\/div>\n<p><\/p>\n<p><\/p>\n","protected":false},"excerpt":{"rendered":"<p>Franz Tost n&atilde;o v&ecirc; problemas em um calend&aacute;rio de F1 com 22 corridas. O chefe da AlphaTauri apontou que a atual temporada est&aacute; no limite absoluto para as equipes, mas que caso aumente o n&uacute;mero de GPs, vai ser necess&aacute;rio pensar em um novo esquema<\/p>\n","protected":false},"author":0,"featured_media":0,"comment_status":"closed","ping_status":"closed","sticky":false,"template":"","format":"standard","meta":{"42wp_featured_image_caption":"","42wp_featured_image_credits":"","42wp_featured_video":"","42wp_featured_image_hidden":false,"42wp_authors_list":[],"footnotes":""},"categories":[2],"tags":[524,147,118,525,343],"42wp_author":[47109],"class_list":["post-134500","post","type-post","status-publish","format-standard","hentry","category-f1","tag-alphatauri","tag-f1","tag-f1-2020","tag-franz-tost","tag-temporada-2020-f1","42wp_author-redacao-gp"],"_links":{"self":[{"href":"https:\/\/grandepremio.com\/br\/wp-json\/wp\/v2\/posts\/134500","targetHints":{"allow":["GET"]}}],"collection":[{"href":"https:\/\/grandepremio.com\/br\/wp-json\/wp\/v2\/posts"}],"about":[{"href":"https:\/\/grandepremio.com\/br\/wp-json\/wp\/v2\/types\/post"}],"replies":[{"embeddable":true,"href":"https:\/\/grandepremio.com\/br\/wp-json\/wp\/v2\/comments?post=134500"}],"version-history":[{"count":0,"href":"https:\/\/grandepremio.com\/br\/wp-json\/wp\/v2\/posts\/134500\/revisions"}],"wp:attachment":[{"href":"https:\/\/grandepremio.com\/br\/wp-json\/wp\/v2\/media?parent=134500"}],"wp:term":[{"taxonomy":"category","embeddable":true,"href":"https:\/\/grandepremio.com\/br\/wp-json\/wp\/v2\/categories?post=134500"},{"taxonomy":"post_tag","embeddable":true,"href":"https:\/\/grandepremio.com\/br\/wp-json\/wp\/v2\/tags?post=134500"},{"taxonomy":"42wp_author","embeddable":true,"href":"https:\/\/grandepremio.com\/br\/wp-json\/wp\/v2\/42wp_author?post=134500"}],"curies":[{"name":"wp","href":"https:\/\/api.w.org\/{rel}","templated":true}]}}