{"id":134575,"date":"2019-07-06T13:12:00","date_gmt":"2019-07-06T16:12:00","guid":{"rendered":"https:\/\/grandepremio.com\/br\/noticias\/h-nao-e-agradavel\/"},"modified":"2020-05-17T03:11:41","modified_gmt":"2020-05-17T06:11:41","slug":"h-nao-e-agradavel","status":"publish","type":"post","link":"https:\/\/grandepremio.com\/br\/motogp\/h-nao-e-agradavel\/","title":{"rendered":"Petrucci lesiona dedo em queda no Q2 e &#8220;descobre&#8221; fato: &#8220;Cair a 200 km\/h n\u00e3o \u00e9 agrad\u00e1vel&#8221;"},"content":{"rendered":"\n<ul>\n<li>\n\t\t<a href=\"https:\/\/grandepremium.grandepremio.com\/br\/lado-a-lado\/materias\/a-trinca-do-abandono\"><span><span style=\"font-size:20px\"><strong>Lado a lado: A trinca do abandono de Valentino Rossi<\/strong><\/span><\/span><\/a><\/li>\n<li>\n\t\t<a href=\"https:\/\/www.grandepremio.com\/br\/motogp\/noticias\/lorenzo-enfrenta-calvario-e-encara-incertezas-no-futuro-com-honda\"><span><strong><span style=\"font-size:20px\">Lorenzo enfrenta calv&aacute;rio e encara incertezas no futuro com Honda<\/span><\/strong><\/span><\/a><\/li>\n<\/ul>\n<div>\n\t<a href=\"https:\/\/www.grandepremio.com\/br\/motogp\/noticias\/marquez-se-impoe-e-anota-decima-pole-seguida-em-sachsenring-dovizioso-fica-no-q1\">Danilo Petrucci vai largar em 12&deg; no GP da Alemanha da MotoGP<\/a> do pr&oacute;ximo domingo (7), ap&oacute;s ser o &uacute;ltimo colocado no Q2 do treino de classifica&ccedil;&atilde;o deste s&aacute;bado em Sachsenring. Mas n&atilde;o &eacute; que ele tenha ido mal na parte decisiva: &eacute; que ele n&atilde;o conseguiu ficar na pista.<br \/>\n\t<br \/>\n\t&Eacute; que o piloto da Ducati passou por um acidente no final da classifica&ccedil;&atilde;o, o que lhe impediu de marcar um tempo melhor. Assim, ficou com 1min21s486, logo atr&aacute;s de Valentino Rossi &#8211; e logo &agrave; frente de seu companheiro Andrea Dovizioso, que n&atilde;o passou do Q1.<br \/>\n\t<br \/>\n\tA queda de Petrucci foi feia: ele perdeu o controle da moto e capotou diversas vezes na brita, antes de ver seu equipamento parar na barreira de prote&ccedil;&atilde;o. E, em tal situa&ccedil;&atilde;o, &quot;descobriu&quot; um fato: cair em tamanha velocidade d&oacute;i.<\/p>\n<div class=\"imagem-noticia\">\n\t\t<img decoding=\"async\" src=\"https:\/\/www.grandepremio.com\/br\/wp-content\/uploads\/2019\/07\/201975122847__FER3596_UC77575_Mid_II.jpg\" title=\"Danilo Petrucci (Foto: Ducati)\" \/><\/div>\n<div class=\"legenda-imagem\">\n\t\t#iconeimagem Danilo Petrucci (Foto: Ducati)<\/div>\n<p><\/p>\n<table bgcolor=\"#990033\" border=\"1\" cellpadding=\"1\" cellspacing=\"1\" style=\"width: 100%\">\n<tbody>\n<tr>\n<td>\n\t\t\t\t\t<span style=\"font-size:18px\"><strong><span style=\"color: #ffffff\">Paddockast #24<br \/>\n\t\t\t\t\tA BATALHA: Indy x MotoGP<\/span><\/strong><\/span><br \/>\n\t\t\t\t\t<\/p>\n<ul>\n<li>\n\t\t\t\t\t\t\t<a href=\"http:\/\/open.spotify.com\/show\/5OBbp8MzxQymoyneX4IviF?si=gYqPr53GSaa-AcxFpOzJHg\"><span style=\"color: #ffffff\">Ou&ccedil;a no Spotify<\/span><\/a><\/li>\n<li>\n\t\t\t\t\t\t\t<a href=\"http:\/\/podcasts.apple.com\/br\/podcast\/paddockast\/id1371540198\"><span style=\"color: #ffffff\">Ou&ccedil;a no iTunes<\/span><\/a><\/li>\n<li>\n\t\t\t\t\t\t\t<a href=\"http:\/\/www.subscribeonandroid.com\/www.central3.com.br\/category\/podcasts\/paddockast\/feed\/podcast\/\"><span style=\"color: #ffffff\">Ou&ccedil;a no Android<\/span><\/a><\/li>\n<li>\n\t\t\t\t\t\t\t<a href=\"http:\/\/player.fm\/series\/paddockast\"><span style=\"color: #ffffff\">Ou&ccedil;a no playerFM<\/span><\/a><\/li>\n<\/ul>\n<\/td>\n<\/tr>\n<\/tbody>\n<\/table>\n<p>\n\t&quot;Me assustei muito em um primeiro momento porque notei muita dor na m&atilde;o direita e no punho esquerdo. Ca&iacute; a quase 200 km\/h e isso n&atilde;o &eacute; agrad&aacute;vel. Mas poderia ter sido pior. Fiquei me queixando durante todo o final de semana de falta de estabilidade da moto&quot;, comentou.<br \/>\n\t<br \/>\n\tAp&oacute;s ser levado ao centro m&eacute;dico do aut&oacute;dromo, ele fez exames e foram constatadas duas les&otilde;es: luxa&ccedil;&atilde;o e danos parciais nos ligamentos do dedo indicaor direito.<br \/>\n\t<br \/>\n\t&quot;Espero poder terminar a corrida. Me preocupa um pouco a dor que sinto na m&atilde;o esquerda, que lesionei em 2014 e tenho placas. Espero poder segurar bem o guid&atilde;o&quot;, finalizou Petrucci.<br \/>\n\t<br \/>\n\tO GP da Alemanha de MotoGP est&aacute; marcado para o domingo, &agrave;s 9h (de Bras&iacute;lia). Acompanhe <strong><a href=\"https:\/\/www.grandepremio.com\/br\/motogp\/ultimas-noticias\"><span>aqui<\/span><\/a><\/strong> a cobertura do <strong>GRANDE PR&Ecirc;MIO<\/strong>.<br \/>\n\t<br \/>\n\t#GALERIA(9826)<br \/>\n\t<\/p>\n<table bgcolor=\"#E6E6E6\" border=\"0\" cellpadding=\"1\" cellspacing=\"1\" style=\"width: 100%\">\n<tbody>\n<tr>\n<td>\n<div>\n\t\t\t\t\t\t<b><span style=\"color:#FF0040\">Apoie o <strong> GRANDE PR&Ecirc;MIO<\/strong><\/span><\/b><span style=\"color:#FF0040\">: garanta o futuro do nosso jornalismo <\/span><br \/>\n\t\t\t\t\t\t<br \/>\n\t\t\t\t\t\tO<strong> GRANDE PR&Ecirc;MIO <\/strong>&eacute; a maior m&iacute;dia digital de esporte a motor do Brasil, na Am&eacute;rica Latina e em L&iacute;ngua Portuguesa, editorialmente independente. Nossa grande equipe produz conte&uacute;do di&aacute;rio e pensa em inova&ccedil;&otilde;es constantemente, e n&atilde;o s&oacute; na internet: uma das nossas atua&ccedil;&otilde;es est&aacute; na realiza&ccedil;&atilde;o de eventos, como a Copa GP de Kart. Assim, seu apoio &eacute; sempre importante.<br \/>\n\t\t\t\t\t\t<br \/>\n\t\t\t\t\t\t<a href=\"https:\/\/grandepremium.grandepremio.com\/br\/assine\" target=\"_blank\" rel=\"noopener noreferrer\">Assine o GRANDE PREMIUM<\/a>: veja os planos e o que oferecem, tenha &agrave; disposi&ccedil;&atilde;o uma s&eacute;rie de benef&iacute;cios e exper&ecirc;ncias exclusivas, e fa&ccedil;a parte de um grupo especial, a Scuderia GP, com debate em alto n&iacute;vel.<\/div>\n<\/td>\n<\/tr>\n<\/tbody>\n<\/table>\n<p><\/p>\n<div class=\"embed-responsive embed-responsive-16by9\">\n\t\t<\/div>\n<\/div>\n<p><\/p>\n","protected":false},"excerpt":{"rendered":"<p>Danilo Petrucci larga em 12&deg; no GP da Alemanha do pr&oacute;ximo domingo (7), ap&oacute;s ser o &uacute;ltimo colocado no Q2 do treino de classifica&ccedil;&atilde;o. Mas a posi&ccedil;&atilde;o derradeira teve um motivo: uma forte queda, aparentemente n&atilde;o muito comum ao piloto italiano<\/p>\n","protected":false},"author":0,"featured_media":0,"comment_status":"closed","ping_status":"closed","sticky":false,"template":"","format":"standard","meta":{"42wp_featured_image_caption":"","42wp_featured_image_credits":"","42wp_featured_video":"","42wp_featured_image_hidden":false,"42wp_authors_list":[],"footnotes":""},"categories":[8],"tags":[487,983,142,131,1504,78,3346],"42wp_author":[47109],"class_list":["post-134575","post","type-post","status-publish","format-standard","hentry","category-motogp","tag-acidente","tag-alemanha","tag-danilo-petrucci","tag-ducati","tag-gp-da-alemanha","tag-motogp","tag-sachsenring","42wp_author-redacao-gp"],"_links":{"self":[{"href":"https:\/\/grandepremio.com\/br\/wp-json\/wp\/v2\/posts\/134575","targetHints":{"allow":["GET"]}}],"collection":[{"href":"https:\/\/grandepremio.com\/br\/wp-json\/wp\/v2\/posts"}],"about":[{"href":"https:\/\/grandepremio.com\/br\/wp-json\/wp\/v2\/types\/post"}],"replies":[{"embeddable":true,"href":"https:\/\/grandepremio.com\/br\/wp-json\/wp\/v2\/comments?post=134575"}],"version-history":[{"count":0,"href":"https:\/\/grandepremio.com\/br\/wp-json\/wp\/v2\/posts\/134575\/revisions"}],"wp:attachment":[{"href":"https:\/\/grandepremio.com\/br\/wp-json\/wp\/v2\/media?parent=134575"}],"wp:term":[{"taxonomy":"category","embeddable":true,"href":"https:\/\/grandepremio.com\/br\/wp-json\/wp\/v2\/categories?post=134575"},{"taxonomy":"post_tag","embeddable":true,"href":"https:\/\/grandepremio.com\/br\/wp-json\/wp\/v2\/tags?post=134575"},{"taxonomy":"42wp_author","embeddable":true,"href":"https:\/\/grandepremio.com\/br\/wp-json\/wp\/v2\/42wp_author?post=134575"}],"curies":[{"name":"wp","href":"https:\/\/api.w.org\/{rel}","templated":true}]}}