{"id":134704,"date":"2020-01-24T05:30:00","date_gmt":"2020-01-24T08:30:00","guid":{"rendered":"https:\/\/grandepremio.com\/br\/noticias\/stock-car-discute-pre-temporada-em-marco-goiania-e-palco-provavel-2\/"},"modified":"2020-05-29T09:47:18","modified_gmt":"2020-05-29T12:47:18","slug":"stock-car-discute-pre-temporada-em-marco-goiania-e-palco-provavel-2","status":"publish","type":"post","link":"https:\/\/grandepremio.com\/br\/stock-car\/stock-car-discute-pre-temporada-em-marco-goiania-e-palco-provavel-2\/","title":{"rendered":"Stock Car discute pr\u00e9-temporada em mar\u00e7o. Goi\u00e2nia \u00e9 palco prov\u00e1vel"},"content":{"rendered":"\n<div class=\"embed-responsive embed-responsive-16by9\">\n\t<\/div>\n<p>\n<a href=\"https:\/\/www.grandepremio.com\/br\/stock-car\/noticias\/sem-duracao-definida-stock-car-revela-aumento-da-corrida-de-duplas-para-2020\"><span style=\"color:#008080\"><strong>A Corrida de Duplas abre a temporada 2020 da Stock Car no dia 29 de mar&ccedil;o<\/strong><\/span><\/a>, mas h&aacute; uma possibilidade de que os carros sejam vistos na pista antes disso.<br \/>\n<br \/>\nDe acordo com Carlos Col, CEO da Vicar, organizadora da categoria brasileira, o plano &eacute; que o come&ccedil;o de mar&ccedil;o veja uma pr&eacute;-temporada, para que os carros novos sejam testados. Em 2020, a Stock Car ter&aacute; n&atilde;o s&oacute; o Cruze da Chevrolet, <strong><a href=\"https:\/\/grandepremio.com\/br\/stock-car\/noticias\/shell-estreita-lacos-com-toyota-em-intercambio-brasil-argentina-em-2020\"><span style=\"color:#008080\">mas tamb&eacute;m o Corolla da Toyota<\/span><\/a><\/strong> em seu grid.<br \/>\n<br \/>\nA maior possibilidade, no momento, &eacute; que Goi&acirc;nia seja o palco, j&aacute; que Interlagos entrega uma dificuldade no agendamento de datas.<\/p>\n<div class=\"imagem-noticia\">\n\t<img decoding=\"async\" src=\"https:\/\/www.grandepremio.com\/br\/wp-content\/uploads\/2020\/01\/201911251414415_Zoio1_II.jpg\" title=\"Tuca Antoniazzi em Goi\u00e2nia (Foto: Vanderley Soares)\" \/><\/div>\n<div class=\"legenda-imagem\">\n\t#iconeimagem Tuca Antoniazzi em Goi&acirc;nia (Foto: Vanderley Soares)<\/div>\n<p>&quot;O plano &eacute; que ocorra por volta do dia 8 de mar&ccedil;o, mas se discute pra&ccedil;as, como S&atilde;o Paulo e Goi&acirc;nia. Em S&atilde;o Paulo est&aacute; dif&iacute;cil para conseguir data para o automobilismo.&quot;<br \/>\n<br \/>\n&quot;A alternativa cogitada com as equipes &eacute; Goi&acirc;nia, por ser palco da primeira prova, ent&atilde;o faria sentido. Pista segura, com grande &aacute;rea de escape, menos risco de danos e gastos para as equipes. Mas n&atilde;o est&aacute; 100% batido o martelo. Estamos em uma transi&ccedil;&atilde;o e n&atilde;o quero agregar custos para as equipes, o momento da economia &eacute; delicado. Estou tentando fazer os movimento necess&aacute;rios com menor investimento poss&iacute;vel&quot;, seguiu o dirigente.<\/p>\n<div class=\"imagem-noticia\">\n\t<img decoding=\"async\" src=\"https:\/\/www.grandepremio.com\/br\/wp-content\/uploads\/2020\/01\/201912131825139__DSC8945_O-scaled.jpg\" title=\"Carlos Col (Cau\u00ea Moalli\/Grande Pr\u00eamio)\" \/><\/div>\n<div class=\"legenda-imagem\">\n\t#iconeimagem Carlos Col (Cau&ecirc; Moalli\/Grande Pr&ecirc;mio)<\/div>\n<p>H&aacute;, tamb&eacute;m, a chance de que os testes de pr&eacute;-temporada n&atilde;o sejam coletivos, como ocorre na F&oacute;rmula 1, por exemplo. Col diz nao gostar da ideia, mas analisa a possibilidade de que os testes sejam feitos de forma separada entre as equipes.<br \/>\n<br \/>\n&quot;O objetivo, obviamente, &eacute; testar os carros novos. Existe uma possibilidade, que n&atilde;o &eacute; minha preferida, mas vou discutir democraticamente com as equipes, de usar outros modelos que n&atilde;o os coletivos, que t&ecirc;m os mesmos gastos de final de semana de corrida. quero ver outras maneiras de levar carros para a pista&quot;, finalizou o chefe.<br \/>\n<br \/>\n<a href=\"https:\/\/www.grandepremio.com\/br\/stock-car\/noticias\/stock-car-anuncia-calendario-2020-com-volta-da-corrida-de-duplas\"><span style=\"color:#008080\"><strong>A Stock Car j&aacute; tem seu calend&aacute;rio de etapas definido para 2020<\/strong><\/span><\/a>. S&atilde;o 12, e apenas a do dia 8 de novembro ainda tem palco a ser definido.<\/p>\n<div>\n\t<\/p>\n<div>\n<div>\n<table bgcolor=\"#E6E6E6\" border=\"0\" cellpadding=\"1\" cellspacing=\"1\" style=\"width: 100%\">\n<tbody>\n<tr>\n<td>\n<div>\n\t\t\t\t\t\t\t\t<b><span style=\"color:#FF0040\">Apoie o <strong> GRANDE PR&Ecirc;MIO<\/strong><\/span><\/b><span style=\"color:#FF0040\">: garanta o futuro do nosso jornalismo <\/span><br \/>\n\t\t\t\t\t\t\t\t<br \/>\n\t\t\t\t\t\t\t\tO<strong> GRANDE PR&Ecirc;MIO <\/strong>&eacute; a maior m&iacute;dia digital de esporte a motor do Brasil, na Am&eacute;rica Latina e em L&iacute;ngua Portuguesa, editorialmente independente. Nossa grande equipe produz conte&uacute;do di&aacute;rio e pensa em inova&ccedil;&otilde;es constantemente, e n&atilde;o s&oacute; na internet: uma das nossas atua&ccedil;&otilde;es est&aacute; na realiza&ccedil;&atilde;o de eventos, como a Copa GP de Kart. Assim, seu apoio &eacute; sempre importante.<br \/>\n\t\t\t\t\t\t\t\t<br \/>\n\t\t\t\t\t\t\t\t<a href=\"https:\/\/grandepremium.grandepremio.com\/br\/assine\" target=\"_blank\" rel=\"noopener noreferrer\">Assine o GRANDE PREMIUM<\/a>: veja os planos e o que oferecem, tenha &agrave; disposi&ccedil;&atilde;o uma s&eacute;rie de benef&iacute;cios e experi&ecirc;ncias exclusivas, e fa&ccedil;a parte de um grupo especial, a Scuderia GP, com debate em alto n&iacute;vel.<\/div>\n<\/td>\n<\/tr>\n<\/tbody>\n<\/table><\/div><\/p><\/div>\n<\/div>\n<p><\/p>\n","protected":false},"excerpt":{"rendered":"<p>Com novidades em seus carros para 2020, a Stock Car planeja fazer testes de pr&eacute;-temporada neste ano. At&eacute; o momento, a maior possibilidade &eacute; que isso ocorra em Goi&acirc;nia, no come&ccedil;o de mar&ccedil;o<\/p>\n","protected":false},"author":0,"featured_media":0,"comment_status":"closed","ping_status":"closed","sticky":false,"template":"","format":"standard","meta":{"42wp_featured_image_caption":"","42wp_featured_image_credits":"","42wp_featured_video":"","42wp_featured_image_hidden":false,"42wp_authors_list":[],"footnotes":""},"categories":[11],"tags":[591,231,500,124,306,833,69,71,178,832],"42wp_author":[47120],"class_list":["post-134704","post","type-post","status-publish","format-standard","hentry","category-stock-car","tag-carlos-col","tag-chevrolet","tag-goinia","tag-interlagos","tag-pr-temporada","tag-so-paulo","tag-stock-car","tag-stock-car-2020","tag-toyota","tag-treinos","42wp_author-pedro-henrique-marum"],"_links":{"self":[{"href":"https:\/\/grandepremio.com\/br\/wp-json\/wp\/v2\/posts\/134704","targetHints":{"allow":["GET"]}}],"collection":[{"href":"https:\/\/grandepremio.com\/br\/wp-json\/wp\/v2\/posts"}],"about":[{"href":"https:\/\/grandepremio.com\/br\/wp-json\/wp\/v2\/types\/post"}],"replies":[{"embeddable":true,"href":"https:\/\/grandepremio.com\/br\/wp-json\/wp\/v2\/comments?post=134704"}],"version-history":[{"count":0,"href":"https:\/\/grandepremio.com\/br\/wp-json\/wp\/v2\/posts\/134704\/revisions"}],"wp:attachment":[{"href":"https:\/\/grandepremio.com\/br\/wp-json\/wp\/v2\/media?parent=134704"}],"wp:term":[{"taxonomy":"category","embeddable":true,"href":"https:\/\/grandepremio.com\/br\/wp-json\/wp\/v2\/categories?post=134704"},{"taxonomy":"post_tag","embeddable":true,"href":"https:\/\/grandepremio.com\/br\/wp-json\/wp\/v2\/tags?post=134704"},{"taxonomy":"42wp_author","embeddable":true,"href":"https:\/\/grandepremio.com\/br\/wp-json\/wp\/v2\/42wp_author?post=134704"}],"curies":[{"name":"wp","href":"https:\/\/api.w.org\/{rel}","templated":true}]}}