{"id":134760,"date":"2019-07-03T14:00:00","date_gmt":"2019-07-03T17:00:00","guid":{"rendered":"https:\/\/grandepremio.com\/br\/noticias\/sem-se-defender-leclerc-facilitou-corrida-de-recuperacao-de-verstappen-na-austria\/"},"modified":"2020-05-12T17:19:30","modified_gmt":"2020-05-12T20:19:30","slug":"sem-se-defender-leclerc-facilitou-corrida-de-recuperacao-de-verstappen-na-austria","status":"publish","type":"post","link":"https:\/\/grandepremio.com\/br\/f1\/sem-se-defender-leclerc-facilitou-corrida-de-recuperacao-de-verstappen-na-austria\/","title":{"rendered":"Sem se defender, Leclerc facilitou corrida de recupera\u00e7\u00e3o de Verstappen na \u00c1ustria"},"content":{"rendered":"\n<div class=\"embed-responsive embed-responsive-16by9\">\n\t<\/div>\n<div class=\"legenda-imagem\">\n\t#iconeimagem Max Verstappen conseguiu uma vit&oacute;ria brilhante no GP da &Aacute;ustria no final de semana. Durante o <strong>PADDOCK GP #166<\/strong>, os jornalistas elogiaram o titular da Red Bull, mas ressaltaram como Charles Leclerc facilitou a vida do #33 ao n&atilde;o se defender dos ataques.&nbsp;<strong>ASSISTA<\/strong><\/div>\n","protected":false},"excerpt":{"rendered":"<p>O GP da &Aacute;ustria viu Max Verstappen fazer corrida excelente para conseguir grande vit&oacute;ria. No Paddock GP, os jornalistas comentaram como o triunfo do piloto ainda foi facilitada pela passividade de Charles Leclerc<\/p>\n","protected":false},"author":0,"featured_media":0,"comment_status":"closed","ping_status":"closed","sticky":false,"template":"","format":"standard","meta":{"42wp_featured_image_caption":"","42wp_featured_image_credits":"","42wp_featured_video":"","42wp_featured_image_hidden":false,"42wp_authors_list":[],"footnotes":""},"categories":[2],"tags":[209,147,84,207,203,1537,204,1763,1291],"42wp_author":[47109],"class_list":["post-134760","post","type-post","status-publish","format-standard","hentry","category-f1","tag-charles-leclerc","tag-f1","tag-f1-2019","tag-ferrari","tag-max-verstappen","tag-paddock-gp","tag-red-bull","tag-red-bull-ring","tag-temporada-2019-f1","42wp_author-redacao-gp"],"_links":{"self":[{"href":"https:\/\/grandepremio.com\/br\/wp-json\/wp\/v2\/posts\/134760","targetHints":{"allow":["GET"]}}],"collection":[{"href":"https:\/\/grandepremio.com\/br\/wp-json\/wp\/v2\/posts"}],"about":[{"href":"https:\/\/grandepremio.com\/br\/wp-json\/wp\/v2\/types\/post"}],"replies":[{"embeddable":true,"href":"https:\/\/grandepremio.com\/br\/wp-json\/wp\/v2\/comments?post=134760"}],"version-history":[{"count":0,"href":"https:\/\/grandepremio.com\/br\/wp-json\/wp\/v2\/posts\/134760\/revisions"}],"wp:attachment":[{"href":"https:\/\/grandepremio.com\/br\/wp-json\/wp\/v2\/media?parent=134760"}],"wp:term":[{"taxonomy":"category","embeddable":true,"href":"https:\/\/grandepremio.com\/br\/wp-json\/wp\/v2\/categories?post=134760"},{"taxonomy":"post_tag","embeddable":true,"href":"https:\/\/grandepremio.com\/br\/wp-json\/wp\/v2\/tags?post=134760"},{"taxonomy":"42wp_author","embeddable":true,"href":"https:\/\/grandepremio.com\/br\/wp-json\/wp\/v2\/42wp_author?post=134760"}],"curies":[{"name":"wp","href":"https:\/\/api.w.org\/{rel}","templated":true}]}}