{"id":134862,"date":"2019-07-01T12:03:00","date_gmt":"2019-07-01T15:03:00","guid":{"rendered":"https:\/\/grandepremio.com\/br\/noticias\/red-bull-diz-que-verstappen-e-melhor-piloto-do-grid-e-um-prazer-ve-lo-em-acao\/"},"modified":"2020-05-17T03:58:11","modified_gmt":"2020-05-17T06:58:11","slug":"red-bull-diz-que-verstappen-e-melhor-piloto-do-grid-e-um-prazer-ve-lo-em-acao","status":"publish","type":"post","link":"https:\/\/grandepremio.com\/br\/f1\/red-bull-diz-que-verstappen-e-melhor-piloto-do-grid-e-um-prazer-ve-lo-em-acao\/","title":{"rendered":"Red Bull diz que Verstappen \u00e9 melhor piloto do grid: &#8220;\u00c9 um prazer v\u00ea-lo em a\u00e7\u00e3o&#8221;"},"content":{"rendered":"\n<p><a href=\"https:\/\/www.grandepremio.com\/br\/f1\/noticias\/verstappen-da-show-diante-do-mar-laranja-passa-leclerc-e-vence-na-austria\">A vit&oacute;ria de Max Verstappen no GP da &Aacute;ustria<\/a> foi a 60&ordf; da Red Bull na <a href=\"https:\/\/www.grandepremio.com\/br\/f1\">F&oacute;rmula 1<\/a>, e Christian Horner colocou o triunfo do holand&ecirc;s entre os melhores que viu desde a cria&ccedil;&atilde;o do time.<\/p>\n<div>\n\t&nbsp;<\/div>\n<div>\n\tVerstappen caiu para o oitavo lugar na primeira volta, mas foi superando os advers&aacute;rios, inclusive Charles Leclerc, na pen&uacute;ltima volta, para vencer pela sexta vez na <a href=\"https:\/\/www.grandepremio.com\/br\/f1\">F&oacute;rmula 1<\/a>, animando o chefe de equipe do time austr&iacute;aco<\/div>\n<div>\n\t&nbsp;<\/div>\n<div>\n\t&quot;Que grande pilotagem. Vencer aqui na &Aacute;ustria, pela Red Bull, e conseguir a primeira vit&oacute;ria da Honda desde 2006, do estilo e jeito que ele fez, foi algo perfeito para n&oacute;s&quot;, comentou.<\/div>\n<div>\n<div class=\"imagem-noticia\">\n\t\t<img decoding=\"async\" src=\"https:\/\/www.grandepremio.com\/br\/wp-content\/uploads\/2019\/07\/20196301212886_RedBull_MaxVerstappen_15_II.jpg\" title=\"Max Verstappen (Foto: Getty Images\/Red Bull Content Pool)\" \/><\/div>\n<div class=\"legenda-imagem\">\n\t\t#iconeimagem Max Verstappen (Foto: Getty Images\/Red Bull Content Pool)<\/div>\n<div style=\"float: left;margin-right: 15px;margin-bottom:15px\">\n\t\t<\/div>\n<\/div>\n<div>\n\tCom 126 pontos, Verstappen &eacute; o terceiro colocado no Mundial de Pilotos. Al&eacute;m da vit&oacute;ria, tamb&eacute;m somou outros dois p&oacute;dios. Perguntado por jornalistas se acredita que o holand&ecirc;s &eacute; o melhor piloto do grid, o chefe de equipe n&atilde;o titubeou.<\/div>\n<div>\n\t&nbsp;<\/div>\n<div>\n\t&quot;Estou pensando nisso h&aacute; um tempo&quot;, disse Horner. &quot;Est&aacute; no nosso hall de melhores vit&oacute;rias. Cair para oitavo na primeira volta, retornar ultrapassando todo mundo, controlando os pneus e freios. Voc&ecirc; ouvia ele no r&aacute;dio, ele est&aacute; muito bem, e a rela&ccedil;&atilde;o com o engenheiro, trabalhando e transformando o carro durante a corrida. &Eacute; um prazer v&ecirc;-lo em a&ccedil;&atilde;o. Performance sensacional&quot;, completou.<\/div>\n<div class=\"embed-responsive embed-responsive-16by9\">\n\t<\/div>\n<div>\n<table bgcolor=\"#E6E6E6\" border=\"0\" cellpadding=\"1\" cellspacing=\"1\" style=\"width: 100%\">\n<tbody>\n<tr>\n<td>\n<div>\n\t\t\t\t\t\t<b><span style=\"color:#FF0040\">Apoie o <strong> GRANDE PR&Ecirc;MIO<\/strong><\/span><\/b><span style=\"color:#FF0040\">: garanta o futuro do nosso jornalismo <\/span><br \/>\n\t\t\t\t\t\t<br \/>\n\t\t\t\t\t\tO<strong> GRANDE PR&Ecirc;MIO <\/strong>&eacute; a maior m&iacute;dia digital de esporte a motor do Brasil, na Am&eacute;rica Latina e em L&iacute;ngua Portuguesa, editorialmente independente. Nossa grande equipe produz conte&uacute;do di&aacute;rio e pensa em inova&ccedil;&otilde;es constantemente, e n&atilde;o s&oacute; na internet: uma das nossas atua&ccedil;&otilde;es est&aacute; na realiza&ccedil;&atilde;o de eventos, como a Copa GP de Kart. Assim, seu apoio &eacute; sempre importante.<br \/>\n\t\t\t\t\t\t<br \/>\n\t\t\t\t\t\t<a href=\"https:\/\/grandepremium.grandepremio.com\/br\/assine\" target=\"_blank\" rel=\"noopener noreferrer\">Assine o GRANDE PREMIUM<\/a>: veja os planos e o que oferecem, tenha &agrave; disposi&ccedil;&atilde;o uma s&eacute;rie de benef&iacute;cios e exper&ecirc;ncias exclusivas, e fa&ccedil;a parte de um grupo especial, a Scuderia GP, com debate em alto n&iacute;vel.<\/div>\n<\/td>\n<\/tr>\n<\/tbody>\n<\/table>\n<\/div>\n<p><\/p>\n","protected":false},"excerpt":{"rendered":"<p>Christian Horner, chefe de equipe da Red Bull, afirmou que o triunfo de Max Verstappen foi um dos melhores que j&aacute; viu em seus quase 15 anos de equipe, e afirmou que o holand&ecirc;s &eacute; o melhor piloto do grid da F&oacute;rmula 1<\/p>\n","protected":false},"author":0,"featured_media":0,"comment_status":"closed","ping_status":"closed","sticky":false,"template":"","format":"standard","meta":{"42wp_featured_image_caption":"","42wp_featured_image_credits":"","42wp_featured_video":"","42wp_featured_image_hidden":false,"42wp_authors_list":[],"footnotes":""},"categories":[2],"tags":[655,147,84,1223,203,204],"42wp_author":[47109],"class_list":["post-134862","post","type-post","status-publish","format-standard","hentry","category-f1","tag-christian-horner","tag-f1","tag-f1-2019","tag-horrio-f1-2019","tag-max-verstappen","tag-red-bull","42wp_author-redacao-gp"],"_links":{"self":[{"href":"https:\/\/grandepremio.com\/br\/wp-json\/wp\/v2\/posts\/134862","targetHints":{"allow":["GET"]}}],"collection":[{"href":"https:\/\/grandepremio.com\/br\/wp-json\/wp\/v2\/posts"}],"about":[{"href":"https:\/\/grandepremio.com\/br\/wp-json\/wp\/v2\/types\/post"}],"replies":[{"embeddable":true,"href":"https:\/\/grandepremio.com\/br\/wp-json\/wp\/v2\/comments?post=134862"}],"version-history":[{"count":0,"href":"https:\/\/grandepremio.com\/br\/wp-json\/wp\/v2\/posts\/134862\/revisions"}],"wp:attachment":[{"href":"https:\/\/grandepremio.com\/br\/wp-json\/wp\/v2\/media?parent=134862"}],"wp:term":[{"taxonomy":"category","embeddable":true,"href":"https:\/\/grandepremio.com\/br\/wp-json\/wp\/v2\/categories?post=134862"},{"taxonomy":"post_tag","embeddable":true,"href":"https:\/\/grandepremio.com\/br\/wp-json\/wp\/v2\/tags?post=134862"},{"taxonomy":"42wp_author","embeddable":true,"href":"https:\/\/grandepremio.com\/br\/wp-json\/wp\/v2\/42wp_author?post=134862"}],"curies":[{"name":"wp","href":"https:\/\/api.w.org\/{rel}","templated":true}]}}