{"id":134896,"date":"2020-01-16T05:15:00","date_gmt":"2020-01-16T08:15:00","guid":{"rendered":"https:\/\/grandepremio.com\/br\/noticias\/mais-e-mais-confortavel-fittipaldi-diz-que-ano-de-testes-na-f1-nao-tem-preco\/"},"modified":"2020-05-14T18:47:09","modified_gmt":"2020-05-14T21:47:09","slug":"mais-e-mais-confortavel-fittipaldi-diz-que-ano-de-testes-na-f1-nao-tem-preco","status":"publish","type":"post","link":"https:\/\/grandepremio.com\/br\/f1\/mais-e-mais-confortavel-fittipaldi-diz-que-ano-de-testes-na-f1-nao-tem-preco\/","title":{"rendered":"&#8220;Mais e mais confort\u00e1vel&#8221;, Fittipaldi diz que ano de testes na F1 &#8220;n\u00e3o tem pre\u00e7o&#8221;"},"content":{"rendered":"\n<div>\n\tPietro Fittipaldi viveu em 2019 sua primeira temporada por completo <strong><a href=\"https:\/\/grandepremio.com\/br\/f1\/noticias\/fittipaldi-volta-a-testar-f1-apos-seis-meses-e-compara-com-dtm-e-muito-fisico\">sendo piloto de testes na F&oacute;rmula 1<\/a><\/strong>. E de olho na continuidade para 2020, o neto de Emerson avaliou ao <strong>GRANDE PR&Ecirc;MIO<\/strong> o que aprendeu e como se sentiu durante todo o ano junto a Haas.&nbsp;<br \/>\n\t<br \/>\n\t&quot;Primeiro, a experi&ecirc;ncia no carro: em 2018 eu treinei em Abu Dhabi, mas em 2019 treinei na pr&eacute;-temporada em Barcelona, treinei no Bahrein, de novo em Barcelona &ndash; ent&atilde;o ganhei muita experi&ecirc;ncia com um carro de F&oacute;rmula 1, e isso &eacute; muito importante, n&atilde;o tem pre&ccedil;o para isso&quot;, disse.<br \/>\n\t<br \/>\n\t&quot;Porque todos os testes s&atilde;o limitados hoje em dia, ent&atilde;o quando voc&ecirc; tem uma oportunidade de testar um carro &eacute; muito especial&quot;, comentou o piloto, que disputou tamb&eacute;m em 2019 a temporada do DTM,&nbsp;<a href=\"https:\/\/grandepremio.com\/br\/outras\/noticias\/piloto-de-testes-da-haas-fittipaldi-troca-dtm-por-super-formula-em-2020\"><strong>mas que se muda para a Super Formula neste ano<\/strong><\/a>.<\/p>\n<div class=\"imagem-noticia\">\n\t\t<img decoding=\"async\" src=\"https:\/\/www.grandepremio.com\/br\/wp-content\/uploads\/2020\/01\/2019124138678_fitti_II.jpg\" title=\"Pietro Fittipaldi nesta quarta-feira de testes da F1 em Abu Dhabi (Foto: Haas)\" \/><\/div>\n<div class=\"legenda-imagem\">\n\t\t#iconeimagem Pietro Fittipaldi no testee da F1 em Abu Dhabi (Foto: Haas)<\/div>\n<p>\tJ&aacute; sobre sua evolu&ccedil;&atilde;o, afirmou que cada vez mais se sente melhor: &quot;Aprendi muito, mas j&aacute; quando testei em 2018 eu me senti confort&aacute;vel com o carro &#8211; ent&atilde;o toda vez que anda mais, vai se sentindo mais e mais confort&aacute;vel. Isso foi importante.&quot;<br \/>\n\t<br \/>\n\tPor fim, citou tamb&eacute;m o acompanhamento do dia a dia da Haas: &quot;Foi meu primeiro ano trabalhando diretamente com uma equipe de F1, consegui aprender como a equipe desenvolve o carro, do come&ccedil;o do ano at&eacute; o final, e no final j&aacute; olhando o carro para o ano seguinte.&quot;<br \/>\n\t<br \/>\n\t&quot;Ent&atilde;o vejo como funciona o trabalho: os engenheiros, a parte aerodin&acirc;mica, como eles v&atilde;o desenvolvendo, como v&atilde;o desenhando o carro, todo esse processo. Isso &eacute; uma experiencia muito importante&quot;, concluiu.<\/div>\n<div class=\"embed-responsive embed-responsive-16by9\">\n\t<\/div>\n<p><\/p>\n<p><\/p>\n","protected":false},"excerpt":{"rendered":"<p>Pietro Fittipaldi n&atilde;o consegue mensurar o tamanho do aprendizado que adquiriu durante seu primeiro ano como piloto de testes da Haas na F1 &#8211; &eacute; o que ele afirmou em entrevista exclusiva ao GP<\/p>\n","protected":false},"author":0,"featured_media":0,"comment_status":"closed","ping_status":"closed","sticky":false,"template":"","format":"standard","meta":{"42wp_featured_image_caption":"","42wp_featured_image_credits":"","42wp_featured_video":"","42wp_featured_image_hidden":false,"42wp_authors_list":[],"footnotes":""},"categories":[2],"tags":[147,84,180,261,119,408,369,415,305],"42wp_author":[47110],"class_list":["post-134896","post","type-post","status-publish","format-standard","hentry","category-f1","tag-f1","tag-f1-2019","tag-formula-1","tag-formula-um","tag-haas","tag-pietro-fittipaldi","tag-piloto-de-testes","tag-simulador","tag-testes","42wp_author-fernando-silva"],"_links":{"self":[{"href":"https:\/\/grandepremio.com\/br\/wp-json\/wp\/v2\/posts\/134896","targetHints":{"allow":["GET"]}}],"collection":[{"href":"https:\/\/grandepremio.com\/br\/wp-json\/wp\/v2\/posts"}],"about":[{"href":"https:\/\/grandepremio.com\/br\/wp-json\/wp\/v2\/types\/post"}],"replies":[{"embeddable":true,"href":"https:\/\/grandepremio.com\/br\/wp-json\/wp\/v2\/comments?post=134896"}],"version-history":[{"count":0,"href":"https:\/\/grandepremio.com\/br\/wp-json\/wp\/v2\/posts\/134896\/revisions"}],"wp:attachment":[{"href":"https:\/\/grandepremio.com\/br\/wp-json\/wp\/v2\/media?parent=134896"}],"wp:term":[{"taxonomy":"category","embeddable":true,"href":"https:\/\/grandepremio.com\/br\/wp-json\/wp\/v2\/categories?post=134896"},{"taxonomy":"post_tag","embeddable":true,"href":"https:\/\/grandepremio.com\/br\/wp-json\/wp\/v2\/tags?post=134896"},{"taxonomy":"42wp_author","embeddable":true,"href":"https:\/\/grandepremio.com\/br\/wp-json\/wp\/v2\/42wp_author?post=134896"}],"curies":[{"name":"wp","href":"https:\/\/api.w.org\/{rel}","templated":true}]}}