{"id":135022,"date":"2019-06-29T11:51:00","date_gmt":"2019-06-29T14:51:00","guid":{"rendered":"https:\/\/grandepremio.com\/br\/noticias\/oliveira-e-punido-por-direcao-irresponsavel-e-perde-tres-posicoes-no-grid-de-assen\/"},"modified":"2020-05-17T04:25:11","modified_gmt":"2020-05-17T07:25:11","slug":"oliveira-e-punido-por-direcao-irresponsavel-e-perde-tres-posicoes-no-grid-de-assen","status":"publish","type":"post","link":"https:\/\/grandepremio.com\/br\/motogp\/oliveira-e-punido-por-direcao-irresponsavel-e-perde-tres-posicoes-no-grid-de-assen\/","title":{"rendered":"Oliveira \u00e9 punido por dire\u00e7\u00e3o irrespons\u00e1vel e perde tr\u00eas posi\u00e7\u00f5es no grid de Assen"},"content":{"rendered":"\n<div>\n\tMiguel Oliveira foi punido pelo Painel de Comiss&aacute;rios da FIM (Federa&ccedil;&atilde;o Internacional de Motociclismo) neste s&aacute;bado (29). Os &aacute;rbitros consideraram que o piloto da Tech3 guiou de forma irrespons&aacute;vel durante o Q1 e aplicaram a pena de tr&ecirc;s posi&ccedil;&otilde;es no grid de largada do GP da Holanda.<br \/>\n\t&nbsp;<\/div>\n<div>\n\tEm um comunicado enviado &agrave; imprensa, a FIM afirma que &ldquo;&agrave;s 14h22 de 29 de junho de 2019, durando o Q1 do GP da Holanda de MotoGP, na curva 3, o piloto foi flagrado pilotando de maneira irrespons&aacute;vel, rodando lento na linha r&aacute;pida e atrapalhando outro piloto durante uma potencial volta r&aacute;pida&rdquo;.<\/p>\n<div class=\"imagem-noticia\">\n\t\t<img decoding=\"async\" src=\"https:\/\/www.grandepremio.com\/br\/wp-content\/uploads\/2019\/06\/20196291131803_Oliveira_2_Assen_II.jpg\" title=\"Miguel Oliveira (Foto: Tech3)\" \/><\/div>\n<div class=\"legenda-imagem\">\n\t\t#iconeimagem Miguel Oliveira (Foto: Tech3)<\/div>\n<\/div>\n<div style=\"float: left;margin-right: 15px;margin-bottom:15px\">\n\t<\/div>\n<p>&ldquo;Pelas raz&otilde;es citadas acima e levando em conta o grau de seriedade da ofensa, o Painel de Comiss&aacute;rios da MotoGP decidiu impor a puni&ccedil;&atilde;o de tr&ecirc;s posi&ccedil;&otilde;es no grid do GP da Holanda, de acordo com o Artigo 3.2.1 do C&oacute;digo Arbitral e Disciplinar do Mundial da FIM&rdquo;, diz o texto.<br \/>\n&nbsp;<\/p>\n<div>\n\tPor conta da puni&ccedil;&atilde;o, Miguel cai do 17&ordm; para o 20&ordm; posto do grid de Assen.<\/div>\n<div>\n\t&nbsp;<\/div>\n<div class=\"embed-responsive embed-responsive-16by9\">\n\t<br \/>\n\t&nbsp;<\/div>\n<div>\n<table bgcolor=\"#E6E6E6\" border=\"0\" cellpadding=\"1\" cellspacing=\"1\" style=\"width: 100%\">\n<tbody>\n<tr>\n<td>\n<div>\n\t\t\t\t\t\t<b><span style=\"color:#FF0040\">Apoie o <strong> GRANDE PR&Ecirc;MIO<\/strong><\/span><\/b><span style=\"color:#FF0040\">: garanta o futuro do nosso jornalismo <\/span><br \/>\n\t\t\t\t\t\t<br \/>\n\t\t\t\t\t\tO<strong> GRANDE PR&Ecirc;MIO <\/strong>&eacute; a maior m&iacute;dia digital de esporte a motor do Brasil, na Am&eacute;rica Latina e em L&iacute;ngua Portuguesa, editorialmente independente. Nossa grande equipe produz conte&uacute;do di&aacute;rio e pensa em inova&ccedil;&otilde;es constantemente, e n&atilde;o s&oacute; na internet: uma das nossas atua&ccedil;&otilde;es est&aacute; na realiza&ccedil;&atilde;o de eventos, como a Copa GP de Kart. Assim, seu apoio &eacute; sempre importante.<br \/>\n\t\t\t\t\t\t<br \/>\n\t\t\t\t\t\t<a href=\"https:\/\/grandepremium.grandepremio.com\/br\/assine\" target=\"_blank\" rel=\"noopener noreferrer\">Assine o GRANDE PREMIUM<\/a>: veja os planos e o que oferecem, tenha &agrave; disposi&ccedil;&atilde;o uma s&eacute;rie de benef&iacute;cios e exper&ecirc;ncias exclusivas, e fa&ccedil;a parte de um grupo especial, a Scuderia GP, com debate em alto n&iacute;vel.<\/div>\n<\/td>\n<\/tr>\n<\/tbody>\n<\/table>\n<\/div>\n<p><\/p>\n","protected":false},"excerpt":{"rendered":"<p>O Painel de Comiss&aacute;rios da FIM (Federa&ccedil;&atilde;o Internacional de Motociclismo) puniu Miguel Oliveira com tr&ecirc;s posi&ccedil;&otilde;es por dire&ccedil;&atilde;o irrespons&aacute;vel durante o Q1. Assim, o piloto da Tech3 cai de 17&ordm; para 20&ordm;<\/p>\n","protected":false},"author":0,"featured_media":0,"comment_status":"closed","ping_status":"closed","sticky":false,"template":"","format":"standard","meta":{"42wp_featured_image_caption":"","42wp_featured_image_credits":"","42wp_featured_video":"","42wp_featured_image_hidden":false,"42wp_authors_list":[],"footnotes":""},"categories":[8],"tags":[3463,1388,149,79,1657,78,226,847,1814,138],"42wp_author":[47109],"class_list":["post-135022","post","type-post","status-publish","format-standard","hentry","category-motogp","tag-assen","tag-gp-da-holanda","tag-miguel-oliveira","tag-moto-gp","tag-moto-gp-2019","tag-motogp","tag-motogp-2019","tag-mundial-de-motovelocidade","tag-punio","tag-tech3","42wp_author-redacao-gp"],"_links":{"self":[{"href":"https:\/\/grandepremio.com\/br\/wp-json\/wp\/v2\/posts\/135022","targetHints":{"allow":["GET"]}}],"collection":[{"href":"https:\/\/grandepremio.com\/br\/wp-json\/wp\/v2\/posts"}],"about":[{"href":"https:\/\/grandepremio.com\/br\/wp-json\/wp\/v2\/types\/post"}],"replies":[{"embeddable":true,"href":"https:\/\/grandepremio.com\/br\/wp-json\/wp\/v2\/comments?post=135022"}],"version-history":[{"count":0,"href":"https:\/\/grandepremio.com\/br\/wp-json\/wp\/v2\/posts\/135022\/revisions"}],"wp:attachment":[{"href":"https:\/\/grandepremio.com\/br\/wp-json\/wp\/v2\/media?parent=135022"}],"wp:term":[{"taxonomy":"category","embeddable":true,"href":"https:\/\/grandepremio.com\/br\/wp-json\/wp\/v2\/categories?post=135022"},{"taxonomy":"post_tag","embeddable":true,"href":"https:\/\/grandepremio.com\/br\/wp-json\/wp\/v2\/tags?post=135022"},{"taxonomy":"42wp_author","embeddable":true,"href":"https:\/\/grandepremio.com\/br\/wp-json\/wp\/v2\/42wp_author?post=135022"}],"curies":[{"name":"wp","href":"https:\/\/api.w.org\/{rel}","templated":true}]}}