{"id":135041,"date":"2019-06-29T09:34:00","date_gmt":"2019-06-29T12:34:00","guid":{"rendered":"https:\/\/grandepremio.com\/br\/noticias\/ministerio-publico-indica-irregularidade-em-licitacao-para-autodromo-do-rio\/"},"modified":"2020-05-17T04:27:43","modified_gmt":"2020-05-17T07:27:43","slug":"ministerio-publico-indica-irregularidade-em-licitacao-para-autodromo-do-rio","status":"publish","type":"post","link":"https:\/\/grandepremio.com\/br\/f1\/ministerio-publico-indica-irregularidade-em-licitacao-para-autodromo-do-rio\/","title":{"rendered":"Minist\u00e9rio P\u00fablico indica irregularidade em licita\u00e7\u00e3o para aut\u00f3dromo do Rio"},"content":{"rendered":"\n<div>\n<div class=\"embed-responsive embed-responsive-16by9\">\n\t\t<\/div>\n<p><\/p>\n<div style=\"float: left;margin-right: 15px;margin-bottom:15px\">\n\t\t<\/div>\n<p>\tO <strong><a href=\"https:\/\/www.grandepremio.com\/br\/f1\/noticias\/com-unico-interessado-prefeitura-confirma-vencedor-de-licitacao-para-construir-autodromo-no-rio\"><span>processo de licita&ccedil;&atilde;o para a contrata&ccedil;&atilde;o da empresa respons&aacute;vel pela constru&ccedil;&atilde;o do novo aut&oacute;dromo do Rio de Janeiro<\/span><\/a><\/strong> foi feita de forma irregular, de acordo com o Minist&eacute;rio P&uacute;blico Federal. Em reportagem assinada pelos jornalistas Marcio Dolzan e Raphael Ramos, de &lsquo;O Estado de S.Paulo&rsquo;, houve um direcionamento irregular para uma empresa espec&iacute;fica, a Rio Motorsports Holding S.A, &uacute;nica a apresentar a proposta e vencer o processo de licita&ccedil;&atilde;o.<\/div>\n<div>\n\t&nbsp;<\/div>\n<div>\n\tEm documento ao qual o &lsquo;Estad&atilde;o&rsquo; obteve acesso, o Minist&eacute;rio P&uacute;blico Federal indicou que o edital de concorr&ecirc;ncia foi alterado, de modo que a vers&atilde;o final &ldquo;demonstra que a licita&ccedil;&atilde;o &eacute; direcionada para empresa espec&iacute;fica&rdquo;. O &oacute;rg&atilde;o j&aacute; pediu &agrave; Justi&ccedil;a Federal do Rio a suspens&atilde;o da contrata&ccedil;&atilde;o e enviou A&ccedil;&atilde;o Civil ao Minist&eacute;rio P&uacute;blico Estadual.<br \/>\n\t<\/p>\n<div>\n\t\tSegundo o Minist&eacute;rio P&uacute;blico Federal, a primeira minuta do edital lan&ccedil;ado pela Prefeitura do Rio de Janeiro previa que a equipe a ser contratada para a elabora&ccedil;&atilde;o dos projetos da obra de constru&ccedil;&atilde;o do aut&oacute;dromo deveria possuir, entre outros itens, experi&ecirc;ncia na elabora&ccedil;&atilde;o do Estudo de Impacto Ambiental. A &aacute;rea cedida pelo Ex&eacute;rcito para a constru&ccedil;&atilde;o do aut&oacute;dromo no bairro de Deodoro compreende a Floresta de Camboat&aacute;, &uacute;nico ponto remanescente de Mata Atl&acirc;ntica em regi&atilde;o de terra plana no Rio de Janeiro, segundo o MPF.<\/div>\n<div>\n<div class=\"imagem-noticia\">\n<div class=\"imagem-noticia\">\n\t\t\t\t<img decoding=\"async\" src=\"https:\/\/www.grandepremio.com\/br\/wp-content\/uploads\/2019\/06\/20195211610745_circuito-de-deodoro_II.jpg\" title=\"O aut\u00f3dromo de Deodoro no Rio de Janeiro (Foto: Divulga\u00e7\u00e3o)\" \/><\/div>\n<div class=\"legenda-imagem\">\n\t\t\t\t#iconeimagem O aut&oacute;dromo de Deodoro no Rio de Janeiro (Foto: Divulga&ccedil;&atilde;o)<\/div><\/p><\/div><\/p><\/div>\n<div>\n<div style=\"float: left;margin-right: 15px;margin-bottom:15px\">\n\t\t\t<\/div>\n<p>\t\tEntre as exig&ecirc;ncias, a empresa teria de apresentar pelo menos um atestado de capacidade t&eacute;cnica na confec&ccedil;&atilde;o dos projetos de mobilidade urbana e infraestrutura ao redor do local, al&eacute;m de trabalhos de terraplenagem e pavimenta&ccedil;&atilde;o de &aacute;reas. No entanto, o MPF entende que a vers&atilde;o final do edital manteve apenas uma exig&ecirc;ncia: que a empresa tivesse experi&ecirc;ncia na administra&ccedil;&atilde;o de aut&oacute;dromos internacionais.<br \/>\n\t\t&nbsp;<\/div>\n<div>\n\t\tTal altera&ccedil;&atilde;o, de acordo com o &oacute;rg&atilde;o, configura que a licita&ccedil;&atilde;o foi direcionada a uma empresa espec&iacute;fica, no caso a Rio Motorsports Holding S.A.<\/div>\n<div>\n\t\t&nbsp;<\/div>\n<div>\n\t\tOutro ponto que chamou a aten&ccedil;&atilde;o do MPF foi que o processo de an&aacute;lise da proposta apresentada pela empresa vencedora da licita&ccedil;&atilde;o foi recebida pela comiss&atilde;o espec&iacute;fica da Prefeitura na manh&atilde; do dia 20 de maio. No in&iacute;cio da noite do mesmo dia, os integrantes da Comiss&atilde;o de Licita&ccedil;&atilde;o analisaram todo o conte&uacute;do dos quatro envelopes apresentados pela empresa: Garantia de Proposta, Habilita&ccedil;&atilde;o Jur&iacute;dica, Proposta T&eacute;cnica e Proposta Econ&ocirc;mica.<\/div>\n<div>\n\t\t&nbsp;<\/div>\n<div>\n\t\tSegundo a reportagem, o projeto do novo aut&oacute;dromo do Rio de Janeiro est&aacute; or&ccedil;ado em R$ 697 milh&otilde;es. O tra&ccedil;ado do circuito que &eacute; objeto de disputa entre Rio e S&atilde;o Paulo para receber o GP do Brasil de F1 a partir de 2021 conta com 5.835 metros de extens&atilde;o e capacidade para at&eacute; 130 mil pessoas.<br \/>\n\t\t<\/p>\n<div class=\"embed-responsive embed-responsive-16by9\">\n\t\t\t<\/div>\n<p><\/p>\n<div style=\"float: left;margin-right: 15px;margin-bottom:15px\">\n\t\t\t<\/div>\n<div>\n\t\t\tConsultada pela reportagem do &lsquo;Estad&atilde;o&rsquo;, a Prefeitura do Rio de Janeiro argumentou que o processo licitat&oacute;rio foi realizado de acordo com o previsto no edital.<\/div>\n<div>\n\t\t\t&nbsp;<\/div>\n<div>\n\t\t\t&ldquo;O edital resultou de uma PMI (Procedimento de Manifesta&ccedil;&atilde;o de Interesse) lan&ccedil;ada em 2017, com audi&ecirc;ncia p&uacute;blica em 23\/11\/18 e foi analisado durante aproximadamente cinco meses pelo Tribunal de Contas do Munic&iacute;pio do Rio de Janeiro (TCM)&rdquo;, informou a Prefeitura em nota. O &oacute;rg&atilde;o tamb&eacute;m afirmou que &ldquo;a Comiss&atilde;o de Licita&ccedil;&atilde;o adotou integralmente todas as orienta&ccedil;&otilde;es sugeridas pelo TCM&rdquo;.<\/div>\n<div>\n\t\t\t&nbsp;<\/div>\n<div>\n\t\t\tA Rio Motorsports, tamb&eacute;m procurada pela reportagem, se defendeu e argumentou que n&atilde;o foi notificada pelo Minist&eacute;rio P&uacute;blico Federal para prestar esclarecimentos a respeito do processo de licita&ccedil;&atilde;o. &ldquo;A Rio Motorsports reitera sua tranquilidade e absoluta confian&ccedil;a na licitude do processo, que obedeceu as normas legais aplic&aacute;veis e obteve a aprova&ccedil;&atilde;o dos respectivos &oacute;rg&atilde;os fiscalizadores&rdquo;.<\/div><\/p><\/div>\n<div class=\"imagem-noticia\">\n\t\t<img decoding=\"async\" src=\"https:\/\/www.grandepremio.com\/br\/wp-content\/uploads\/2019\/06\/2019620856305_Chase-Carey_II.jpg\" title=\"Chase Carey (Foto: Reprodu\u00e7\u00e3o)\" \/><\/div>\n<div class=\"legenda-imagem\">\n\t\t#iconeimagem Chase Carey (Foto: Reprodu&ccedil;&atilde;o)<\/div>\n<div style=\"float: left;margin-right: 15px;margin-bottom:15px\">\n\t\t<\/div>\n<p>\tNo in&iacute;cio desta semana, o presidente Jair Bolsonaro&nbsp;<strong><a href=\"https:\/\/www.grandepremio.com\/br\/f1\/noticias\/presidente-assina-termo-de-compromisso-ignora-acordo-atual-de-sao-paulo-e-diz-que-f1-volta-ao-rio-em-2020\"><span>voltou a se envolver na negocia&ccedil;&atilde;o para o futuro do GP do Brasil de F&oacute;rmula 1<\/span><\/a><\/strong>. O mandat&aacute;rio se reuniu com o governador do Rio de Janeiro, Wilson Witzel, e com o diretor-executivo da F1, Chase Carey, em Bras&iacute;lia, na &uacute;ltima segunda-feira. Ao fim do encontro, garantiu para a imprensa que a corrida &quot;tem 99% de chance&quot; de voltar para o Rio de Janeiro a partir de 2021. Mas h&aacute; um problema, al&eacute;m da falta de aut&oacute;dromo: Carey foi na dire&ccedil;&atilde;o contr&aacute;ria e&nbsp;<strong><a href=\"https:\/\/www.grandepremio.com\/br\/gp\/noticias\/paddockast-17-formula-1-no-rio-de-janeiro-em-2020-parece-mentira-e-deve-ser-mesmo\"><span>afirmou que n&atilde;o h&aacute; acordo<\/span><\/a><\/strong>.<\/div>\n<p>\nInicialmente, em maio, Bolsonaro, Witzel e o prefeito do Rio de Janeiro, Marcelo Crivella, se juntaram num evento de assinatura do termo de compromisso para que a corrida fosse ao Rio de Janeiro j&aacute; em 2020. Havia, entretanto,&nbsp;<strong><a href=\"https:\/\/www.grandepremio.com\/br\/f1\/noticias\/prefeitura-de-sao-paulo-exerce-opcao-prevista-para-manter-formula-1-em-interlagos-ate-temporada-2025\"><span>o contrato vigente entre a F1 e Interlagos, que ainda engloba a edi&ccedil;&atilde;o 2020 do GP do Brasil<\/span><\/a><\/strong>. S&atilde;o Paulo respondeu com negocia&ccedil;&otilde;es para manter a corrida onde est&aacute; ininterruptamente desde 1990.<br \/>\n<br \/>\nDe acordo com Bolsonaro, enquanto voltava a anunciar a sa&iacute;da da F1 de S&atilde;o Paulo para um aut&oacute;dromo ainda inexistente, &quot;ningu&eacute;m est&aacute; tirando a F&oacute;rmula 1 de S&atilde;o Paulo. Ela est&aacute; permanecendo no Brasil&quot;. A declara&ccedil;&atilde;o assertiva do presidente, por&eacute;m, n&atilde;o encontrou ref&uacute;gio na resposta de Carey. O diretor-executivo afirmou ali mesmo que as negocia&ccedil;&otilde;es com S&atilde;o Paulo seguem e que ainda n&atilde;o existe um acordo fechado com o Rio de Janeiro.<br \/><\/p>\n<table bgcolor=\"#E6E6E6\" border=\"0\" cellpadding=\"1\" cellspacing=\"1\" style=\"width: 743px\">\n<tbody>\n<tr>\n<td>\n\t\t\t\t<b><span>Apoie o&nbsp;<strong>GRANDE PR&Ecirc;MIO<\/strong><\/span><\/b><span>: garanta o futuro do nosso jornalismo&nbsp;<\/span><br \/>\n\t\t\t\t<br \/>\n\t\t\t\tO<strong>&nbsp;GRANDE PR&Ecirc;MIO&nbsp;<\/strong>&eacute; a maior m&iacute;dia digital de esporte a motor do Brasil, na Am&eacute;rica Latina e em L&iacute;ngua Portuguesa, editorialmente independente. Nossa grande equipe produz conte&uacute;do di&aacute;rio e pensa em inova&ccedil;&otilde;es constantemente, e n&atilde;o s&oacute; na internet: uma das nossas atua&ccedil;&otilde;es est&aacute; na realiza&ccedil;&atilde;o de eventos, como a Copa GP de Kart. Assim, seu apoio &eacute; sempre importante.<br \/>\n\t\t\t\t<br \/>\n\t\t\t\t<a href=\"https:\/\/grandepremium.grandepremio.com\/br\/assine\" target=\"_blank\" rel=\"noopener noreferrer\">Assine o GRANDE PREMIUM<\/a>: veja os planos e o que oferecem, tenha &agrave; disposi&ccedil;&atilde;o uma s&eacute;rie de benef&iacute;cios e experi&ecirc;ncias exclusivas, e fa&ccedil;a parte de um grupo especial, a Scuderia GP, com debate em alto n&iacute;vel.<\/td>\n<\/tr>\n<\/tbody>\n<\/table>\n","protected":false},"excerpt":{"rendered":"<p>O Minist&eacute;rio P&uacute;blico Federal entende que o processo de licita&ccedil;&atilde;o da empresa para a constru&ccedil;&atilde;o do aut&oacute;dromo do Rio de Janeiro foi feito de maneira irregular. A informa&ccedil;&atilde;o est&aacute; em mat&eacute;ria do jornal  &lsquo;O Estado de S.Paulo&rsquo;, que afirma ainda que houve um direcionamento para uma empresa espec&iacute;fica, a Rio Motorsports Holding S.A<\/p>\n","protected":false},"author":0,"featured_media":0,"comment_status":"closed","ping_status":"closed","sticky":false,"template":"","format":"standard","meta":{"42wp_featured_image_caption":"","42wp_featured_image_credits":"","42wp_featured_video":"","42wp_featured_image_hidden":false,"42wp_authors_list":[],"footnotes":""},"categories":[2],"tags":[1910,1943],"42wp_author":[47110],"class_list":["post-135041","post","type-post","status-publish","format-standard","hentry","category-f1","tag-jair-bolsonaro","tag-rio-de-janeiro","42wp_author-fernando-silva"],"_links":{"self":[{"href":"https:\/\/grandepremio.com\/br\/wp-json\/wp\/v2\/posts\/135041","targetHints":{"allow":["GET"]}}],"collection":[{"href":"https:\/\/grandepremio.com\/br\/wp-json\/wp\/v2\/posts"}],"about":[{"href":"https:\/\/grandepremio.com\/br\/wp-json\/wp\/v2\/types\/post"}],"replies":[{"embeddable":true,"href":"https:\/\/grandepremio.com\/br\/wp-json\/wp\/v2\/comments?post=135041"}],"version-history":[{"count":0,"href":"https:\/\/grandepremio.com\/br\/wp-json\/wp\/v2\/posts\/135041\/revisions"}],"wp:attachment":[{"href":"https:\/\/grandepremio.com\/br\/wp-json\/wp\/v2\/media?parent=135041"}],"wp:term":[{"taxonomy":"category","embeddable":true,"href":"https:\/\/grandepremio.com\/br\/wp-json\/wp\/v2\/categories?post=135041"},{"taxonomy":"post_tag","embeddable":true,"href":"https:\/\/grandepremio.com\/br\/wp-json\/wp\/v2\/tags?post=135041"},{"taxonomy":"42wp_author","embeddable":true,"href":"https:\/\/grandepremio.com\/br\/wp-json\/wp\/v2\/42wp_author?post=135041"}],"curies":[{"name":"wp","href":"https:\/\/api.w.org\/{rel}","templated":true}]}}