{"id":135064,"date":"2020-01-11T06:49:00","date_gmt":"2020-01-11T09:49:00","guid":{"rendered":"https:\/\/grandepremio.com\/br\/noticias\/chuva-intensa-danifica-autodromo-e-interrompe-24-horas-de-dubai\/"},"modified":"2020-05-14T19:07:39","modified_gmt":"2020-05-14T22:07:39","slug":"chuva-intensa-danifica-autodromo-e-interrompe-24-horas-de-dubai","status":"publish","type":"post","link":"https:\/\/grandepremio.com\/br\/endurance\/chuva-intensa-danifica-autodromo-e-interrompe-24-horas-de-dubai\/","title":{"rendered":"Chuva intensa danifica aut\u00f3dromo e interrompe 24 Horas de Dubai"},"content":{"rendered":"\n<div>\n\tUma chuva de propor&ccedil;&otilde;es assustadoras interrompeu e encerrou a edi&ccedil;&atilde;o 2020 das 24 Horas de Dubai, iniciada na noite de sexta-feira (10) em prova que abriu o calend&aacute;rio da 24H GT Series.<\/div>\n<div>\n\t&nbsp;<\/div>\n<div>\n\tQuando o rel&oacute;gio marcava 22h17 no hor&aacute;rio local (15h17 pelo hor&aacute;rio de Bras&iacute;lia), um temporal intenso caiu nas cercanias do circuito, for&ccedil;ando uma bandeira vermelha na prova. A chuva danificou as estruturas de todo o aut&oacute;dromo de Dubai.&nbsp;<br \/>\n\t&nbsp;<\/div>\n<div>\n\tO n&iacute;vel da &aacute;gua era muito alto na reta dos boxes e no pit-lane. O t&uacute;nel de acesso dos pedestres, abaixo da pista, ficou inundado. Uma drenagem n&atilde;o aconteceria a tempo A corrida teve sete horas de disputa at&eacute; a bandeira vermelha. Apesar dos pilotos e equipes aguardarem por outras cinco horas, a decis&atilde;o m&uacute;tua da dire&ccedil;&atilde;o de prova e dos competidores foi pelo cancelamento.<\/div>\n<div>\n<div class=\"imagem-noticia\">\n\t\t<img decoding=\"async\" src=\"https:\/\/www.grandepremio.com\/br\/wp-content\/uploads\/2020\/01\/2020111740902_Dubai_II.jpg\" title=\"Chuva intensa atingiu estrutura do aut\u00f3dromo de Dubai (Foto: Reprodu\u00e7\u00e3o)\" \/><\/div>\n<div class=\"legenda-imagem\">\n\t\t#iconeimagem Chuva intensa atingiu estrutura do aut&oacute;dromo de Dubai (Foto: Reprodu&ccedil;&atilde;o)<\/div>\n<\/div>\n<div>\n\tOs resultados oficiais foram divulgados. O l&iacute;der da prova era o &aacute;rabe Khaled Al Qubaisi, da equipe alem&atilde; Black Falcon, guiando um Mercedes-AMG GT3. Ele compartilha o carro com Ben Baker, Jeroen Bleekemolen, Hupert Baupt e Manuel Metzger. O time foi declarado vencedor.<\/div>\n<div>\n\t&nbsp;<\/div>\n<div>\n\tNeste mesmo fim de semana, provas da F3 Asi&aacute;tica (que tem o brasileiro Pietro Fittipaldi) e da F4 dos Emirados &Aacute;rabes Unidos foram disputadas, mas nenhuma foi impactada pela chuva, que caiu mesmo apenas na noite de sexta-feira.<\/div>\n<div class=\"embed-responsive embed-responsive-16by9\">\n\t<\/div>\n<p><\/p>\n<p><\/p>\n","protected":false},"excerpt":{"rendered":"<p>Prova de abertura da temporada 24H GT Series teve um dil&uacute;vio de propor&ccedil;&otilde;es absurdas, que acabou danificando a estrutura do aut&oacute;dromo de Dubai e for&ccedil;ando o cancelamento da prova ap&oacute;s apenas sete horas de disputa<\/p>\n","protected":false},"author":0,"featured_media":0,"comment_status":"closed","ping_status":"closed","sticky":false,"template":"","format":"standard","meta":{"42wp_featured_image_caption":"","42wp_featured_image_credits":"","42wp_featured_video":"","42wp_featured_image_hidden":false,"42wp_authors_list":[],"footnotes":""},"categories":[18],"tags":[1134,1135,427,1133],"42wp_author":[47109],"class_list":["post-135064","post","type-post","status-publish","format-standard","hentry","category-endurance","tag-chuva","tag-dubai","tag-endurance","tag-gt","42wp_author-redacao-gp"],"_links":{"self":[{"href":"https:\/\/grandepremio.com\/br\/wp-json\/wp\/v2\/posts\/135064","targetHints":{"allow":["GET"]}}],"collection":[{"href":"https:\/\/grandepremio.com\/br\/wp-json\/wp\/v2\/posts"}],"about":[{"href":"https:\/\/grandepremio.com\/br\/wp-json\/wp\/v2\/types\/post"}],"replies":[{"embeddable":true,"href":"https:\/\/grandepremio.com\/br\/wp-json\/wp\/v2\/comments?post=135064"}],"version-history":[{"count":0,"href":"https:\/\/grandepremio.com\/br\/wp-json\/wp\/v2\/posts\/135064\/revisions"}],"wp:attachment":[{"href":"https:\/\/grandepremio.com\/br\/wp-json\/wp\/v2\/media?parent=135064"}],"wp:term":[{"taxonomy":"category","embeddable":true,"href":"https:\/\/grandepremio.com\/br\/wp-json\/wp\/v2\/categories?post=135064"},{"taxonomy":"post_tag","embeddable":true,"href":"https:\/\/grandepremio.com\/br\/wp-json\/wp\/v2\/tags?post=135064"},{"taxonomy":"42wp_author","embeddable":true,"href":"https:\/\/grandepremio.com\/br\/wp-json\/wp\/v2\/42wp_author?post=135064"}],"curies":[{"name":"wp","href":"https:\/\/api.w.org\/{rel}","templated":true}]}}