{"id":135136,"date":"2020-01-08T14:33:00","date_gmt":"2020-01-08T17:33:00","guid":{"rendered":"https:\/\/grandepremio.com\/br\/noticias\/enzo-fittipaldi-sobe-de-categoria-e-corre-f3-em-2020-pela-hwa\/"},"modified":"2020-05-14T19:21:39","modified_gmt":"2020-05-14T22:21:39","slug":"enzo-fittipaldi-sobe-de-categoria-e-corre-f3-em-2020-pela-hwa","status":"publish","type":"post","link":"https:\/\/grandepremio.com\/br\/f3\/enzo-fittipaldi-sobe-de-categoria-e-corre-f3-em-2020-pela-hwa\/","title":{"rendered":"Enzo Fittipaldi sobe de categoria e corre F3 em 2020 pela HWA"},"content":{"rendered":"\n<div class=\"embed-responsive embed-responsive-16by9\">\n\t<\/div>\n<p>\nO segundo ano da F3 sob chancela da FIA ter&aacute; ao menos um brasileiro: Enzo Fittipaldi foi confirmado na categoria nesta quarta-feira (8). Ele ser&aacute; membro da HWA Racelab, e ter&aacute; como companheiros o australiano Jack Doohan e o brit&acirc;nico Jake Hughes.<br \/>\n<br \/>\n<a href=\"https:\/\/grandepremio.com\/br\/outras\/noticias\/retrospectiva-2019-com-fittipaldi-e-petecof-vices-brasileiros-tem-ano-sem-titulos-importantes-na-base\"><strong>Fittipaldi deixa, assim, a F3 Regional Europeia, onde correu no &uacute;ltimo ano pela Prema e foi vice-campe&atilde;o<\/strong><\/a>, com duas vit&oacute;rias e 13 p&oacute;dios, ficando atr&aacute;s apenas do dinamarqu&ecirc;s Frederik Vesti (que tamb&eacute;m vai para a F3) &#8211; o brasileiro Igor Fraga completou o top-3.<br \/>\n<br \/>\nO jovem de 18 anos &eacute; membro da Academia de Pilotos da Ferrari desde 2017. No ano seguinte, foi campe&atilde;o da F4 Italiana pela mesma Prema. Em 2019, andou com um F3 em Macau, terminando em 16&deg;.<\/p>\n<div class=\"imagem-noticia\">\n\t<img decoding=\"async\" src=\"https:\/\/www.grandepremio.com\/br\/wp-content\/uploads\/2020\/01\/20186181527935_339912_800900_adacf4lausitzring896_II.jpg\" title=\"Enzo Fittipaldi venceu as tr\u00eas corridas do final de semana (Foto: Divulga\u00e7\u00e3o)\" \/><\/div>\n<div class=\"legenda-imagem\">\n\t#iconeimagem Enzo Fittipaldi (Foto: Divulga&ccedil;&atilde;o)<\/div>\n<p>Se seguir a tend&ecirc;ncia nacional, Fittipaldi se candidata a uma vaga na F2 em 2021, j&aacute; que foi esse o caminho que os dois brasileiros que disputaram a F3 em 2019 tomaram: <strong><a href=\"https:\/\/www.grandepremio.com\/br\/f2\/noticias\/drugovich-assina-com-mp-e-e-segundo-brasileiro-na-f2-em-2020\">Felipe Drugovich correr&aacute; pela MP<\/a><\/strong>, enquanto <strong><a href=\"https:\/\/grandepremio.com\/br\/f2\/noticias\/piquet-assina-com-charouz-e-faz-dupla-com-deletraz-na-f2-em-2020\">Pedro Piquet estar&aacute; na Charouz<\/a><\/strong>.&nbsp;<br \/>\n<br \/>\nA F3 2020 tem nove etapas programadas, com a abertura no Bahrein, que recebe rodada dupla nos dias 21 e 22 de mar&ccedil;o.&nbsp;<br \/><\/p>\n<div>\n<div><\/div>\n<\/div>\n<p><\/p>\n","protected":false},"excerpt":{"rendered":"<p>Enzo Fittipaldi &eacute; o primeiro brasileiro confirmado na F3 em 2020, a segundo categoria de acesso na fila que leva &agrave; F&oacute;rmula 1. Ele deixa, assim, a F3 Regional Europeia, onde foi vice no &uacute;ltimo ano<\/p>\n","protected":false},"author":0,"featured_media":0,"comment_status":"closed","ping_status":"closed","sticky":false,"template":"","format":"standard","meta":{"42wp_featured_image_caption":"","42wp_featured_image_credits":"","42wp_featured_video":"","42wp_featured_image_hidden":false,"42wp_authors_list":[],"footnotes":""},"categories":[10],"tags":[409,1008,207],"42wp_author":[47109],"class_list":["post-135136","post","type-post","status-publish","format-standard","hentry","category-f3","tag-enzo-fittipaldi","tag-f3","tag-ferrari","42wp_author-redacao-gp"],"_links":{"self":[{"href":"https:\/\/grandepremio.com\/br\/wp-json\/wp\/v2\/posts\/135136","targetHints":{"allow":["GET"]}}],"collection":[{"href":"https:\/\/grandepremio.com\/br\/wp-json\/wp\/v2\/posts"}],"about":[{"href":"https:\/\/grandepremio.com\/br\/wp-json\/wp\/v2\/types\/post"}],"replies":[{"embeddable":true,"href":"https:\/\/grandepremio.com\/br\/wp-json\/wp\/v2\/comments?post=135136"}],"version-history":[{"count":0,"href":"https:\/\/grandepremio.com\/br\/wp-json\/wp\/v2\/posts\/135136\/revisions"}],"wp:attachment":[{"href":"https:\/\/grandepremio.com\/br\/wp-json\/wp\/v2\/media?parent=135136"}],"wp:term":[{"taxonomy":"category","embeddable":true,"href":"https:\/\/grandepremio.com\/br\/wp-json\/wp\/v2\/categories?post=135136"},{"taxonomy":"post_tag","embeddable":true,"href":"https:\/\/grandepremio.com\/br\/wp-json\/wp\/v2\/tags?post=135136"},{"taxonomy":"42wp_author","embeddable":true,"href":"https:\/\/grandepremio.com\/br\/wp-json\/wp\/v2\/42wp_author?post=135136"}],"curies":[{"name":"wp","href":"https:\/\/api.w.org\/{rel}","templated":true}]}}