{"id":13517,"date":"2025-12-29T05:30:00","date_gmt":"2025-12-29T08:30:00","guid":{"rendered":"https:\/\/grandepremio.com\/br\/noticias\/retrospectiva-2025-toprak-razgatlioglu-despede-tri-jonathan-rea-da-adeus-mundial-superbike\/"},"modified":"2025-12-28T14:22:37","modified_gmt":"2025-12-28T17:22:37","slug":"retrospectiva-2025-toprak-razgatlioglu-despede-tri-jonathan-rea-da-adeus-mundial-superbike","status":"publish","type":"post","link":"https:\/\/grandepremio.com\/br\/superbike\/retrospectiva-2025-toprak-razgatlioglu-despede-tri-jonathan-rea-da-adeus-mundial-superbike\/","title":{"rendered":"Retrospectiva 2025: Razgatlioglu se despede com tri e Rea d\u00e1 adeus ao WSBK"},"content":{"rendered":"\n<p class=\"wp-block-paragraph\"><strong>2025 VAI DEIXAR UMA MARCA PROFUNDA NO MUNDIAL DE SUPERBIKE<\/strong>. Em uma \u00fanica tacada, a s\u00e9rie das motos de produ\u00e7\u00e3o perdeu dois dos principais nomes da categoria: <strong>Toprak Razgatlioglu <\/strong>e <strong>Jonathan Rea<\/strong>. O primeiro decidiu partir para realizar o sonho de correr na <strong>MotoGP<\/strong>. O segundo, concluiu que chegou a hora de pendurar o capacete.<\/p>\n\n\n\n<p class=\"wp-block-paragraph\">Depois de muito ensaiar, Razgatlioglu decidiu que era hora de se arriscar e assinou com a Yamaha para correr com a <strong>Pramac <\/strong>na <strong>MotoGP<\/strong>. O turco, no entanto, decidiu que queria partir em grande estilo: conquistando o terceiro t\u00edtulo no <strong>Mundial de Superbike<\/strong>. E assim o fez.<\/p>\n\n\n\n<p class=\"wp-block-paragraph\">Correndo com a <strong>BMW<\/strong>, Razgatlioglu teve Nicol\u00f2 Bulega como principal advers\u00e1rio. O italiano come\u00e7ou a temporada com for\u00e7a e dominou a etapa da <strong>Austr\u00e1lia<\/strong>, de cara abrindo 42 pontos de vantagem para \u2018<strong><em>El Turco<\/em><\/strong>\u2019. A rea\u00e7\u00e3o de Toprak chegou no <strong>Algarve<\/strong>, com a dist\u00e2ncia caindo para 29.<\/p>\n\n\n\n<p class=\"wp-block-paragraph\">Em <strong>Assen<\/strong>, Bulega teve um fim de semana mais dif\u00edcil, com dois abandonos em tr\u00eas provas, mas a diferen\u00e7a s\u00f3 baixou para 21. Correndo em casa, o italiano aproveitou Cremona para se afastar mais uma vez, levando a margem para 34 tentos.<\/p>\n\n\n\n<figure class=\"wp-block-image size-large\"><img decoding=\"async\" src=\"https:\/\/www.grandepremio.com\/br\/wp-content\/uploads\/2025\/10\/56286_jdr_r12_2025_ambience_full-1200x675.jpg\" alt=\"\" class=\"wp-image-1024690\"\/><figcaption class=\"wp-element-caption\">Toprak Razgatlioglu fecha carreira no Mundial de Superbike com tricampeonato (Foto: WSBK)<\/figcaption><\/figure>\n\n\n\n<p class=\"wp-block-paragraph\">\u25b6\ufe0f&nbsp;<strong>Inscreva-se nos dois canais do GRANDE PR\u00caMIO no YouTube:&nbsp;<a href=\"https:\/\/www.youtube.com\/channel\/UC9OlHEgxoaY6QY6nWPoiqQg?sub_confirmation=1\" target=\"_blank\" rel=\"noreferrer noopener\">GP<\/a>&nbsp;|&nbsp;<a href=\"https:\/\/www.youtube.com\/channel\/UC9csiS6q_C3C0FYhyr1rnFA?sub_confirmation=1\" target=\"_blank\" rel=\"noreferrer noopener\">GP2<\/a><\/strong><a href=\"https:\/\/www.grandepremio.com\/br\/chefao\/\" target=\"_blank\" rel=\"noreferrer noopener\"><\/a><\/p>\n\n\n\n<p class=\"wp-block-paragraph\">A diferen\u00e7a seguiu mais ou menos est\u00e1vel em <strong>Most<\/strong>, mas caiu para valer em <strong>Misano<\/strong>, onde um abandono de Bulega da corrida <strong>Superpole <\/strong>facilitou para Razgatlioglu baixar o atraso para s\u00f3 nove pontos.<\/p>\n\n\n\n<p class=\"wp-block-paragraph\">A virada veio na \u00faltima corrida da rodada de <strong>Donington Park<\/strong>, quando Toprak passou Bulega por s\u00f3 tr\u00eas pontos na classifica\u00e7\u00e3o. A partir da\u00ed, o titular da BMW n\u00e3o mais saiu da ponta. Ainda assim, Nicol\u00f2 conseguiu arrastar a disputa at\u00e9 a \u00faltima rodada, em <strong>Jerez<\/strong>, onde os dois chegaram separados por 39 pontos.<\/p>\n\n\n\n<p class=\"wp-block-paragraph\">A decis\u00e3o, por\u00e9m, n\u00e3o ocorreu sem pol\u00eamica. Na corrida Superpole espanhola, Bulega tocou Toprak, que caiu e n\u00e3o conseguiu completar a prova. O italiano foi punido pelo lance, mas isso n\u00e3o aplacou a f\u00faria da torcida turca. Nicol\u00f2 revelou depois que precisou andar acompanhado pela pol\u00edcia e chegou a receber amea\u00e7as.<\/p>\n\n\n\n<p class=\"wp-block-paragraph\">Razgatlioglu classificou o lance como um incidente de corrida e celebrou o tricampeonato antes de partir em busca do sonho da MotoGP, agradecendo a BMW pelo tempo na s\u00e9rie das motos de produ\u00e7\u00e3o.<\/p>\n\n\n\n<p class=\"wp-block-paragraph\">O astro turco, entretanto, n\u00e3o ser\u00e1 \u00fanico nome de peso a deixar o grid na temporada <strong>2025<\/strong>. Aos 38 anos, <strong>Jonathan Rea<\/strong> anunciou a aposentadoria do Mundial de Superbike. Correndo com a <strong>Yamaha<\/strong>, o norte-irland\u00eas teve muitas les\u00f5es desde <strong>2024 <\/strong>e entendeu que era hora de se despedir do campeonato.<\/p>\n\n\n\n<p class=\"wp-block-paragraph\">Rea, por\u00e9m, sai de cena como hexacampe\u00e3o da categoria, com t\u00edtulos em <strong>2015<\/strong>, <strong>2016<\/strong>, <strong>2017<\/strong>, <strong>2018<\/strong>, <strong>2019 <\/strong>e <strong>2020<\/strong>. Ao longo da carreira, ele somou 119 vit\u00f3rias, 264 p\u00f3dios e 45 poles, somando 6382,5 pontos.<\/p>\n\n\n\n<p class=\"wp-block-paragraph\">Para 2026, o Mundial de Superbike ter\u00e1 de se reconstruir. Mas ter\u00e1 de fazer isso ser o carisma de Razgatlioglu e sem o curr\u00edculo expressivo de um dos maiores nomes da hist\u00f3ria.<\/p>\n\n\n\n<p class=\"wp-block-paragraph\">O&nbsp;<strong>Mundial de Superbike<\/strong>&nbsp;agora entra de f\u00e9rias e retorna somente no pr\u00f3ximo ano. A temporada 2026 come\u00e7a em&nbsp;<strong>Phillip Island<\/strong>, na&nbsp;<strong>Austr\u00e1lia<\/strong>, entre os dias 20 e 22 de fevereiro.<\/p>\n","protected":false},"excerpt":{"rendered":"<p>A temporada 2025 cobrou uma conta salgada do Mundial de Superbike, com a despedida de dois astros da categoria: Toprak Razgatlioglu partiu para realizar o sonho de correr na MotoGP, enquanto Jonathan Rea decidiu encerrar a carreira <\/p>\n","protected":false},"author":0,"featured_media":1001021647,"comment_status":"closed","ping_status":"closed","sticky":false,"template":"","format":"standard","meta":{"42wp_featured_image_caption":"","42wp_featured_image_credits":"","42wp_featured_video":"","42wp_featured_image_hidden":false,"42wp_authors_list":[],"footnotes":""},"categories":[15],"tags":[707,26793,33986,131,1491,28285,37742,1597,950,42030,4217,939,42699,45227,2174,39249,172],"42wp_author":[47113],"class_list":["post-13517","post","type-post","status-publish","format-standard","has-post-thumbnail","hentry","category-superbike","tag-bmw","tag-calendario-wsbk","tag-classificacao-wsbk","tag-ducati","tag-grande-premio","tag-grandepremio","tag-horarios-wsbk","tag-jonathan-rea","tag-mundial-de-superbike","tag-mundial-de-superbike-2025","tag-nicolo-bulega","tag-superbike","tag-temporada-2025-wsbk","tag-toprak-razgatliolgu","tag-wsbk","tag-wsbk-2025","tag-yamaha","42wp_author-juliana-tesser"],"_links":{"self":[{"href":"https:\/\/grandepremio.com\/br\/wp-json\/wp\/v2\/posts\/13517","targetHints":{"allow":["GET"]}}],"collection":[{"href":"https:\/\/grandepremio.com\/br\/wp-json\/wp\/v2\/posts"}],"about":[{"href":"https:\/\/grandepremio.com\/br\/wp-json\/wp\/v2\/types\/post"}],"replies":[{"embeddable":true,"href":"https:\/\/grandepremio.com\/br\/wp-json\/wp\/v2\/comments?post=13517"}],"version-history":[{"count":0,"href":"https:\/\/grandepremio.com\/br\/wp-json\/wp\/v2\/posts\/13517\/revisions"}],"wp:featuredmedia":[{"embeddable":true,"href":"https:\/\/grandepremio.com\/br\/wp-json\/wp\/v2\/media\/1001021647"}],"wp:attachment":[{"href":"https:\/\/grandepremio.com\/br\/wp-json\/wp\/v2\/media?parent=13517"}],"wp:term":[{"taxonomy":"category","embeddable":true,"href":"https:\/\/grandepremio.com\/br\/wp-json\/wp\/v2\/categories?post=13517"},{"taxonomy":"post_tag","embeddable":true,"href":"https:\/\/grandepremio.com\/br\/wp-json\/wp\/v2\/tags?post=13517"},{"taxonomy":"42wp_author","embeddable":true,"href":"https:\/\/grandepremio.com\/br\/wp-json\/wp\/v2\/42wp_author?post=13517"}],"curies":[{"name":"wp","href":"https:\/\/api.w.org\/{rel}","templated":true}]}}