{"id":135173,"date":"2020-01-08T04:30:00","date_gmt":"2020-01-08T07:30:00","guid":{"rendered":"https:\/\/grandepremio.com\/br\/noticias\/renovacao-de-verstappen-poe-luz-sobre-futuro-da-mercedes-e-da-f1-2\/"},"modified":"2020-05-29T09:52:52","modified_gmt":"2020-05-29T12:52:52","slug":"renovacao-de-verstappen-poe-luz-sobre-futuro-da-mercedes-e-da-f1-2","status":"publish","type":"post","link":"https:\/\/grandepremio.com\/br\/f1\/renovacao-de-verstappen-poe-luz-sobre-futuro-da-mercedes-e-da-f1-2\/","title":{"rendered":"Renova\u00e7\u00e3o de Verstappen p\u00f5e luz sobre futuro da Mercedes e da F1"},"content":{"rendered":"\n<div>\n\tA <strong><a href=\"https:\/\/www.grandepremio.com\/br\/f1\/noticias\/ao-segurar-verstappen-red-bull-tem-tranquilidade-e-espanta-ameaca-mercedes\"><span style=\"color:#ff0000\">Red Bull acabou com grande parte da divers&atilde;o daquilo que &eacute; conhecido como &lsquo;silly season&rsquo;<\/span><\/a><\/strong> na F1 &ndash; &eacute; o per&iacute;odo em que se especula muito, mas tamb&eacute;m se negocia na mesma propor&ccedil;&atilde;o. Normalmente, essa fase acontece mais perto da pausa do ver&atilde;o europeu, na metade de temporada. E 2020 prometia enorme movimenta&ccedil;&atilde;o e rumores, especialmente porque os principais pilotos do grid est&atilde;o pr&oacute;ximos do fim de seus atuais contratos. &Eacute; o caso de Lewis Hamilton e Sebastian Vettel, por exemplo. E era tamb&eacute;m o de Max Verstappen. S&oacute; que a esquadra austr&iacute;aca n&atilde;o quis esperar nada e, acertadamente, <strong><a href=\"https:\/\/www.grandepremio.com\/br\/f1\/noticias\/red-bull-renova-e-garante-verstappen-ate-temporada-2023\"><span style=\"color:#ff0000\">tratou de tirar de vez seu maior astro do mercado ao fechar um longo contrato at&eacute; 2023<\/span><\/a><\/strong>.<\/div>\n<div>\n\t&nbsp;<\/div>\n<div>\n\tFoi uma bela jogada, sem d&uacute;vida, porque 1) fortalece e p&otilde;e confian&ccedil;a na parceria com a Honda &ndash; que deve ir al&eacute;m de 2021 &ndash; e 2) d&aacute; a entender que os austr&iacute;acos est&atilde;o mesmo dispostos a elevar o sarrafo, especialmente a partir do pr&oacute;ximo Mundial, j&aacute; dentro das novas regras. Surpreende, &eacute; claro, o momento. Como dito, o campeonato sequer come&ccedil;ou e uma pe&ccedil;a importante do quebra-cabe&ccedil;as do grid j&aacute; est&aacute; devidamente encaixada.&nbsp;<\/div>\n<div>\n<div class=\"imagem-noticia\">\n\t\t<img decoding=\"async\" src=\"https:\/\/www.grandepremio.com\/br\/wp-content\/uploads\/2020\/01\/20201394676_ENW3PniXkAAT_uI_II.jpg\" title=\"Verstappen exibe com orgulho o emblema da Honda (Foto: Reprodu\u00e7\u00e3o)\" \/><\/div>\n<div class=\"legenda-imagem\">\n\t\t#iconeimagem Verstappen fica na Red Bull at&eacute; 2023 (Foto: Reprodu&ccedil;&atilde;o)<\/div>\n<\/div>\n<div>\n\tE esse movimento, at&eacute; mais do que a <strong><a href=\"https:\/\/grandepremio.com\/br\/f1\/noticias\/ferrari-anuncia-novo-contrato-com-leclerc-ate-fim-da-temporada-2024\"><span style=\"color:#ff0000\">amplia&ccedil;&atilde;o do contrato de Charles Leclerc com a Ferrari<\/span><\/a><\/strong>, tem significados importantes, que v&atilde;o desde a garantia de uma luta entre os dois jovens, Max e Charles, at&eacute; o futuro da pr&oacute;pria F1, passando inevitavelmente pela Mercedes.<\/div>\n<div>\n\t&nbsp;<\/div>\n<div>\n\tA <strong><a href=\"https:\/\/grandepremio.com\/br\/f1\/classificacao\"><span style=\"color:#ff0000\">equipe campe&atilde; das seis &uacute;ltimas temporadas<\/span><\/a><\/strong> sempre esteve no radar de Verstappen e vice-versa. Para muitos, o holand&ecirc;s era visto como o substituto natural de Hamilton, <strong><a href=\"https:\/\/grandepremio.com\/br\/f1\/noticias\/jos-verstappen-responde-a-consultor-da-red-bull-e-nega-ligacoes-de-wolff-para-max-nem-tem-seu-numero\"><span style=\"color:#ff0000\">dadas as declara&ccedil;&otilde;es do chefe Toto Wolff e do esfor&ccedil;o do pai do jovem em manter uma porta aberta<\/span><\/a><\/strong>. Agora, no entanto, com uma decis&atilde;o t&atilde;o prematura, a impress&atilde;o que fica &eacute; que Max deu com essa porta na cara. E talvez por duas raz&otilde;es: ou Wolff foi capaz de convencer o hexacampe&atilde;o a permanecer mais tempo com os alem&atilde;es, garantindo tamb&eacute;m a sua presen&ccedil;a no posto de chefia, assim como a da pr&oacute;pria marca na F1; ou a c&uacute;pula do time prata decidiu que &eacute; hora de tirar o p&eacute;. &Eacute; bom lembrar que as equipes ainda n&atilde;o assinaram o novo Pacto da Conc&oacute;rdia, e isso tem muito peso nas negocia&ccedil;&otilde;es futuras.<\/div>\n<div>\n\t&nbsp;<\/div>\n<div>\n\tDe toda a forma, n&atilde;o parece veross&iacute;mil acreditar que a Mercedes v&aacute; realmente deixar a F1 ap&oacute;s 2020 ou reduzir drasticamente sua participa&ccedil;&atilde;o, especialmente depois do dom&iacute;nio dos &uacute;ltimos anos, mas &eacute; verdade tamb&eacute;m que o chefe austr&iacute;aco est&aacute; a alguns meses do fim de seu contrato. <strong><a href=\"https:\/\/grandepremio.com\/br\/f1\/noticias\/hamilton-ve-combinacao-perfeita-e-teme-por-saida-de-wolff-da-mercedes\"><span style=\"color:#ff0000\">E Hamilton j&aacute; deixou claro que seguir com a marca vai depender tamb&eacute;m do que Toto vai fazer, uma vez que o comando do austr&iacute;aco tem grande responsabilidade pelo sucesso da estrela de tr&ecirc;s pontas nesta era h&iacute;brida<\/span><\/a><\/strong>. No meio disso tudo, ainda h&aacute; essa liga&ccedil;&atilde;o Hamilton-Ferrari.<\/div>\n<div>\n\t&nbsp;<\/div>\n<div>\n\tFalou-se muito sobre isso no fim do ano passado, quando o chefe ferrarista, Mattia Binotto, se mostrou feliz em saber sobre o limite do contrato de Lewis. A partir da&iacute;, <strong><a href=\"https:\/\/grandepremio.com\/br\/f1\/noticias\/ferrari-admite-encontro-social-com-hamilton-mas-nega-decisao-sobre-2021\"><span style=\"color:#ff0000\">o presidente da f&aacute;brica italiana revelou um &ldquo;encontro social&rdquo; com o brit&acirc;nico<\/span><\/a><\/strong>, o que alimentou rumores de todo o tipo. De qualquer forma, defender as cores da Ferrari &eacute; sempre tentador. S&oacute; que h&aacute; um por&eacute;m. A escuderia tamb&eacute;m j&aacute; deu um sinal claro de como v&ecirc; o futuro. <strong><a href=\"https:\/\/grandepremio.com\/br\/f1\/noticias\/ferrari-da-recado-em-acordo-com-leclerc-e-poe-em-duvida-futuro-de-vettel\"><span style=\"color:#ff0000\">E neste contexto, parece n&atilde;o haver espa&ccedil;o para Hamilton. At&eacute; porque h&aacute; Vettel e seu pr&oacute;prio futuro<\/span><\/a><\/strong>.<\/div>\n<div>\n\t&nbsp;<\/div>\n<div>\n\tA verdade &eacute; que os an&uacute;ncios de Red Bull e Ferrari colocam, de certa maneira, a Mercedes contra a parede, embora seja dif&iacute;cil pensar que a esquadra de Wolff seja pega de surpresa por qualquer raz&atilde;o. Mas, evidentemente, a equipe alem&atilde; vai precisar de Hamilton por mais tempo e tem de convenc&ecirc;-lo a isso, se o plano for permanecer na F1 enquanto equipe. Mas at&eacute; quando o ingl&ecirc;s ficaria? Mais dois anos? Tr&ecirc;s? Dif&iacute;cil prever, ainda mais se houver um t&iacute;tulo a mais e praticamente todos os principais recordes batidos.<\/div>\n<div>\n<div class=\"imagem-noticia\">\n\t\t<img decoding=\"async\" src=\"https:\/\/www.grandepremio.com\/br\/wp-content\/uploads\/2020\/01\/20191211240396_mercedes-lewishamilton-06_II.jpg\" title=\"Lewis Hamilton (Foto: AFP)\" \/><\/div>\n<div class=\"legenda-imagem\">\n\t\t#iconeimagem Quanto tempo mais Lewis Hamilton vai defender a Mercedes? (Foto: AFP)<\/div>\n<\/div>\n<div>\n\tPortanto, a Mercedes precisa formar um substituto. E Valtteri Bottas n&atilde;o &eacute; o homem que vai herdar o trono, ent&atilde;o tem-se a&iacute;, ao menos por enquanto, Esteban Ocon e, principalmente, George Russell. O ingl&ecirc;s, na verdade, leva at&eacute; mais vantagem, pois nem precisa esperar uma decis&atilde;o de Hamilton ou um vencimento de contrato.&nbsp;<\/div>\n<div>\n\t&nbsp;<\/div>\n<div>\n\tDiante desse cen&aacute;rio, os alem&atilde;es t&ecirc;m uma urg&ecirc;ncia, o que parece quase um castigo por tantos anos de dom&iacute;nio implac&aacute;vel. A Red Bull agiu r&aacute;pido e respondeu tamb&eacute;m ao movimento feito pela Ferrari com Leclerc, o que assegura a chance de a F1 testemunhar uma rivalidade explosiva nos pr&oacute;ximos anos. Afinal, os dois representam o melhor dessa nov&iacute;ssima gera&ccedil;&atilde;o e est&atilde;o em duas das maiores equipes do grid. Ou seja, a maior das categorias tem o futuro garantido. E talvez esse seja o maior bem desse an&uacute;ncio dos energ&eacute;ticos.<\/div>\n<div>\n\t&nbsp;<\/div>\n<div class=\"embed-responsive embed-responsive-16by9\">\n\t<\/div>\n<table bgcolor=\"#ADD8E6<br \/>\n&#8221; border=&#8221;1&#8243; cellpadding=&#8221;1&#8243; cellspacing=&#8221;1&#8243; style=&#8221;width: 100%&#8221;><br \/>\n<tbody>\n<tr>\n<td>\n\t\t\t\t<span style=\"color:#000000\"><span style=\"font-size:18px\"><strong>Paddockast #46<br \/>\n\t\t\t\tOS 10 MELHORES PILOTOS DA D&Eacute;CADA<\/strong><\/span><\/span><br \/>\n\t\t\t\t<br \/>\n\t\t\t\tOu&ccedil;a: <a href=\"http:\/\/open.spotify.com\/show\/5OBbp8MzxQymoyneX4IviF?si=gYqPr53GSaa-AcxFpOzJHg\">Spotify<\/a> | <a href=\"http:\/\/podcasts.apple.com\/br\/podcast\/paddockast\/id1371540198\">iTunes<\/a> | <a href=\"http:\/\/www.subscribeonandroid.com\/www.central3.com.br\/category\/podcasts\/paddockast\/feed\/podcast\/\">Android<\/a> | <a href=\"http:\/\/player.fm\/series\/paddockast\">playerFM<\/a><\/td>\n<\/tr>\n<\/tbody>\n<\/table>\n<p><\/p>\n<div>\n<div>\n<table bgcolor=\"#E6E6E6\" border=\"0\" cellpadding=\"1\" cellspacing=\"1\" style=\"width: 100%\">\n<tbody>\n<tr>\n<td>\n<div>\n\t\t\t\t\t\t\t<b><span style=\"color:#FF0040\">Apoie o <strong> GRANDE PR&Ecirc;MIO<\/strong><\/span><\/b><span style=\"color:#FF0040\">: garanta o futuro do nosso jornalismo <\/span><br \/>\n\t\t\t\t\t\t\t<br \/>\n\t\t\t\t\t\t\tO<strong> GRANDE PR&Ecirc;MIO <\/strong>&eacute; a maior m&iacute;dia digital de esporte a motor do Brasil, na Am&eacute;rica Latina e em L&iacute;ngua Portuguesa, editorialmente independente. Nossa grande equipe produz conte&uacute;do di&aacute;rio e pensa em inova&ccedil;&otilde;es constantemente, e n&atilde;o s&oacute; na internet: uma das nossas atua&ccedil;&otilde;es est&aacute; na realiza&ccedil;&atilde;o de eventos, como a Copa GP de Kart. Assim, seu apoio &eacute; sempre importante.<br \/>\n\t\t\t\t\t\t\t<br \/>\n\t\t\t\t\t\t\t<a href=\"https:\/\/grandepremium.grandepremio.com\/br\/assine\" target=\"_blank\" rel=\"noopener noreferrer\">Assine o GRANDE PREMIUM<\/a>: veja os planos e o que oferecem, tenha &agrave; disposi&ccedil;&atilde;o uma s&eacute;rie de benef&iacute;cios e experi&ecirc;ncias exclusivas, e fa&ccedil;a parte de um grupo especial, a Scuderia GP, com debate em alto n&iacute;vel.<\/div>\n<\/td>\n<\/tr>\n<\/tbody>\n<\/table><\/div>\n<\/div>\n<p><\/p>\n","protected":false},"excerpt":{"rendered":"<p>2020 prometia ser um ano de grande agito no que diz respeito &agrave;s negocia&ccedil;&otilde;es de contratos dos principais pilotos do grid, s&oacute; que boa parte da divers&atilde;o da chamada &lsquo;silly season&rsquo; acabou de forma precoce, especialmente depois do an&uacute;ncio da renova&ccedil;&atilde;o do v&iacute;nculo de Max Verstappen com a Red Bull, que quer dizer muito mais do que aparenta, porque envolve n&atilde;o s&oacute; a equipe austr&iacute;aca, como tamb&eacute;m as rivais Mercedes e Ferrari e at&eacute; a pr&oacute;pria F1<\/p>\n","protected":false},"author":0,"featured_media":0,"comment_status":"closed","ping_status":"closed","sticky":false,"template":"","format":"standard","meta":{"42wp_featured_image_caption":"","42wp_featured_image_credits":"","42wp_featured_video":"","42wp_featured_image_hidden":false,"42wp_authors_list":[],"footnotes":""},"categories":[2],"tags":[209,147,118,180,800,915,87,82,204,210,150,612],"42wp_author":[47115],"class_list":["post-135173","post","type-post","status-publish","format-standard","hentry","category-f1","tag-charles-leclerc","tag-f1","tag-f1-2020","tag-formula-1","tag-george-russell","tag-grid","tag-lewis-hamilton","tag-mercedes","tag-red-bull","tag-sebastian-vettel","tag-toto-wolff","tag-valtteri-bottas","42wp_author-evelyn-guimaraes"],"_links":{"self":[{"href":"https:\/\/grandepremio.com\/br\/wp-json\/wp\/v2\/posts\/135173","targetHints":{"allow":["GET"]}}],"collection":[{"href":"https:\/\/grandepremio.com\/br\/wp-json\/wp\/v2\/posts"}],"about":[{"href":"https:\/\/grandepremio.com\/br\/wp-json\/wp\/v2\/types\/post"}],"replies":[{"embeddable":true,"href":"https:\/\/grandepremio.com\/br\/wp-json\/wp\/v2\/comments?post=135173"}],"version-history":[{"count":0,"href":"https:\/\/grandepremio.com\/br\/wp-json\/wp\/v2\/posts\/135173\/revisions"}],"wp:attachment":[{"href":"https:\/\/grandepremio.com\/br\/wp-json\/wp\/v2\/media?parent=135173"}],"wp:term":[{"taxonomy":"category","embeddable":true,"href":"https:\/\/grandepremio.com\/br\/wp-json\/wp\/v2\/categories?post=135173"},{"taxonomy":"post_tag","embeddable":true,"href":"https:\/\/grandepremio.com\/br\/wp-json\/wp\/v2\/tags?post=135173"},{"taxonomy":"42wp_author","embeddable":true,"href":"https:\/\/grandepremio.com\/br\/wp-json\/wp\/v2\/42wp_author?post=135173"}],"curies":[{"name":"wp","href":"https:\/\/api.w.org\/{rel}","templated":true}]}}