{"id":135279,"date":"2019-06-26T17:00:00","date_gmt":"2019-06-26T20:00:00","guid":{"rendered":"https:\/\/grandepremio.com\/br\/noticias\/mais-brigas-e-menos-poder-para-equipes-gp-da-franca-e-deixa-para-f1-recomecar-do-zero\/"},"modified":"2020-05-12T17:38:53","modified_gmt":"2020-05-12T20:38:53","slug":"mais-brigas-e-menos-poder-para-equipes-gp-da-franca-e-deixa-para-f1-recomecar-do-zero","status":"publish","type":"post","link":"https:\/\/grandepremio.com\/br\/f1\/mais-brigas-e-menos-poder-para-equipes-gp-da-franca-e-deixa-para-f1-recomecar-do-zero\/","title":{"rendered":"Mais brigas e menos poder para equipes: GP da Fran\u00e7a \u00e9 deixa para F1 recome\u00e7ar do zero"},"content":{"rendered":"\n<div class=\"embed-responsive embed-responsive-16by9\">\n\t<\/div>\n<div class=\"legenda-imagem\">\n\t#iconeimagem A F&oacute;rmula 1 apresentou um GP da Fran&ccedil;a mon&oacute;tono e sem a&ccedil;&atilde;o na pista. A prova foi alvo de diversas cr&iacute;ticas durante o <strong>PADDOCK GP #165<\/strong>, em que os jornalistas apontaram melhorias que a categoria poderia se focar para tentar trazer espet&aacute;culo melhor para o p&uacute;blico. <strong>ASSISTA<\/strong><\/div>\n","protected":false},"excerpt":{"rendered":"<p>Ap&oacute;s o chato GP da Fran&ccedil;a, a F&oacute;rmula 1 tem sido alvo de diversas cr&iacute;ticas. Durante o Paddock GP, os comentaristas debateram sobre a prova mon&oacute;tona, como a categoria tem entregue cada vez menos emo&ccedil;&atilde;o aos f&atilde;s e como pode mudar isso<\/p>\n","protected":false},"author":0,"featured_media":0,"comment_status":"closed","ping_status":"closed","sticky":false,"template":"","format":"standard","meta":{"42wp_featured_image_caption":"","42wp_featured_image_credits":"","42wp_featured_video":"","42wp_featured_image_hidden":false,"42wp_authors_list":[],"footnotes":""},"categories":[2],"tags":[147,84,1537,536,1291],"42wp_author":[47109],"class_list":["post-135279","post","type-post","status-publish","format-standard","hentry","category-f1","tag-f1","tag-f1-2019","tag-paddock-gp","tag-paul-ricard","tag-temporada-2019-f1","42wp_author-redacao-gp"],"_links":{"self":[{"href":"https:\/\/grandepremio.com\/br\/wp-json\/wp\/v2\/posts\/135279","targetHints":{"allow":["GET"]}}],"collection":[{"href":"https:\/\/grandepremio.com\/br\/wp-json\/wp\/v2\/posts"}],"about":[{"href":"https:\/\/grandepremio.com\/br\/wp-json\/wp\/v2\/types\/post"}],"replies":[{"embeddable":true,"href":"https:\/\/grandepremio.com\/br\/wp-json\/wp\/v2\/comments?post=135279"}],"version-history":[{"count":0,"href":"https:\/\/grandepremio.com\/br\/wp-json\/wp\/v2\/posts\/135279\/revisions"}],"wp:attachment":[{"href":"https:\/\/grandepremio.com\/br\/wp-json\/wp\/v2\/media?parent=135279"}],"wp:term":[{"taxonomy":"category","embeddable":true,"href":"https:\/\/grandepremio.com\/br\/wp-json\/wp\/v2\/categories?post=135279"},{"taxonomy":"post_tag","embeddable":true,"href":"https:\/\/grandepremio.com\/br\/wp-json\/wp\/v2\/tags?post=135279"},{"taxonomy":"42wp_author","embeddable":true,"href":"https:\/\/grandepremio.com\/br\/wp-json\/wp\/v2\/42wp_author?post=135279"}],"curies":[{"name":"wp","href":"https:\/\/api.w.org\/{rel}","templated":true}]}}