{"id":135623,"date":"2019-06-22T06:31:00","date_gmt":"2019-06-22T09:31:00","guid":{"rendered":"https:\/\/grandepremio.com\/br\/noticias\/sabado-de-classificacao-em-paul-ricard-amanhece-com-ceu-ensolarado-e-sem-risco-de-chuva\/"},"modified":"2020-05-17T06:01:39","modified_gmt":"2020-05-17T09:01:39","slug":"sabado-de-classificacao-em-paul-ricard-amanhece-com-ceu-ensolarado-e-sem-risco-de-chuva","status":"publish","type":"post","link":"https:\/\/grandepremio.com\/br\/f1\/sabado-de-classificacao-em-paul-ricard-amanhece-com-ceu-ensolarado-e-sem-risco-de-chuva\/","title":{"rendered":"S\u00e1bado de classifica\u00e7\u00e3o em Paul Ricard amanhece com c\u00e9u ensolarado e sem risco de chuva"},"content":{"rendered":"\n<div>\n\tO clima segue dos mais agrad&aacute;veis para quem visitar Paul Ricard neste s&aacute;bado (22). Dando sequ&ecirc;ncia ao que j&aacute; havia acontecido na sexta-feira de treinos livres, o dia de defini&ccedil;&atilde;o do grid de largada est&aacute; ensolarado e com temperaturas agrad&aacute;veis.<\/div>\n<div>\n\t&nbsp;<\/div>\n<div>\n\tPara completar, n&atilde;o h&aacute; expectativa de reviravoltas clim&aacute;ticas. De acordo com o &lsquo;Weather Channel&rsquo;, o c&eacute;u deve ficar aberto durante a tarde inteira, com nuvens surgindo apenas durante a noite. As temperaturas, por sua vez, ficam sempre entre 27&ordm; C e 28&ordm; C &ndash; menos do que o registrado nos dias do GP do Canad&aacute;, por exemplo.<\/div>\n<div>\n<div class=\"imagem-noticia\">\n\t\t<img decoding=\"async\" src=\"https:\/\/www.grandepremio.com\/br\/wp-content\/uploads\/2019\/06\/201962111023_Mercedes_LewisHamilton_81_II.jpg\" title=\"Lewis Hamilton (Foto: Mercedes)\" \/><\/div>\n<div class=\"legenda-imagem\">\n\t\t#iconeimagem O c&eacute;u segue aberto em Paul Ricard (Foto: Mercedes)<\/div>\n<div style=\"float: left;margin-right: 15px;margin-bottom:15px\">\n\t\t<\/div>\n<p>\tCom condi&ccedil;&otilde;es desse jeito, n&atilde;o chega a surpreender que o risco de chuva ao longo do dia seja zero. A umidade, apesar disso, n&atilde;o est&aacute; t&atilde;o baixa assim, sempre girando entre 40% e 50%.<\/p><\/div>\n<div>\n\t&nbsp;<\/div>\n<div>\n\tAs atividades em Paul Ricard recome&ccedil;am com uma clara favorita: a Mercedes, que fez dobradinha nos dois treinos livres com certa tranquilidade. Lewis Hamilton ponteou o TL1, enquanto Valtteri Bottas deu o troco no TL2. Desse jeito, fica a d&uacute;vida sobre quem vai prevalecer na hora da decis&atilde;o.<br \/>\n\t&nbsp;<\/div>\n<div>\n<\/div>\n<p><\/p>\n","protected":false},"excerpt":{"rendered":"<p>O c&eacute;u de Paul Ricard vai estar t&atilde;o azul quanto poss&iacute;vel neste s&aacute;bado. Sem amea&ccedil;a de nuvens e de chuva, a F&oacute;rmula 1 vai ter um treino classificat&oacute;rio seco e de temperaturas agrad&aacute;veis, sem calor intenso<\/p>\n","protected":false},"author":0,"featured_media":0,"comment_status":"closed","ping_status":"closed","sticky":false,"template":"","format":"standard","meta":{"42wp_featured_image_caption":"","42wp_featured_image_credits":"","42wp_featured_video":"","42wp_featured_image_hidden":false,"42wp_authors_list":[],"footnotes":""},"categories":[2],"tags":[1134,2032,84,87,536,2323,612],"42wp_author":[47109],"class_list":["post-135623","post","type-post","status-publish","format-standard","hentry","category-f1","tag-chuva","tag-clima","tag-f1-2019","tag-lewis-hamilton","tag-paul-ricard","tag-previso-do-tempo","tag-valtteri-bottas","42wp_author-redacao-gp"],"_links":{"self":[{"href":"https:\/\/grandepremio.com\/br\/wp-json\/wp\/v2\/posts\/135623","targetHints":{"allow":["GET"]}}],"collection":[{"href":"https:\/\/grandepremio.com\/br\/wp-json\/wp\/v2\/posts"}],"about":[{"href":"https:\/\/grandepremio.com\/br\/wp-json\/wp\/v2\/types\/post"}],"replies":[{"embeddable":true,"href":"https:\/\/grandepremio.com\/br\/wp-json\/wp\/v2\/comments?post=135623"}],"version-history":[{"count":0,"href":"https:\/\/grandepremio.com\/br\/wp-json\/wp\/v2\/posts\/135623\/revisions"}],"wp:attachment":[{"href":"https:\/\/grandepremio.com\/br\/wp-json\/wp\/v2\/media?parent=135623"}],"wp:term":[{"taxonomy":"category","embeddable":true,"href":"https:\/\/grandepremio.com\/br\/wp-json\/wp\/v2\/categories?post=135623"},{"taxonomy":"post_tag","embeddable":true,"href":"https:\/\/grandepremio.com\/br\/wp-json\/wp\/v2\/tags?post=135623"},{"taxonomy":"42wp_author","embeddable":true,"href":"https:\/\/grandepremio.com\/br\/wp-json\/wp\/v2\/42wp_author?post=135623"}],"curies":[{"name":"wp","href":"https:\/\/api.w.org\/{rel}","templated":true}]}}