{"id":13570,"date":"2025-12-26T15:02:44","date_gmt":"2025-12-26T18:02:44","guid":{"rendered":"https:\/\/grandepremio.com\/br\/noticias\/andretti-reorganiza-equipe-confirma-novo-engenheiro-corrida-will-power\/"},"modified":"2025-12-26T15:04:39","modified_gmt":"2025-12-26T18:04:39","slug":"andretti-reorganiza-equipe-confirma-novo-engenheiro-corrida-will-power","status":"publish","type":"post","link":"https:\/\/grandepremio.com\/br\/indy\/andretti-reorganiza-equipe-confirma-novo-engenheiro-corrida-will-power\/","title":{"rendered":"Andretti reorganiza equipe e confirma novo engenheiro de corrida de Power"},"content":{"rendered":"\n<p class=\"wp-block-paragraph\">A <strong>Andretti<\/strong> anunciou perman\u00eancias e mudan\u00e7as no corpo t\u00e9cnico da equipe para a <strong>temporada 2026<\/strong> da <strong>Indy<\/strong>. Chefe de opera\u00e7\u00f5es do time, <strong>Rob Edwards<\/strong> confirmou que os crew chiefs seguir\u00e3o os mesmos nos carros <strong>#26<\/strong>, <strong>#27<\/strong> e <strong>#28<\/strong>, mas revelou duas trocas de engenheiros, que trabalhar\u00e3o com <strong>Marcus Ericsson<\/strong> e <strong>Will Power<\/strong>, novo refor\u00e7o da equipe.<\/p>\n\n\n\n<p class=\"wp-block-paragraph\"><strong>Nick Allen<\/strong> segue chefiando o #26, que ter\u00e1 Power no posto ocupado por <strong>Colton Herta<\/strong> nos \u00faltimos anos, enquanto <strong>Scott Marks<\/strong> e <strong>Neil Campbell<\/strong> continuar\u00e3o no #27 e no #28, pilotados por <strong>Kyle Kirkwood<\/strong> e Ericsson, respectivamente.<\/p>\n\n\n\n<p class=\"wp-block-paragraph\">A principal mudan\u00e7a dentro da Andretti passa pela sa\u00edda de <strong>Nathan O\u2019Rourke<\/strong> do posto de engenheiro de corrida do #26, cargo que ocupou em 115 das 116 provas disputadas por Herta na Indy \u2014 ficando fora apenas na estreia do norte-americano na categoria. O\u2019Rourke vai atuar na sede da equipe.<\/p>\n\n\n\n<p class=\"wp-block-paragraph\">O engenheiro de corrida de Power ser\u00e1 <strong>Andy Listes<\/strong>, que integrava o programa da Andretti na <strong>Indy NXT<\/strong>, trabalhando diretamente com <strong>Dennis Hauge<\/strong>r, atual campe\u00e3o da categoria, e com <strong>Jamie Chadwick<\/strong> em 2024. Listes tamb\u00e9m atuou com<strong> Jack Harvey<\/strong> na <strong>Meyer Shank<\/strong> durante o per\u00edodo em que a equipe de Ohio mantinha parceria com a estrutura hoje coordenada por Edwards.<\/p>\n\n\n\n<figure class=\"wp-block-image size-full\"><img decoding=\"async\" src=\"https:\/\/www.grandepremio.com\/br\/wp-content\/uploads\/2025\/08\/Marcus-Ericsson-Snap-On-Milwaukee-Mile-250-By_-Chris-Owens_Large-Image-Without-Watermark_m141373-scaled.jpg\" alt=\"\" class=\"wp-image-1004973\"\/><figcaption class=\"wp-element-caption\">Marcus Ericsson (Foto: IndyCar)<\/figcaption><\/figure>\n\n\n\n<p class=\"wp-block-paragraph\">Entrando no \u00faltimo ano de contrato, Ericsson recebeu uma esp\u00e9cie de voto de confian\u00e7a ap\u00f3s duas temporadas abaixo do esperado e vai para o terceiro engenheiro de corrida na Andretti. <strong>Ron Barhorst<\/strong> assume o posto no <strong>#28<\/strong>, que j\u00e1 teve <strong>Olivier Boisson<\/strong> e <strong>Dave Seyffert<\/strong> no cargo.<\/p>\n\n\n\n<p class=\"wp-block-paragraph\">\u201cAndy \u00e9 incr\u00edvel e estou feliz que tenha concordado com isso. Ele venceu o campeonato da Indy NXT com Dennis, e tivemos a oportunidade de coloc\u00e1-lo para trabalhar com Will. Estamos empolgados com o que acreditamos que essa combina\u00e7\u00e3o pode produzir. E <strong>Jeremy Milless<\/strong> estar\u00e1 de volta com Kyle no carro #27 da Andretti\u201d, disse Edwards \u00e0 revista norte-americana Racer.<\/p>\n\n\n\n<p class=\"wp-block-paragraph\">\u201cTivemos de mudar os planos quando Nathan decidiu dar um passo atr\u00e1s na engenharia de corrida, mas \u00e9 \u00f3timo ter pessoas talentosas j\u00e1 dentro da Andretti para assumir. Ron estava na Meyer Shank, assim como Andy, e quando essa parceria terminou, ele tamb\u00e9m concordou em fazer a Indy NXT por um ano\u201d, prosseguiu o dirigente.<\/p>\n\n\n\n<p class=\"wp-block-paragraph\">\u201cParte do meu compromisso era que haveria oportunidades na Indy no futuro. Ent\u00e3o, fico feliz que tenhamos conseguido cumprir isso. Estamos animados que Andy e Ron, ambos funcion\u00e1rios de longa data e que cresceram dentro da Andretti, fa\u00e7am parte do que estamos construindo para o grupo de engenharia de corrida pensando em 2026\u201d, concluiu.<\/p>\n\n\n\n<p class=\"wp-block-paragraph\">A temporada 2026 da\u00a0<a href=\"https:\/\/www.grandepremio.com\/formula-indy\/\" target=\"_blank\" rel=\"noreferrer noopener\">Indy<\/a>\u00a0tem in\u00edcio no dia 1 de mar\u00e7o, com o\u00a0<strong>GP de\u00a0<a href=\"https:\/\/www.grandepremio.com\/br\/circuito\/st-pete\/\" target=\"_blank\" rel=\"noreferrer noopener\">St. Pete<\/a><\/strong>, no circuito de rua montado na cidade localizada na Fl\u00f3rida.<\/p>\n\n\n\n<p class=\"wp-block-paragraph\">\u25b6\ufe0f\u00a0<strong>Inscreva-se nos dois canais do GRANDE PR\u00caMIO no YouTube:\u00a0<a href=\"https:\/\/www.youtube.com\/channel\/UC9OlHEgxoaY6QY6nWPoiqQg?sub_confirmation=1\" target=\"_blank\" rel=\"noreferrer noopener\">GP<\/a>\u00a0|\u00a0<a href=\"https:\/\/www.youtube.com\/channel\/UC9csiS6q_C3C0FYhyr1rnFA?sub_confirmation=1\" target=\"_blank\" rel=\"noreferrer noopener\">GP2<\/a><\/strong><br><strong>LEIA MAIS:<\/strong>\u00a0<a href=\"https:\/\/www.grandepremio.com\/br\/indy\/noticias\/mais-seguranca-sem-drs-o-que-indy-planeja-para-novo-carro-2028\/\">Mais seguran\u00e7a e sem DRS: o que Indy planeja para novo carro em 2028<\/a><\/p>\n\n\n\n<figure class=\"wp-block-embed is-type-video is-provider-youtube wp-block-embed-youtube wp-embed-aspect-16-9 wp-has-aspect-ratio\"><div class=\"wp-block-embed__wrapper\">\n<iframe loading=\"lazy\" title=\"EXCLUSIVO: \u201cENTRO NA INDY NA MELHOR VAGA POSS\u00cdVEL\u201d, DIZ CAIO COLLET | PADDOCK SPRINT INDY\" width=\"500\" height=\"281\" src=\"https:\/\/www.youtube.com\/embed\/lUlPHi8lnpw?feature=oembed\" frameborder=\"0\" allow=\"accelerometer; autoplay; clipboard-write; encrypted-media; gyroscope; picture-in-picture; web-share\" referrerpolicy=\"strict-origin-when-cross-origin\" allowfullscreen><\/iframe>\n<\/div><\/figure>\n","protected":false},"excerpt":{"rendered":"<p>Chefe de opera\u00e7\u00f5es, Rob Edwards anunciou mudan\u00e7as na engenheira da equipe, com nova troca para Marcus Ericsson<\/p>\n","protected":false},"author":0,"featured_media":1001004962,"comment_status":"closed","ping_status":"closed","sticky":false,"template":"","format":"standard","meta":{"42wp_featured_image_caption":"","42wp_featured_image_credits":"","42wp_featured_video":"","42wp_featured_image_hidden":false,"42wp_authors_list":[],"footnotes":""},"categories":[3],"tags":[2980,417,28552,6133,26343,42856,1491,28285,35361,93,39054,41047,232,45517,791,1569,29784,45518,42855,44938,3133],"42wp_author":[47155],"class_list":["post-13570","post","type-post","status-publish","format-standard","has-post-thumbnail","hentry","category-indy","tag-500-milhas-indianapolis","tag-andretti","tag-calendario-indy","tag-classificacao-indy","tag-gp-de-st-pete","tag-gp-de-st-pete-indy","tag-grande-premio","tag-grandepremio","tag-horarios-indy","tag-indy","tag-indy-2025","tag-indy-2026","tag-indy-500","tag-indy-hoje","tag-kyle-kirkwood","tag-marcus-ericsson","tag-onde-assistir-indy","tag-st-pete-2026","tag-st-pete-indy","tag-temporada-2026-da-indy","tag-will-power","42wp_author-daniel-balsa"],"_links":{"self":[{"href":"https:\/\/grandepremio.com\/br\/wp-json\/wp\/v2\/posts\/13570","targetHints":{"allow":["GET"]}}],"collection":[{"href":"https:\/\/grandepremio.com\/br\/wp-json\/wp\/v2\/posts"}],"about":[{"href":"https:\/\/grandepremio.com\/br\/wp-json\/wp\/v2\/types\/post"}],"replies":[{"embeddable":true,"href":"https:\/\/grandepremio.com\/br\/wp-json\/wp\/v2\/comments?post=13570"}],"version-history":[{"count":0,"href":"https:\/\/grandepremio.com\/br\/wp-json\/wp\/v2\/posts\/13570\/revisions"}],"wp:featuredmedia":[{"embeddable":true,"href":"https:\/\/grandepremio.com\/br\/wp-json\/wp\/v2\/media\/1001004962"}],"wp:attachment":[{"href":"https:\/\/grandepremio.com\/br\/wp-json\/wp\/v2\/media?parent=13570"}],"wp:term":[{"taxonomy":"category","embeddable":true,"href":"https:\/\/grandepremio.com\/br\/wp-json\/wp\/v2\/categories?post=13570"},{"taxonomy":"post_tag","embeddable":true,"href":"https:\/\/grandepremio.com\/br\/wp-json\/wp\/v2\/tags?post=13570"},{"taxonomy":"42wp_author","embeddable":true,"href":"https:\/\/grandepremio.com\/br\/wp-json\/wp\/v2\/42wp_author?post=13570"}],"curies":[{"name":"wp","href":"https:\/\/api.w.org\/{rel}","templated":true}]}}