{"id":135750,"date":"2019-06-20T11:54:00","date_gmt":"2019-06-20T14:54:00","guid":{"rendered":"https:\/\/grandepremio.com\/br\/noticias\/verstappen-defende-vettel-e-diz-que-punicao-arruinou-empolgacao-do-gp-do-canada\/"},"modified":"2020-05-17T07:37:10","modified_gmt":"2020-05-17T10:37:10","slug":"verstappen-defende-vettel-e-diz-que-punicao-arruinou-empolgacao-do-gp-do-canada","status":"publish","type":"post","link":"https:\/\/grandepremio.com\/br\/f1\/verstappen-defende-vettel-e-diz-que-punicao-arruinou-empolgacao-do-gp-do-canada\/","title":{"rendered":"Verstappen defende Vettel e diz que puni\u00e7\u00e3o &#8220;arruinou empolga\u00e7\u00e3o&#8221; do GP do Canad\u00e1"},"content":{"rendered":"\n<div>\n\tMax Verstappen acredita que os comiss&aacute;rios da FIA (Federa&ccedil;&atilde;o Internacional de Automobilismo) erraram ao punir Sebastian Vettel com 5s no <strong><a href=\"https:\/\/grandepremio.com\/br\/f1\/noticias\/vettel-cruza-linha-de-chegada-na-frente-no-canada-mas-leva-punicao-e-entrega-vitoria-para-hamilton\"><span>GP do Canad&aacute;<\/span><\/a><\/strong>. Ainda assim, o piloto da Red Bull isentou os julgadores, j&aacute; que entende que eles apenas t&ecirc;m de cumprir o que determina o regulamento.<\/div>\n<div>\n\t&nbsp;<\/div>\n<div>\n\tDepois de conquistar em Montreal sua primeira pole-position na temporada 2019, Vettel fez uma boa sa&iacute;da e liderou a corrida praticamente toda, mas, na 48&ordf; volta, quando vinha pressionado por Lewis Hamilton, escapou da pista no trecho entre as voltas 3 e 4.&nbsp;<\/div>\n<div>\n\t&nbsp;<\/div>\n<div>\n\tO piloto da Ferrari voltou &agrave; pista rapidamente, mas acabou fechando Hamilton, um lance que os comiss&aacute;rios viram como pilotagem perigosa. A FIA (Federa&ccedil;&atilde;o Internacional de Automobilismo), ent&atilde;o, aplicou uma puni&ccedil;&atilde;o de 5s, que foi o bastante para tirar a vit&oacute;ria de Vettel e entregar a Hamilton.<\/div>\n<div>\n<div class=\"imagem-noticia\">\n\t\t<img decoding=\"async\" src=\"https:\/\/www.grandepremio.com\/br\/wp-content\/uploads\/2019\/06\/20196201030471_AP1ZQ1Y9PP51W11hires_II.jpg\" title=\"Max Verstappen (Foto: Dan Istitene\/Getty Images)\" \/><\/div>\n<div class=\"legenda-imagem\">\n\t\t#iconeimagem Max Verstappen avaliou que Vettel n&atilde;o merecia puni&ccedil;&atilde;o no Canad&aacute; (Foto: Dan Istitene\/Getty Images)<\/div>\n<\/div>\n<table bgcolor=\"#FFDDFF\" border=\"1\" cellpadding=\"1\" cellspacing=\"1\" style=\"width: 100%\">\n<tbody>\n<tr>\n<td>\n\t\t\t\t<span style=\"font-size:18px\"><strong><span>Paddockast #22<br \/>\n\t\t\t\tO que torna uma corrida de qualquer categoria legal? E chata?<\/span><\/strong><\/span><br \/>\n\t\t\t\t<\/p>\n<ul>\n<li>\n\t\t\t\t\t\t<a href=\"http:\/\/open.spotify.com\/show\/5OBbp8MzxQymoyneX4IviF?si=gYqPr53GSaa-AcxFpOzJHg\"><span>Ou&ccedil;a no Spotify<\/span><\/a><\/li>\n<li>\n\t\t\t\t\t\t<a href=\"http:\/\/podcasts.apple.com\/br\/podcast\/paddockast\/id1371540198\"><span>Ou&ccedil;a no iTunes<\/span><\/a><\/li>\n<li>\n\t\t\t\t\t\t<a href=\"http:\/\/www.subscribeonandroid.com\/www.central3.com.br\/category\/podcasts\/paddockast\/feed\/podcast\/\"><span>Ou&ccedil;a no Android<\/span><\/a><\/li>\n<li>\n\t\t\t\t\t\t<a href=\"http:\/\/player.fm\/series\/paddockast\"><span>Ou&ccedil;a no playerFM<\/span><\/a><\/li>\n<\/ul>\n<\/td>\n<\/tr>\n<\/tbody>\n<\/table>\n<p><\/p>\n<div style=\"float: left;margin-right: 15px;margin-bottom:15px\">\n\t<\/div>\n<div>\n\tFalando &agrave; imprensa nesta quinta-feira (20) em Paul Ricard, Verstappen defendeu Vettel e avaliou que a puni&ccedil;&atilde;o tamb&eacute;m tirou a atratividade da corrida.&nbsp;<\/div>\n<div>\n\t&nbsp;<\/div>\n<div>\n\t&ldquo;No geral, se voc&ecirc; vai aplicar uma puni&ccedil;&atilde;o, que n&atilde;o fa&ccedil;a na corrida&rdquo;, disse Verstappen. &ldquo;Isso arru&iacute;na toda a empolga&ccedil;&atilde;o de Lewis alcan&ccedil;ando Seb e lutando pela vit&oacute;ria&rdquo;, seguiu.<\/div>\n<div>\n\t&nbsp;<\/div>\n<div>\n\t&ldquo;Quando voc&ecirc; olha para tr&aacute;s, o primeiro erro que aconteceu foi que Seb saiu da pista, mas a&iacute; ele voltou, ele n&atilde;o fez nada. Ele n&atilde;o estava bloqueando Lewis de prop&oacute;sito. Darem uma puni&ccedil;&atilde;o a ele foi errado&rdquo;, avaliou. &ldquo;Ele fez tudo que podia para fazer de uma maneira segura. Voc&ecirc; escapa na lideran&ccedil;a, sabe que Lewis est&aacute; s&oacute; 1s5 atr&aacute;s, ent&atilde;o voc&ecirc; continua acelerando e controlando [o carro]&rdquo;, apontou.<\/div>\n<div>\n\t&nbsp;<\/div>\n<div>\n\tApesar de julgar que Vettel n&atilde;o fez nada errado, Verstappen foi compreensivo com a postura de Hamilton e admitiu que tamb&eacute;m teria se queixado no r&aacute;dio dizendo que foi bloqueado.<\/div>\n<div>\n\t&nbsp;<\/div>\n<div>\n\t&ldquo;Lewis o viu escapar. Quando ele vai para a esquerda, ele sabe que Seb vai voltar e, claro, ele vai abrir a trajet&oacute;ria, e ele teve de tirar o p&eacute;&rdquo;, declarou. &ldquo;Se eu fosse Lewis, tamb&eacute;m teria ido ao r&aacute;dio dizer que ele me bloqueou. Voc&ecirc; sabe que tem isso no regulamento e que &eacute; uma poss&iacute;vel puni&ccedil;&atilde;o&rdquo;, admitiu.<\/div>\n<div>\n\t&nbsp;<\/div>\n<div>\n\tPor fim, Max tamb&eacute;m foi solid&aacute;rio com os comiss&aacute;rios, que foram atacados nas redes sociais por conta da puni&ccedil;&atilde;o imposta a Vettel.<\/div>\n<div>\n\t&nbsp;<\/div>\n<div>\n\t&ldquo;Acho que eles sabem o que est&aacute; acontecendo, mas, &agrave;s vezes, eles n&atilde;o podem dar outra puni&ccedil;&atilde;o, porque esta escrito exatamente daquele jeito no regulamento de que eles t&ecirc;m de dar essa puni&ccedil;&atilde;o&rdquo;, ponderou. &ldquo;&Agrave;s vezes, eles n&atilde;o querem, mas t&ecirc;m de fazer. Li alguns coment&aacute;rios de que alguns dos comiss&aacute;rios receberam mensagem com linguagem chula no Twitter e tal, o que n&atilde;o &eacute; justo&rdquo;, defendeu.<\/div>\n<div>\n\t&nbsp;<\/div>\n<div>\n\t&ldquo;Eles est&atilde;o tentando fazendo o trabalho deles da melhor maneira poss&iacute;vel e n&atilde;o &eacute; justo dizer que eles fizeram um trabalho ruim. &Eacute; bom olhar para o regulamento para ver o que podemos mudar ou tirar&rdquo;, concluiu.<\/div>\n<div>\n\t&nbsp;<\/div>\n<p><\/p>\n<div class=\"embed-responsive embed-responsive-16by9\">\n\t<\/div>\n","protected":false},"excerpt":{"rendered":"<p>Max Verstappen avaliou que Sebastian Vettel n&atilde;o merecia uma puni&ccedil;&atilde;o pelo incidente com Lewis Hamilton no GP do Canad&aacute;. O piloto da Red Bull, no entanto, considerou que os comiss&aacute;rios n&atilde;o merecem ser alvos de ataques, j&aacute; que entende que eles acabam sem op&ccedil;&otilde;es por conta do texto do regulamento<\/p>\n","protected":false},"author":0,"featured_media":0,"comment_status":"closed","ping_status":"closed","sticky":false,"template":"","format":"standard","meta":{"42wp_featured_image_caption":"","42wp_featured_image_credits":"","42wp_featured_video":"","42wp_featured_image_hidden":false,"42wp_authors_list":[],"footnotes":""},"categories":[2],"tags":[256,3767,451,85,1222,147,84,207,3673,87,203,82,536,204,210],"42wp_author":[47109],"class_list":["post-135750","post","type-post","status-publish","format-standard","hentry","category-f1","tag-calendrio-f1","tag-canad","tag-classificao-f1","tag-frmula-1","tag-frmula-1-2019","tag-f1","tag-f1-2019","tag-ferrari","tag-frana","tag-lewis-hamilton","tag-max-verstappen","tag-mercedes","tag-paul-ricard","tag-red-bull","tag-sebastian-vettel","42wp_author-redacao-gp"],"_links":{"self":[{"href":"https:\/\/grandepremio.com\/br\/wp-json\/wp\/v2\/posts\/135750","targetHints":{"allow":["GET"]}}],"collection":[{"href":"https:\/\/grandepremio.com\/br\/wp-json\/wp\/v2\/posts"}],"about":[{"href":"https:\/\/grandepremio.com\/br\/wp-json\/wp\/v2\/types\/post"}],"replies":[{"embeddable":true,"href":"https:\/\/grandepremio.com\/br\/wp-json\/wp\/v2\/comments?post=135750"}],"version-history":[{"count":0,"href":"https:\/\/grandepremio.com\/br\/wp-json\/wp\/v2\/posts\/135750\/revisions"}],"wp:attachment":[{"href":"https:\/\/grandepremio.com\/br\/wp-json\/wp\/v2\/media?parent=135750"}],"wp:term":[{"taxonomy":"category","embeddable":true,"href":"https:\/\/grandepremio.com\/br\/wp-json\/wp\/v2\/categories?post=135750"},{"taxonomy":"post_tag","embeddable":true,"href":"https:\/\/grandepremio.com\/br\/wp-json\/wp\/v2\/tags?post=135750"},{"taxonomy":"42wp_author","embeddable":true,"href":"https:\/\/grandepremio.com\/br\/wp-json\/wp\/v2\/42wp_author?post=135750"}],"curies":[{"name":"wp","href":"https:\/\/api.w.org\/{rel}","templated":true}]}}