{"id":135953,"date":"2019-12-16T11:26:00","date_gmt":"2019-12-16T14:26:00","guid":{"rendered":"https:\/\/grandepremio.com\/br\/noticias\/vettel-visa-melhora-e-ja-cre-que-vida-em-2020-nao-sera-facil-contra-leclerc\/"},"modified":"2020-05-14T22:43:16","modified_gmt":"2020-05-15T01:43:16","slug":"vettel-visa-melhora-e-ja-cre-que-vida-em-2020-nao-sera-facil-contra-leclerc","status":"publish","type":"post","link":"https:\/\/grandepremio.com\/br\/f1\/vettel-visa-melhora-e-ja-cre-que-vida-em-2020-nao-sera-facil-contra-leclerc\/","title":{"rendered":"Vettel visa melhora e j\u00e1 cr\u00ea que \u201cvida em 2020 n\u00e3o ser\u00e1 f\u00e1cil contra Leclerc\u201d"},"content":{"rendered":"\n<div>\n\tQue nota Sebastian Vettel d&aacute; para sua temporada 2019? O ano n&atilde;o foi dos melhores para o alem&atilde;o tetracampe&atilde;o do mundo. Com apenas uma vit&oacute;ria, em Singapura, no campeonato,<a href=\"https:\/\/www.grandepremio.com\/br\/f1\/noticias\/consultor-da-red-bull-diz-que-vettel-ja-nao-esta-no-top-3-da-f1\"><span><strong> n&atilde;o conseguiu repetir o desempenho dos anos em que foi vice-campe&atilde;o<\/strong><\/span><\/a>, e ainda viu o companheiro Charles Leclerc ficar &agrave; frente na classifica&ccedil;&atilde;o final.<\/div>\n<div>\n\t&nbsp;<\/div>\n<div>\n\t<strong><a href=\"https:\/\/www.grandepremio.com\/br\/f1\/noticias\/vettel-exalta-greta-thunberg-e-incrivel-que-a-juventude-esteja-comprometida\"><span>Em entrevista ao jornal su&iacute;&ccedil;o Blick<\/span><\/a><\/strong>, Vettel admitiu que a temporada n&atilde;o foi perfeita, ent&atilde;o prefere dar nota 6 ou 7 para a sua pior temporada na Ferrari at&eacute; aqui.<\/div>\n<div>\n\t&nbsp;<\/div>\n<div>\n\t&quot;Eu acho que n&atilde;o foi boa para um 8, 9 ou 10. Um 5 seria muito duro, fico com 6 ou 7. Preciso ter cuidado, porque coisas assim ser&atilde;o esfregadas na cara depois&quot;, declarou o alem&atilde;o<\/div>\n<div>\n<div class=\"imagem-noticia\">\n\t\t<img decoding=\"async\" src=\"https:\/\/www.grandepremio.com\/br\/wp-content\/uploads\/2019\/12\/20191231339660_post-seasontestday113-435119_II.jpg\" title=\"Sebastian Vettel (Foto: Pirelli)\" \/><\/div>\n<div class=\"legenda-imagem\">\n\t\t#iconeimagem Sebastian Vettel (Foto: Pirelli)<\/div>\n<\/div>\n<div>\n\tApesar de momentos de brilho como na vit&oacute;ria em Marina Bay, Vettel voltou a conviver com erros constantes na temporada, como no Bahrein, Inglaterra, It&aacute;lia<a href=\"https:\/\/www.grandepremio.com\/br\/f1\/noticias\/ferrari-ve-leclerc-e-vettel-dificeis-de-administrar-e-admite-nao-sao-amigos\"><span><strong> e o acidente com Leclerc no Brasil.<\/strong><\/span><\/a> O veterano elogiou a nova gera&ccedil;&atilde;o de pilotos, e admitiu que a vida n&atilde;o ser&aacute; f&aacute;cil em 2020.<\/div>\n<div>\n\t&nbsp;<\/div>\n<div>\n\t&quot;Minha temporada n&atilde;o foi perfeita. Coisas pequenas fizeram a diferen&ccedil;a. No fim, pontos que deveriam ser somados faltaram. N&atilde;o estou satisfeito, claramente preciso melhorar. A vida contra Leclerc n&atilde;o ser&aacute; f&aacute;cil em 2020, e a nova gera&ccedil;&atilde;o j&aacute; est&aacute; aqui com Charles (Leclerc), Max (Verstappen), Esteban (Ocon), Lando (Norris), Alex (Albon), George (Russell), Pierre (Gasly) e outros&rdquo;, declarou.<\/div>\n<div>\n\t&nbsp;<\/div>\n<div>\n\tVettel tamb&eacute;m falou sobre as cr&iacute;ticas que vem recebendo de ex-pilotos como Jacques Villeneuve, Mark Webber e Eddie Irvine. Na vis&atilde;o do tetracampe&atilde;o, qualquer coment&aacute;rio &eacute; aceito, mas as pessoas n&atilde;o sabem o que acontece nos bastidores.<\/div>\n<div>\n\t&nbsp;<\/div>\n<div>\n\t&quot;Cada um tem uma opini&atilde;o que pode ser aceitada em um certo senso. Mas n&atilde;o &eacute; bom julgar imediatamente sem saber o que se passa. Quando eu freio, todo mundo fala que freei. Mas talvez algo a ser culpado &eacute; o carro porque mudou repentinamente&quot;, completou.<\/div>\n<div>\n\t&nbsp;<\/div>\n<p>Carregando&amp;amp;amp;amp;amp;amp;amp;amp;amp;amp;amp;amp;amp;amp;hellip;<\/p>\n<div>\n<table bgcolor=\"#E6E6E6\" border=\"0\" cellpadding=\"1\" cellspacing=\"1\" style=\"width: 100%\">\n<tbody>\n<tr>\n<td>\n<div>\n\t\t\t\t\t\t<b><span style=\"color:#FF0040\">Apoie o <strong> GRANDE PR&Ecirc;MIO<\/strong><\/span><\/b><span style=\"color:#FF0040\">: garanta o futuro do nosso jornalismo <\/span><br \/>\n\t\t\t\t\t\t<br \/>\n\t\t\t\t\t\tO<strong> GRANDE PR&Ecirc;MIO <\/strong>&eacute; a maior m&iacute;dia digital de esporte a motor do Brasil, na Am&eacute;rica Latina e em L&iacute;ngua Portuguesa, editorialmente independente. Nossa grande equipe produz conte&uacute;do di&aacute;rio e pensa em inova&ccedil;&otilde;es constantemente, e n&atilde;o s&oacute; na internet: uma das nossas atua&ccedil;&otilde;es est&aacute; na realiza&ccedil;&atilde;o de eventos, como a Copa GP de Kart. Assim, seu apoio &eacute; sempre importante.<br \/>\n\t\t\t\t\t\t<br \/>\n\t\t\t\t\t\t<a href=\"https:\/\/grandepremium.grandepremio.com\/br\/assine\" target=\"_blank\" rel=\"noopener noreferrer\">Assine o GRANDE PREMIUM<\/a>: veja os planos e o que oferecem, tenha &agrave; disposi&ccedil;&atilde;o uma s&eacute;rie de benef&iacute;cios e exper&ecirc;ncias exclusivas, e fa&ccedil;a parte de um grupo especial, a Scuderia GP, com debate em alto n&iacute;vel.<\/div>\n<\/td>\n<\/tr>\n<\/tbody>\n<\/table>\n<\/div>\n","protected":false},"excerpt":{"rendered":"<p>Sebastian Vettel afirmou que a nota de sua temporada 2019 &eacute; 6 ou 7. Em quinto na classifica&ccedil;&atilde;o, ele ficou atr&aacute;s do companheiro Charles Leclerc, e admitiu que a vida n&atilde;o ser&aacute; f&aacute;cil ao lado do monegasco em 2020<\/p>\n","protected":false},"author":0,"featured_media":0,"comment_status":"closed","ping_status":"closed","sticky":false,"template":"","format":"standard","meta":{"42wp_featured_image_caption":"","42wp_featured_image_credits":"","42wp_featured_video":"","42wp_featured_image_hidden":false,"42wp_authors_list":[],"footnotes":""},"categories":[2],"tags":[209,147,84,118,207,1223,210],"42wp_author":[47109],"class_list":["post-135953","post","type-post","status-publish","format-standard","hentry","category-f1","tag-charles-leclerc","tag-f1","tag-f1-2019","tag-f1-2020","tag-ferrari","tag-horrio-f1-2019","tag-sebastian-vettel","42wp_author-redacao-gp"],"_links":{"self":[{"href":"https:\/\/grandepremio.com\/br\/wp-json\/wp\/v2\/posts\/135953","targetHints":{"allow":["GET"]}}],"collection":[{"href":"https:\/\/grandepremio.com\/br\/wp-json\/wp\/v2\/posts"}],"about":[{"href":"https:\/\/grandepremio.com\/br\/wp-json\/wp\/v2\/types\/post"}],"replies":[{"embeddable":true,"href":"https:\/\/grandepremio.com\/br\/wp-json\/wp\/v2\/comments?post=135953"}],"version-history":[{"count":0,"href":"https:\/\/grandepremio.com\/br\/wp-json\/wp\/v2\/posts\/135953\/revisions"}],"wp:attachment":[{"href":"https:\/\/grandepremio.com\/br\/wp-json\/wp\/v2\/media?parent=135953"}],"wp:term":[{"taxonomy":"category","embeddable":true,"href":"https:\/\/grandepremio.com\/br\/wp-json\/wp\/v2\/categories?post=135953"},{"taxonomy":"post_tag","embeddable":true,"href":"https:\/\/grandepremio.com\/br\/wp-json\/wp\/v2\/tags?post=135953"},{"taxonomy":"42wp_author","embeddable":true,"href":"https:\/\/grandepremio.com\/br\/wp-json\/wp\/v2\/42wp_author?post=135953"}],"curies":[{"name":"wp","href":"https:\/\/api.w.org\/{rel}","templated":true}]}}