{"id":13601,"date":"2025-12-25T10:55:54","date_gmt":"2025-12-25T13:55:54","guid":{"rendered":"https:\/\/grandepremio.com\/br\/noticias\/felipe-massa-revive-dia-mais-feliz-da-vida-ferrari-dificil-explicar-que-senti\/"},"modified":"2025-12-25T13:43:50","modified_gmt":"2025-12-25T16:43:50","slug":"felipe-massa-revive-dia-mais-feliz-da-vida-ferrari-dificil-explicar-que-senti","status":"publish","type":"post","link":"https:\/\/grandepremio.com\/br\/f1\/felipe-massa-revive-dia-mais-feliz-da-vida-ferrari-dificil-explicar-que-senti\/","title":{"rendered":"Massa revive &#8220;dia mais feliz da vida&#8221; com Ferrari: &#8220;Dif\u00edcil explicar o que senti&#8221;"},"content":{"rendered":"\n<p class=\"wp-block-paragraph\">Ao lado de <strong>Emerson Fittipaldi, Ayrton Senna e Nelson Piquet<\/strong>, <strong>Felipe Massa<\/strong> \u00e9 um dos brasileiros que venceram o <strong>GP do Brasil de F1<\/strong> em duas ocasi\u00f5es, com triunfos em <strong>2006 e 2008<\/strong>. Na primeira dessas conquistas, utilizando um macac\u00e3o verde e amarelo estilizado pela<strong> Ferrari<\/strong>, o piloto admitiu, em <strong>entrevista exclusiva ao GRANDE PR\u00caMIO<\/strong>, que viveu <strong>\u201co dia mais feliz da vida\u201d<\/strong>.<\/p>\n\n\n\n<p class=\"wp-block-paragraph\">Naquele <strong>22 de outubro de 2006<\/strong>, <strong>Michael Schumacher<\/strong> ainda alimentava uma pequena esperan\u00e7a de conquistar o t\u00edtulo da F1, que disputava contra <strong>Fernando Alonso<\/strong>, para quem um <strong>oitavo lugar<\/strong> seria suficiente para garantir o campeonato. Na classifica\u00e7\u00e3o, Massa cravou a <strong>pole-position<\/strong>, Alonso largou em <strong>quarto<\/strong>, enquanto o alem\u00e3o enfrentou problemas e <strong>n\u00e3o registrou tempo no Q3<\/strong>.<\/p>\n\n\n\n<p class=\"wp-block-paragraph\">Na corrida, Massa controlou os advers\u00e1rios e cruzou a linha de chegada com <strong>18s658 de vantagem sobre Alonso<\/strong>, que viu <strong>Jenson Button<\/strong> completar o p\u00f3dio. Schumacher, que anunciara a primeira aposentadoria da F1 para aquela corrida, terminou apenas na <strong>quarta posi\u00e7\u00e3o<\/strong>.<\/p>\n\n\n\n<p class=\"wp-block-paragraph\">\u25b6\ufe0f\u00a0<strong>Inscreva-se nos dois canais do GRANDE PR\u00caMIO no YouTube:\u00a0<a href=\"https:\/\/www.youtube.com\/channel\/UC9OlHEgxoaY6QY6nWPoiqQg?sub_confirmation=1\" target=\"_blank\" rel=\"noreferrer noopener\">GP<\/a>\u00a0|\u00a0<a href=\"https:\/\/www.youtube.com\/channel\/UC9csiS6q_C3C0FYhyr1rnFA?sub_confirmation=1\" target=\"_blank\" rel=\"noreferrer noopener\">GP2<\/a><\/strong><\/p>\n\n\n\n<figure class=\"wp-block-image size-large\"><img decoding=\"async\" src=\"https:\/\/www.grandepremio.com\/br\/wp-content\/uploads\/2021\/10\/attachment_109779-1024x680.jpg\" alt=\"\" class=\"wp-image-518276\"\/><figcaption class=\"wp-element-caption\">Felipe Massa lidera na largada do GP do Brasil de F1 2006 (Foto: Ferrari Media)<\/figcaption><\/figure>\n\n\n\n<p class=\"wp-block-paragraph\">\u201cFoi emocionante, foi o dia mais feliz da minha vida. A realiza\u00e7\u00e3o do sonho que um piloto tem de correr em Interlagos, de ganhar com a Ferrari, de vencer em casa. Para mim, foi o dia mais incr\u00edvel da minha vida. \u00c9 muito dif\u00edcil explicar a sensa\u00e7\u00e3o que senti naquele dia\u201d, disse Massa ao <strong>GRANDE PR\u00caMIO<\/strong>..<\/p>\n\n\n\n<p class=\"wp-block-paragraph\">A vit\u00f3ria em Interlagos em 2006 abriu uma sequ\u00eancia de tr\u00eas corridas em que Massa foi dominante em solo brasileiro. Em <strong>2007<\/strong>, liderou a prova at\u00e9 a ordem da Ferrari para inverter posi\u00e7\u00f5es com <strong>Kimi R\u00e4ikk\u00f6nen<\/strong>, movimento que ajudou o finland\u00eas a conquistar o t\u00edtulo mundial. Em <strong>2008<\/strong>, Massa voltou a vencer, mas o campeonato ficou com <strong>Lewis Hamilton<\/strong>, que ultrapassou <strong>Timo Glock<\/strong> na \u00faltima volta daquela corrida hist\u00f3rica.<\/p>\n\n\n\n<p class=\"wp-block-paragraph\">A\u00a0<strong><a href=\"https:\/\/www.grandepremio.com\/br\/f1\/\">F\u00f3rmula 1<\/a><\/strong>\u00a0est\u00e1 de f\u00e9rias. Os carros voltam a acelerar de\u00a0<strong>26 a 30 de janeiro<\/strong>\u00a0em testes privados em\u00a0<strong>Barcelona<\/strong>. Depois, seguem para o\u00a0<strong>Bahrein\u00a0<\/strong>para mais duas sess\u00f5es da pr\u00e9-temporada: de\u00a0<strong>11 a 13 de fevereiro<\/strong>\u00a0e de\u00a0<strong>18 a 20 de fevereiro<\/strong>. O<strong>\u00a0GRANDE PR\u00caMIO\u00a0<\/strong>acompanha todas as atividades de 2026.<\/p>\n\n\n\n<h2 class=\"wp-block-heading\" id=\"h-f1-hoje-saiba-aqui-as-noticias-mais-importantes-do-dia-da-formula-1\"><strong>F1 hoje: saiba aqui as not\u00edcias mais importantes do dia da F\u00f3rmula 1<\/strong><\/h2>\n\n\n\n<p class=\"wp-block-paragraph\">A reda\u00e7\u00e3o do&nbsp;<strong>GRANDE PR\u00caMIO<\/strong>&nbsp;selecionou as not\u00edcias mais importantes das \u00faltimas horas para voc\u00ea ficar por dentro de tudo que acontece na F1.<\/p>\n\n\n\n<p class=\"wp-block-paragraph\">\u25b6\ufe0f&nbsp;<strong><a href=\"https:\/\/www.grandepremio.com\/br\/f1\/noticias\/retrospectiva-2025-gabriel-bortoleto-equilibra-erros-acertos-estreia-leva-licoes-2026\/\">Retrospectiva 2025: Bortoleto equilibra erros e acertos em estreia e leva li\u00e7\u00f5es para 2026<\/a><br>\u25b6\ufe0f<\/strong>&nbsp;<strong><a href=\"https:\/\/www.grandepremio.com\/br\/f1\/noticias\/retrospectiva-2025-charles-leclerc-tem-ano-decente-ferrari-perdeu-projeto-sf-25\/\">Retrospectiva 2025: Leclerc tem ano decente com Ferrari que se perdeu em projeto da SF-25<\/a><br>\u25b6\ufe0f<\/strong>&nbsp;<strong><a href=\"https:\/\/www.grandepremio.com\/br\/f1\/noticias\/retrospectiva-2025-mercedes-faz-limoes-efeito-solo-limonada-selar-vice-honesto\/\">Retrospectiva 2025: Mercedes faz dos lim\u00f5es do efeito solo limonada ao selar vice honesto<\/a><\/strong><\/p>\n\n\n\n<figure class=\"wp-block-embed is-type-video is-provider-youtube wp-block-embed-youtube wp-embed-aspect-16-9 wp-has-aspect-ratio\"><div class=\"wp-block-embed__wrapper\">\n<iframe loading=\"lazy\" title=\"PRESS\u00c3O? RESPONSABILIDADES? COMO SER\u00c1 BORTOLETO NA F1 2026? | PADDOCK SPRINT\" width=\"500\" height=\"281\" src=\"https:\/\/www.youtube.com\/embed\/viOW_5_GEpk?feature=oembed\" frameborder=\"0\" allow=\"accelerometer; autoplay; clipboard-write; encrypted-media; gyroscope; picture-in-picture; web-share\" referrerpolicy=\"strict-origin-when-cross-origin\" allowfullscreen><\/iframe>\n<\/div><\/figure>\n","protected":false},"excerpt":{"rendered":"<p>Em entrevista exclusiva ao GRANDE PR\u00caMIO, Felipe Massa relembra GP do Brasil de 2006, quando venceu de F1 pela primeira vez em Interlagos<\/p>\n","protected":false},"author":0,"featured_media":1000518273,"comment_status":"closed","ping_status":"closed","sticky":false,"template":"","format":"standard","meta":{"42wp_featured_image_caption":"","42wp_featured_image_credits":"","42wp_featured_video":"","42wp_featured_image_hidden":false,"42wp_authors_list":[],"footnotes":""},"categories":[2],"tags":[26000,539,209,5660,969,147,3630,642,160,504,176,207,103,180,3628,1322,350,26680,502,1491,30103,28285,124,1968,87,758,308,69,37540],"42wp_author":[47155],"class_list":["post-13601","post","type-post","status-publish","format-standard","has-post-thumbnail","hentry","category-f1","tag-audiencia-da-tv","tag-bernie-ecclestone","tag-charles-leclerc","tag-classificacao","tag-corrida","tag-f1","tag-f1-2025","tag-f1-ao-vivo","tag-f1-tv","tag-felipe-massa","tag-fernando-alonso","tag-ferrari","tag-fia","tag-formula-1","tag-formula-1-2025","tag-frederic-vasseur","tag-gabriel-bortoleto","tag-gp-de-sao-paulo","tag-gp-do-brasil","tag-grande-premio","tag-grande-premio-f1","tag-grandepremio","tag-interlagos","tag-john-elkann","tag-lewis-hamilton","tag-michael-schumacher","tag-problemas","tag-stock-car","tag-stock-car-2025","42wp_author-daniel-balsa"],"_links":{"self":[{"href":"https:\/\/grandepremio.com\/br\/wp-json\/wp\/v2\/posts\/13601","targetHints":{"allow":["GET"]}}],"collection":[{"href":"https:\/\/grandepremio.com\/br\/wp-json\/wp\/v2\/posts"}],"about":[{"href":"https:\/\/grandepremio.com\/br\/wp-json\/wp\/v2\/types\/post"}],"replies":[{"embeddable":true,"href":"https:\/\/grandepremio.com\/br\/wp-json\/wp\/v2\/comments?post=13601"}],"version-history":[{"count":0,"href":"https:\/\/grandepremio.com\/br\/wp-json\/wp\/v2\/posts\/13601\/revisions"}],"wp:featuredmedia":[{"embeddable":true,"href":"https:\/\/grandepremio.com\/br\/wp-json\/wp\/v2\/media\/1000518273"}],"wp:attachment":[{"href":"https:\/\/grandepremio.com\/br\/wp-json\/wp\/v2\/media?parent=13601"}],"wp:term":[{"taxonomy":"category","embeddable":true,"href":"https:\/\/grandepremio.com\/br\/wp-json\/wp\/v2\/categories?post=13601"},{"taxonomy":"post_tag","embeddable":true,"href":"https:\/\/grandepremio.com\/br\/wp-json\/wp\/v2\/tags?post=13601"},{"taxonomy":"42wp_author","embeddable":true,"href":"https:\/\/grandepremio.com\/br\/wp-json\/wp\/v2\/42wp_author?post=13601"}],"curies":[{"name":"wp","href":"https:\/\/api.w.org\/{rel}","templated":true}]}}