{"id":136163,"date":"2019-06-09T20:15:00","date_gmt":"2019-06-09T23:15:00","guid":{"rendered":"https:\/\/grandepremio.com\/br\/noticias\/ferrari-contraria-regulamento-esportivo-e-avisa-fia-que-vai-apelar-de-punicao-de-vettel-no-gp-do-canada\/"},"modified":"2020-05-17T09:23:38","modified_gmt":"2020-05-17T12:23:38","slug":"ferrari-contraria-regulamento-esportivo-e-avisa-fia-que-vai-apelar-de-punicao-de-vettel-no-gp-do-canada","status":"publish","type":"post","link":"https:\/\/grandepremio.com\/br\/f1\/ferrari-contraria-regulamento-esportivo-e-avisa-fia-que-vai-apelar-de-punicao-de-vettel-no-gp-do-canada\/","title":{"rendered":"Ferrari contraria regulamento esportivo e avisa FIA que vai apelar de puni\u00e7\u00e3o de Vettel no GP do Canad\u00e1"},"content":{"rendered":"\n<p>A manobra chama aten&ccedil;&atilde;o porque, na letra fria do regulamento esportivo da F&oacute;rmula 1, &eacute; improcedente. O conjunto de regras da categoria determina que o acr&eacute;scimo de 5s ao tempo total de prova &eacute; uma das puni&ccedil;&otilde;es que n&atilde;o podem ser apeladas. De qualquer forma, cabe agora &agrave; FIA determinar se acata o pedido da Ferrari. A entidade precisa tomar uma decis&atilde;o nas pr&oacute;ximas 96 horas, ou quatro dias.<\/p>\n<div>\n\t&nbsp;<\/div>\n<div>\n\tPara que a apela&ccedil;&atilde;o se sustente, a Ferrari tamb&eacute;m precisa apresentar &agrave; FIA novas evid&ecirc;ncias de que Vettel n&atilde;o &eacute; culpado. Caso contr&aacute;rio, o processo n&atilde;o segue adiante.<\/div>\n<div>\n<div class=\"imagem-noticia\">\n\t\t<img decoding=\"async\" src=\"https:\/\/www.grandepremio.com\/br\/wp-content\/uploads\/2019\/06\/2019691922480_Ferrari_SebastianVettel_05_II.jpg\" title=\"Sebastian Vettel (Foto: AFP)\" \/><\/div>\n<div class=\"legenda-imagem\">\n\t\t#iconeimagem Sebastian Vettel (Foto: AFP)<\/div>\n<div style=\"float: left;margin-right: 15px;margin-bottom:15px\">\n\t\t<\/div>\n<p>\tCaso o pedido da Ferrari seja acatado, o caso para nas m&atilde;os da Corte Internacional de Apelos da FIA. O &oacute;rg&atilde;o vai tomar a decis&atilde;o definitiva sobre o caso, ou simplesmente determinar que a apela&ccedil;&atilde;o vai contra o regulamento esportivo.<\/p><\/div>\n<div>\n\t&nbsp;<\/div>\n<div>\n\tA puni&ccedil;&atilde;o de Vettel tem origem na volta 48 do GP do Canad&aacute;. O alem&atilde;o errou e escapou da pista nas curvas 3 e 4. Na volta, os comiss&aacute;rios julgaram que Vettel errou ao bloquear o espa&ccedil;o de Hamilton, que vinha logo atr&aacute;s e buscava a ultrapassagem.<\/div>\n<div>\n\t&nbsp;<\/div>\n<div>\n\tCom os 5s aplicados, Vettel n&atilde;o conseguiu abrir vantagem suficiente sobre Hamilton. Dessa forma, o brit&acirc;nico foi ao topo do p&oacute;dio, enquanto o alem&atilde;o caiu para segundo &ndash; motivo de f&uacute;ria no p&oacute;s-prova.<\/div>\n<p><\/p>\n<p><\/p>\n","protected":false},"excerpt":{"rendered":"<p>O regulamento esportivo da F1 diz que n&atilde;o &eacute; poss&iacute;vel apelar de puni&ccedil;&otilde;es de 5s. A Ferrari, todavia, n&atilde;o quer nem saber: insatisfeita com a perda da vit&oacute;ria de Sebastian Vettel para Lewis Hamilton, a equipe planeja ida aos tribunais<\/p>\n","protected":false},"author":0,"featured_media":0,"comment_status":"closed","ping_status":"closed","sticky":false,"template":"","format":"standard","meta":{"42wp_featured_image_caption":"","42wp_featured_image_credits":"","42wp_featured_video":"","42wp_featured_image_hidden":false,"42wp_authors_list":[],"footnotes":""},"categories":[2],"tags":[207,103,1564,87,1814,210],"42wp_author":[47118],"class_list":["post-136163","post","type-post","status-publish","format-standard","hentry","category-f1","tag-ferrari","tag-fia","tag-gp-do-canad","tag-lewis-hamilton","tag-punio","tag-sebastian-vettel","42wp_author-vitor-fazio"],"_links":{"self":[{"href":"https:\/\/grandepremio.com\/br\/wp-json\/wp\/v2\/posts\/136163","targetHints":{"allow":["GET"]}}],"collection":[{"href":"https:\/\/grandepremio.com\/br\/wp-json\/wp\/v2\/posts"}],"about":[{"href":"https:\/\/grandepremio.com\/br\/wp-json\/wp\/v2\/types\/post"}],"replies":[{"embeddable":true,"href":"https:\/\/grandepremio.com\/br\/wp-json\/wp\/v2\/comments?post=136163"}],"version-history":[{"count":0,"href":"https:\/\/grandepremio.com\/br\/wp-json\/wp\/v2\/posts\/136163\/revisions"}],"wp:attachment":[{"href":"https:\/\/grandepremio.com\/br\/wp-json\/wp\/v2\/media?parent=136163"}],"wp:term":[{"taxonomy":"category","embeddable":true,"href":"https:\/\/grandepremio.com\/br\/wp-json\/wp\/v2\/categories?post=136163"},{"taxonomy":"post_tag","embeddable":true,"href":"https:\/\/grandepremio.com\/br\/wp-json\/wp\/v2\/tags?post=136163"},{"taxonomy":"42wp_author","embeddable":true,"href":"https:\/\/grandepremio.com\/br\/wp-json\/wp\/v2\/42wp_author?post=136163"}],"curies":[{"name":"wp","href":"https:\/\/api.w.org\/{rel}","templated":true}]}}