{"id":136237,"date":"2019-06-08T17:17:00","date_gmt":"2019-06-08T20:17:00","guid":{"rendered":"https:\/\/grandepremio.com\/br\/noticias\/chefe-da-ferrari-fala-em-positiva-surpresa-com-pole-de-vettel-e-ve-degradacao-de-pneu-como-chave-no-canada\/"},"modified":"2020-05-17T09:48:40","modified_gmt":"2020-05-17T12:48:40","slug":"chefe-da-ferrari-fala-em-positiva-surpresa-com-pole-de-vettel-e-ve-degradacao-de-pneu-como-chave-no-canada","status":"publish","type":"post","link":"https:\/\/grandepremio.com\/br\/f1\/chefe-da-ferrari-fala-em-positiva-surpresa-com-pole-de-vettel-e-ve-degradacao-de-pneu-como-chave-no-canada\/","title":{"rendered":"Chefe da Ferrari fala em \u201cpositiva surpresa\u201d com pole de Vettel e v\u00ea degrada\u00e7\u00e3o de pneu como chave no Canad\u00e1"},"content":{"rendered":"\n<div class=\"embed-responsive embed-responsive-16by9\">\n\t<br \/>\n\t&nbsp;<\/div>\n<div>\n\tMattia Binotto fez quest&atilde;o de expressar seu contentamento com a <a href=\"https:\/\/www.grandepremio.com\/br\/f1\/noticias\/vettel-consolida-vantagem-da-ferrari-sobre-mercedes-e-leva-pole-no-gp-do-canada-hamilton-e-2\">pole-position de Sebastian Vettel no Canad&aacute;<\/a>. O chefe da Ferrari falou que o resultado foi uma boa surpresa e que serve de motiva&ccedil;&atilde;o para a corrida.<br \/>\n\t&nbsp;<\/div>\n<div>\n\tA equipe italiana vinha mostrando bom desempenho durante todo o final de semana em Montreal. J&aacute; na sexta-feira, Charles Leclerc fechou o dia como o mais r&aacute;pido, com seu companheiro alem&atilde;o logo em segundo. No TL3, o dom&iacute;nio voltou a aparecer.<br \/>\n\t&nbsp;<\/div>\n<div>\n\tChegou ent&atilde;o a classifica&ccedil;&atilde;o. O tetracampe&atilde;o passou no Q1 como o mais r&aacute;pido, ficando em terceiro no Q2. Na fase final, ent&atilde;o, esperou os &uacute;ltimos instantes para cravar 1min10s240 para quebrar o recorde da pista e ficar com a posi&ccedil;&atilde;o de honra do grid.<\/p>\n<div class=\"imagem-noticia\">\n\t\t<img decoding=\"async\" src=\"https:\/\/www.grandepremio.com\/br\/wp-content\/uploads\/2019\/06\/201966748763_MattiaBinotto6_II.jpg\" title=\"Mattia Binotto (Foto: Ferrari)\" \/><\/div>\n<div class=\"legenda-imagem\">\n\t\t#iconeimagem Mattia Binotto (Foto: Ferrari)<\/div>\n<\/div>\n<div style=\"float: left;margin-right: 15px;margin-bottom:15px\">\n\t<\/div>\n<p>Ao falar sobre a conquista do #5, o dirigente afirmou que &ldquo;certamente estamos felizes. Durante todo o final de semana estamos com bom desempenho. &Eacute; uma surpresa positiva e uma boa motiva&ccedil;&atilde;o&rdquo;, disse.<br \/>\n&nbsp;<\/p>\n<div>\n\t&ldquo;Agora nos focamos na corrida. A degrada&ccedil;&atilde;o do pneu vai ser a chave. A pista est&aacute; melhorando. A corrida &eacute; longa e apenas podemos nos focar nisso&rdquo;, completou.<br \/>\n\t&nbsp;<\/div>\n<div>\n\tQuem larga da segunda coloca&ccedil;&atilde;o do grid &eacute; Lewis Hamilton, que foi 0s206 mais lento que Vettel. Leclerc &eacute; quem abre a terceira fila da prova no domingo, largando na terceira coloca&ccedil;&atilde;o.<\/div>\n<p><\/p>\n<div style=\"font-family: roboto, sans-serif;font-size: 20px\">\n\tO&nbsp;<span style=\"font-weight: 700\">GRANDE PR&Ecirc;MIO<\/span>&nbsp;acompanha todos os treinos livres, a classifica&ccedil;&atilde;o e o GP do Canad&aacute; de F&oacute;rmula 1&nbsp;<span style=\"font-weight: 700\"><a href=\"https:\/\/www.grandepremio.com\/br\/f1\/ao-vivo\" style=\"background-color: transparent\"><span>AO VIVO e em TEMPO REAL<\/span><\/a><\/span>.&nbsp;<\/div>\n<div>\n\t&nbsp;<\/div>\n<p>#GALERIA(9799)<br \/><\/p>\n<p><\/p>\n<div class=\"embed-responsive embed-responsive-16by9\">\n\t<\/div>\n","protected":false},"excerpt":{"rendered":"<p>Mattia Binotto n&atilde;o escondeu a satisfa&ccedil;&atilde;o com a pole-position conquistada por Sebastian Vettel no Canad&aacute;. O chefe da Ferrari afirmou que o resultado serve como uma boa motiva&ccedil;&atilde;o para a corrida, que vai ser baseada na degrada&ccedil;&atilde;o dos pneus<\/p>\n","protected":false},"author":0,"featured_media":0,"comment_status":"closed","ping_status":"closed","sticky":false,"template":"","format":"standard","meta":{"42wp_featured_image_caption":"","42wp_featured_image_credits":"","42wp_featured_video":"","42wp_featured_image_hidden":false,"42wp_authors_list":[],"footnotes":""},"categories":[2],"tags":[147,84,207,442,4486,1214,210,1291],"42wp_author":[47109],"class_list":["post-136237","post","type-post","status-publish","format-standard","hentry","category-f1","tag-f1","tag-f1-2019","tag-ferrari","tag-mattia-binotto","tag-montreal","tag-pole-position","tag-sebastian-vettel","tag-temporada-2019-f1","42wp_author-redacao-gp"],"_links":{"self":[{"href":"https:\/\/grandepremio.com\/br\/wp-json\/wp\/v2\/posts\/136237","targetHints":{"allow":["GET"]}}],"collection":[{"href":"https:\/\/grandepremio.com\/br\/wp-json\/wp\/v2\/posts"}],"about":[{"href":"https:\/\/grandepremio.com\/br\/wp-json\/wp\/v2\/types\/post"}],"replies":[{"embeddable":true,"href":"https:\/\/grandepremio.com\/br\/wp-json\/wp\/v2\/comments?post=136237"}],"version-history":[{"count":0,"href":"https:\/\/grandepremio.com\/br\/wp-json\/wp\/v2\/posts\/136237\/revisions"}],"wp:attachment":[{"href":"https:\/\/grandepremio.com\/br\/wp-json\/wp\/v2\/media?parent=136237"}],"wp:term":[{"taxonomy":"category","embeddable":true,"href":"https:\/\/grandepremio.com\/br\/wp-json\/wp\/v2\/categories?post=136237"},{"taxonomy":"post_tag","embeddable":true,"href":"https:\/\/grandepremio.com\/br\/wp-json\/wp\/v2\/tags?post=136237"},{"taxonomy":"42wp_author","embeddable":true,"href":"https:\/\/grandepremio.com\/br\/wp-json\/wp\/v2\/42wp_author?post=136237"}],"curies":[{"name":"wp","href":"https:\/\/api.w.org\/{rel}","templated":true}]}}