{"id":136319,"date":"2019-12-08T10:00:00","date_gmt":"2019-12-08T13:00:00","guid":{"rendered":"https:\/\/grandepremio.com\/br\/noticias\/se-ficar-sette-camara-tem-de-ser-campeao-da-formula-2-em-2020-2\/"},"modified":"2020-05-12T10:17:16","modified_gmt":"2020-05-12T13:17:16","slug":"se-ficar-sette-camara-tem-de-ser-campeao-da-formula-2-em-2020-2","status":"publish","type":"post","link":"https:\/\/grandepremio.com\/br\/f2\/se-ficar-sette-camara-tem-de-ser-campeao-da-formula-2-em-2020-2\/","title":{"rendered":"Se ficar, Sette C\u00e2mara tem de ser campe\u00e3o da F\u00f3rmula 2 em 2020"},"content":{"rendered":"\n<p>O futuro de Sergio Sette C&acirc;mara foi tema de discuss&atilde;o dos jornalistas &agrave; mesa na edi&ccedil;&atilde;o #188 do <strong>PADDOCK GP<\/strong>. Caso siga na F2 em 2020, o piloto vai fazer seu quarto ano seguido na categoria de acesso &agrave; F1. E, neste caso, Victor Martins entende que o mineiro tem de ser campe&atilde;o. Mas, por outro lado, Gabriel Curty faz uma ressalva: &quot;Ele n&atilde;o ser&aacute; o favorito ao t&iacute;tulo&quot;, ao mencionar uma poss&iacute;vel ida para uma nova equipe do grid, a Hitech. <a href=\"https:\/\/www.youtube.com\/watch?v=LnmwrIDJxoU&amp;t=3840s\"><span><strong>Clique e ASSISTA!<\/strong><\/span><\/a><br \/><\/p>\n<table bgcolor=\"#add8e6<\/p>\n<p>&#8221; border=&#8221;1&#8243; cellpadding=&#8221;1&#8243; cellspacing=&#8221;1&#8243; style=&#8221;width: 100%&#8221;><\/p>\n<tbody>\n<tr>\n<td>\n\t\t\t\t<span style=\"color:#000000\"><span style=\"font-size:18px\"><strong>Paddockast # 44<br \/>\n\t\t\t\tRETROSPECTIVA 2019: MUITO QUE BEM, MUITO QUE MAL<\/strong><\/span><\/span><br \/>\n\t\t\t\t<br \/>\n\t\t\t\tOu&ccedil;a: <a href=\"http:\/\/open.spotify.com\/show\/5OBbp8MzxQymoyneX4IviF?si=gYqPr53GSaa-AcxFpOzJHg\">Spotify<\/a> | <a href=\"http:\/\/podcasts.apple.com\/br\/podcast\/paddockast\/id1371540198\">iTunes<\/a> | <a href=\"http:\/\/www.subscribeonandroid.com\/www.central3.com.br\/category\/podcasts\/paddockast\/feed\/podcast\/\">Android<\/a> | <a href=\"http:\/\/player.fm\/series\/paddockast\">playerFM<\/a><\/td>\n<\/tr>\n<\/tbody>\n<\/table>\n<p><\/p>\n<div>\n<div><\/div>\n<\/div>\n<p><\/p>\n","protected":false},"excerpt":{"rendered":"<p>Caso siga na F2 em 2020, Sergio Sette C&acirc;mara vai emendar seu quarto ano seguido na categoria de acesso &agrave; F1. Victor Martins, no Paddock GP, entende que s&oacute; um resultado serve para o mineiro: ser campe&atilde;o<\/p>\n","protected":false},"author":0,"featured_media":0,"comment_status":"closed","ping_status":"closed","sticky":false,"template":"","format":"standard","meta":{"42wp_featured_image_caption":"","42wp_featured_image_credits":"","42wp_featured_video":"","42wp_featured_image_hidden":false,"42wp_authors_list":[],"footnotes":""},"categories":[9],"tags":[643,1108,102,111,230,219,114,1537,318,220],"42wp_author":[47109],"class_list":["post-136319","post","type-post","status-publish","format-standard","hentry","category-f2","tag-643","tag-campeo","tag-frmula-2","tag-f2","tag-gabriel-curty","tag-grande-prmio","tag-hitech","tag-paddock-gp","tag-vdeo","tag-warm-up","42wp_author-redacao-gp"],"_links":{"self":[{"href":"https:\/\/grandepremio.com\/br\/wp-json\/wp\/v2\/posts\/136319","targetHints":{"allow":["GET"]}}],"collection":[{"href":"https:\/\/grandepremio.com\/br\/wp-json\/wp\/v2\/posts"}],"about":[{"href":"https:\/\/grandepremio.com\/br\/wp-json\/wp\/v2\/types\/post"}],"replies":[{"embeddable":true,"href":"https:\/\/grandepremio.com\/br\/wp-json\/wp\/v2\/comments?post=136319"}],"version-history":[{"count":0,"href":"https:\/\/grandepremio.com\/br\/wp-json\/wp\/v2\/posts\/136319\/revisions"}],"wp:attachment":[{"href":"https:\/\/grandepremio.com\/br\/wp-json\/wp\/v2\/media?parent=136319"}],"wp:term":[{"taxonomy":"category","embeddable":true,"href":"https:\/\/grandepremio.com\/br\/wp-json\/wp\/v2\/categories?post=136319"},{"taxonomy":"post_tag","embeddable":true,"href":"https:\/\/grandepremio.com\/br\/wp-json\/wp\/v2\/tags?post=136319"},{"taxonomy":"42wp_author","embeddable":true,"href":"https:\/\/grandepremio.com\/br\/wp-json\/wp\/v2\/42wp_author?post=136319"}],"curies":[{"name":"wp","href":"https:\/\/api.w.org\/{rel}","templated":true}]}}