{"id":13633,"date":"2025-12-23T16:51:13","date_gmt":"2025-12-23T19:51:13","guid":{"rendered":"https:\/\/grandepremio.com\/br\/noticias\/honda-confirma-subida-igor-fraga-classe-principal-super-gt-2026\/"},"modified":"2025-12-23T16:57:35","modified_gmt":"2025-12-23T19:57:35","slug":"honda-confirma-subida-igor-fraga-classe-principal-super-gt-2026","status":"publish","type":"post","link":"https:\/\/grandepremio.com\/br\/automobilismo\/honda-confirma-subida-igor-fraga-classe-principal-super-gt-2026\/","title":{"rendered":"Honda confirma subida de Fraga para classe principal da Super GT em 2026"},"content":{"rendered":"\n<p class=\"wp-block-paragraph\">Diferentemente da <strong>Super F\u00f3rmula<\/strong>, a <strong>Super GT<\/strong> j\u00e1 definiu todos os pilotos para a temporada 2026, com 14 carros na classe <strong>GT500<\/strong>, ap\u00f3s a redu\u00e7\u00e3o de quatro para tr\u00eas inscri\u00e7\u00f5es por parte da <strong>Nissan <\/strong>em raz\u00e3o da crise econ\u00f4mica. O brasileiro <strong>Igor Fraga<\/strong>, inclusive, subir\u00e1 da <strong>GT300 <\/strong>para a <strong>GT500 <\/strong>e competir\u00e1 no carro<strong> #64<\/strong> da <strong>Nakajima <\/strong>ao lado de <strong>Riki Okusa<\/strong>. <\/p>\n\n\n\n<p class=\"wp-block-paragraph\">O brasileiro passou tr\u00eas anos nas equipes <strong>Arnage <\/strong>e <strong>Anest Iwata<\/strong> na classe inferior, tendo como melhor resultado um p\u00f3dio na corrida de <strong>Okayama<\/strong>. A <strong>Honda <\/strong>tamb\u00e9m anunciou, em uma coletiva de imprensa em T\u00f3quio, o retorno de <strong>Kaku Ohta<\/strong> para pilotar o novo <strong>Honda Prelude-GT<\/strong>, que substituir\u00e1 o <strong>Civic Type R-GT<\/strong>.<\/p>\n\n\n\n<p class=\"wp-block-paragraph\">O piloto de 26 anos continuar\u00e1 disputando cinco corridas do <strong>IMSA SportsCar<\/strong> neste ano e dividir\u00e1 o <strong>#8<\/strong> da equipe <strong>ARTA <\/strong>com <strong>Hiroki Otsu<\/strong>, que muda de carro, j\u00e1 que competia no <strong>#16 <\/strong>da mesma equipe. O <strong>ARTA Mugen<\/strong> ser\u00e1 pilotado por <strong>Tomoki Nojiri<\/strong> e <strong>Ren Sato<\/strong>. <\/p>\n\n\n\n<p class=\"wp-block-paragraph\">O outro acesso ser\u00e1 o de <strong>Yuto Nomura<\/strong> no <strong>#17<\/strong> da <strong>Real Racing<\/strong>, ao lado de <strong>Koudai Tsukakoshi<\/strong>, o piloto mais experiente de toda a categoria, com 18 temporadas no curr\u00edculo. Nomura venceu em <strong>Sepang <\/strong>neste ano a bordo do <strong>Mercedes AMG GT3<\/strong> da <strong>UpGarage <\/strong>na GT300. Yamamoto e Makino venceram a \u00faltima corrida do Civic em <strong>Autopolis <\/strong>e terminaram em segundo lugar no campeonato da <strong>GT500 <\/strong>em 2025.<\/p>\n\n\n\n<figure class=\"wp-block-image size-large\"><img decoding=\"async\" src=\"https:\/\/www.grandepremio.com\/br\/wp-content\/uploads\/2025\/04\/igor-fraga-super-formula-montegi-1200x799.jpg\" alt=\"\" class=\"wp-image-956873\"\/><figcaption class=\"wp-element-caption\">Igor Fraga subiu de classe na Super GT (Foto: JRP)<\/figcaption><\/figure>\n\n\n\n<p class=\"wp-block-paragraph\">Por sua vez, a <strong>Team Kunimitsu <\/strong>\u00e9 a \u00fanica que manter\u00e1 a forma\u00e7\u00e3o deste ano, com Makino e <strong>Naoki Yamamoto<\/strong> ao volante do carro #100.<\/p>\n\n\n\n<p class=\"wp-block-paragraph\">De acordo com o ve\u00edculo especializado <em>Daily Sportscar<\/em>, a Honda tamb\u00e9m nomeou <strong>Akihiro Hasegawa <\/strong>como novo diretor-t\u00e9cnico da GT500, um cargo in\u00e9dito na categoria, ap\u00f3s ter participado do desenvolvimento dos carros da marca por duas d\u00e9cadas. Ele trabalhar\u00e1 ao lado do l\u00edder do projeto GT500, <strong>Masahiro Saeki<\/strong>. <strong>Nobuharu Matsushita<\/strong> e <strong>Syun Koide<\/strong> ficaram fora da classe principal do Super GT em fun\u00e7\u00e3o das promo\u00e7\u00f5es anunciadas.<\/p>\n\n\n\n<p class=\"wp-block-paragraph\">J\u00e1 na Super F\u00f3rmula, era esperado que, antes do Natal, as escala\u00e7\u00f5es da <strong>Honda <\/strong>e da <strong>Toyota<\/strong> estariam confirmadas. Embora isso tenha ocorrido, ainda h\u00e1 equipes que precisam definir os pilotos para a temporada 2026. <strong>Ayumu Iwasa<\/strong>, campe\u00e3o de 2025 da categoria, defender\u00e1 o t\u00edtulo no pr\u00f3ximo ano com o carro <strong>#1<\/strong> da <strong>Team Mugen<\/strong>, ao lado de <strong>Tomoki Nojiri<\/strong>.<\/p>\n\n\n\n<p class=\"wp-block-paragraph\">Al\u00e9m disso, as equipes <strong>Dandelion <\/strong>e <strong>Nakajima <\/strong>manter\u00e3o os pilotos deste ano \u2014 <strong>Tadasuke Makino<\/strong>, <strong>Kakunoshin Ohta<\/strong>, Sato e Fraga \u2014, assim como a <strong>Triple Tree<\/strong>, que seguir\u00e1 com <strong>Juju Noda<\/strong> pela terceira temporada completa.<\/p>\n\n\n\n<figure class=\"wp-block-image size-large\"><img decoding=\"async\" src=\"https:\/\/www.grandepremio.com\/br\/wp-content\/uploads\/2025\/12\/G6cbS4Tb0AAqff7-1200x800.jpeg\" alt=\"\" class=\"wp-image-1045571\"\/><figcaption class=\"wp-element-caption\">Ayumu Iwasa defende t\u00edtulo da Super F\u00f3rmula em 2026 (Foto: Honda)<\/figcaption><\/figure>\n\n\n\n<p class=\"wp-block-paragraph\">A grande novidade da marca de <strong>Sakura <\/strong>\u00e9 a promo\u00e7\u00e3o do campe\u00e3o da <strong>Super F\u00f3rmula Lights<\/strong>, <strong>Yuto Nomura<\/strong>, que substituir\u00e1 Koide na equipe <strong>B-Max<\/strong>, al\u00e9m da estreia j\u00e1 confirmada da <strong>Delightworks Racing<\/strong> com Matsushita. <\/p>\n\n\n\n<p class=\"wp-block-paragraph\">Ap\u00f3s esse an\u00fancio, resta apenas aguardar o que ambos os fabricantes de motores far\u00e3o com as equipes pendentes, j\u00e1 que a Toyota ainda precisa confirmar os dois pilotos da <strong>Kondo<\/strong>. Ainda de acordo com o <em>Japan Racing Insider<\/em>, esperava-se que fossem <strong>Luke Browning<\/strong> e <strong>Jack Doohan<\/strong>, mas nenhum dos dois foi mencionado, sobretudo o australiano, <a href=\"https:\/\/www.grandepremio.com\/br\/super-formula\/noticias\/jack-doohan-piloto-alpine-f1-2025-bate-tres-vezes-mesma-curva-testes-super-formula-suzuka\/\">ap\u00f3s os tr\u00eas acidentes nos testes de p\u00f3s-temporada<\/a> em <strong>Suzuka<\/strong>.<\/p>\n\n\n\n<p class=\"wp-block-paragraph\">\u25b6\ufe0f&nbsp;<strong>Inscreva-se nos dois canais do GRANDE PR\u00caMIO no YouTube:&nbsp;<a href=\"https:\/\/www.youtube.com\/channel\/UC9OlHEgxoaY6QY6nWPoiqQg?sub_confirmation=1\" target=\"_blank\" rel=\"noreferrer noopener\">GP<\/a>&nbsp;|&nbsp;<a href=\"https:\/\/www.youtube.com\/channel\/UC9csiS6q_C3C0FYhyr1rnFA?sub_confirmation=1\" target=\"_blank\" rel=\"noreferrer noopener\">GP2<\/a><\/strong><\/p>\n","protected":false},"excerpt":{"rendered":"<p>A Honda anunciou nesta ter\u00e7a-feira (23) que Igor Fraga, vencedor na Super F\u00f3rmula, dar\u00e1 o salto para a classe GT500 da Super GT em 2026, pela equipe Nakajima. Na categoria de monopostos, a marca n\u00e3o divulgou grandes mudan\u00e7as nas forma\u00e7\u00f5es<\/p>\n","protected":false},"author":0,"featured_media":1000936628,"comment_status":"closed","ping_status":"closed","sticky":false,"template":"","format":"standard","meta":{"42wp_featured_image_caption":"","42wp_featured_image_credits":"","42wp_featured_video":"","42wp_featured_image_hidden":false,"42wp_authors_list":[],"footnotes":""},"categories":[22],"tags":[1491,130,289,1325,1240],"42wp_author":[47162],"class_list":["post-13633","post","type-post","status-publish","format-standard","has-post-thumbnail","hentry","category-automobilismo","tag-grande-premio","tag-honda","tag-igor-fraga","tag-super-gt","tag-turismo","42wp_author-giovani-danjo"],"_links":{"self":[{"href":"https:\/\/grandepremio.com\/br\/wp-json\/wp\/v2\/posts\/13633","targetHints":{"allow":["GET"]}}],"collection":[{"href":"https:\/\/grandepremio.com\/br\/wp-json\/wp\/v2\/posts"}],"about":[{"href":"https:\/\/grandepremio.com\/br\/wp-json\/wp\/v2\/types\/post"}],"replies":[{"embeddable":true,"href":"https:\/\/grandepremio.com\/br\/wp-json\/wp\/v2\/comments?post=13633"}],"version-history":[{"count":0,"href":"https:\/\/grandepremio.com\/br\/wp-json\/wp\/v2\/posts\/13633\/revisions"}],"wp:featuredmedia":[{"embeddable":true,"href":"https:\/\/grandepremio.com\/br\/wp-json\/wp\/v2\/media\/1000936628"}],"wp:attachment":[{"href":"https:\/\/grandepremio.com\/br\/wp-json\/wp\/v2\/media?parent=13633"}],"wp:term":[{"taxonomy":"category","embeddable":true,"href":"https:\/\/grandepremio.com\/br\/wp-json\/wp\/v2\/categories?post=13633"},{"taxonomy":"post_tag","embeddable":true,"href":"https:\/\/grandepremio.com\/br\/wp-json\/wp\/v2\/tags?post=13633"},{"taxonomy":"42wp_author","embeddable":true,"href":"https:\/\/grandepremio.com\/br\/wp-json\/wp\/v2\/42wp_author?post=13633"}],"curies":[{"name":"wp","href":"https:\/\/api.w.org\/{rel}","templated":true}]}}