{"id":136332,"date":"2019-12-08T05:15:00","date_gmt":"2019-12-08T08:15:00","guid":{"rendered":"https:\/\/grandepremio.com\/br\/noticias\/alonso-nega-reputacao-de-egoista-e-melhor-olhar-os-fatos-antes\/"},"modified":"2022-05-19T17:44:01","modified_gmt":"2022-05-19T20:44:01","slug":"alonso-nega-reputacao-de-egoista-e-melhor-olhar-os-fatos-antes","status":"publish","type":"post","link":"https:\/\/grandepremio.com\/br\/f1\/alonso-nega-reputacao-de-egoista-e-melhor-olhar-os-fatos-antes\/","title":{"rendered":"Alonso nega reputa\u00e7\u00e3o de ego\u00edsta: &#8220;\u00c9 melhor olhar os fatos antes&#8221;"},"content":{"rendered":"\n<div>\n\tNas cinco temporadas em que permaneceu na Ferrari, Fernando Alonso ficou com a reputa&ccedil;&atilde;o de um piloto &ldquo;ego&iacute;sta&rdquo;, de que pensava apenas em si mesmo e n&atilde;o no time, especialmente por conta da maneira como atraiu a escuderia ao seu redor, al&eacute;m de ter sido beneficiado por ordens de equipe. Com os recentes conflitos na pista entre Sebastian Vettel e Charles Leclerc, o bicampe&atilde;o mundial deu o seu pitaco.<\/div>\n<div>\n\t&nbsp;<\/div>\n<div>\n\tO veterano espanhol negou o posto de ego&iacute;sta e disse ainda que sempre colaborou com a equipe quando necess&aacute;rio, e que os fatos s&atilde;o bem diferentes da reputa&ccedil;&atilde;o que ganhou.<\/div>\n<div>\n\t&nbsp;<\/div>\n<div>\n\t&quot;Eu acho que a reputa&ccedil;&atilde;o &eacute; uma coisa e os fatos s&atilde;o outros. Quando voc&ecirc; v&ecirc; companheiros de equipe batendo e coisas assim como neste ano e em outros e compara com as minhas imagens, voc&ecirc; v&ecirc; o v&aacute;cuo que dei em Monza e em Spa. Eu sei dessas ajudas, ent&atilde;o, quando falar de reputa&ccedil;&atilde;o, &eacute; melhor olhar pelos fatos&quot;, disse Alonso em entrevista ao site &#039;Motorsport.com&#039;, durante a festa de premia&ccedil;&atilde;o da FIA, na sexta-feira &uacute;ltima.<\/div>\n<div>\n<div class=\"imagem-noticia\">\n\t\t<img decoding=\"async\" src=\"https:\/\/www.grandepremio.com\/br\/wp-content\/uploads\/2019\/12\/201910151149956_EG6D6gzVAAEyOZS_II.jpg\" title=\"Alonso quando corrida na Ferrari (Foto: Reprodu\u00e7\u00e3o)\" \/><\/div>\n<div class=\"legenda-imagem\">\n\t\t#iconeimagem Alonso quando corrida na Ferrari (Foto: Reprodu&ccedil;&atilde;o)<\/div>\n<\/div>\n<div>\n\tAlonso, inclusive, revelou a humildade de aprender sobre o endurance com S&eacute;bastien Buemi e Kazuki Nakajima. Ao lado dos pilotos, pouco badalados na F1, venceu duas edi&ccedil;&otilde;es das 24 Horas de Le Mans e o t&iacute;tulo mundial do WEC. O trio recebeu o pr&ecirc;mio na festa de gala da FIA.<\/div>\n<div>\n\t&nbsp;<\/div>\n<div>\n\t&quot;N&atilde;o foi problema compartilhar com eles, porque eles t&ecirc;m experi&ecirc;ncia em endurance. Me ensinaram bastante no primeiro dia de testes, sabiam sobre o carro e o circuito, e a abordagem em corridas longas. Eu sempre era o que errava e fazia as perguntas&quot;, completou.<\/div>\n<div>\n\t&nbsp;<\/div>\n<div class=\"embed-responsive embed-responsive-16by9\">\n\t<\/div>\n<p><\/p>\n<p><\/p>\n","protected":false},"excerpt":{"rendered":"<p>Ego&iacute;sta? Fernando Alonso acredita que as pessoas n&atilde;o olham os fatos e se agarram a uma poss&iacute;vel m&aacute; reputa&ccedil;&atilde;o do espanhol, bicampe&atilde;o mundial de F&oacute;rmula 1, que tamb&eacute;m relatou os aprendizados com Kazuki Nakajima <\/p>\n","protected":false},"author":0,"featured_media":0,"comment_status":"closed","ping_status":"closed","sticky":false,"template":"","format":"standard","meta":{"42wp_featured_image_caption":"","42wp_featured_image_credits":"","42wp_featured_video":"","42wp_featured_image_hidden":false,"42wp_authors_list":[],"footnotes":""},"categories":[2],"tags":[147,84,176,1223],"42wp_author":[47109],"class_list":["post-136332","post","type-post","status-publish","format-standard","hentry","category-f1","tag-f1","tag-f1-2019","tag-fernando-alonso","tag-horrio-f1-2019","42wp_author-redacao-gp"],"_links":{"self":[{"href":"https:\/\/grandepremio.com\/br\/wp-json\/wp\/v2\/posts\/136332","targetHints":{"allow":["GET"]}}],"collection":[{"href":"https:\/\/grandepremio.com\/br\/wp-json\/wp\/v2\/posts"}],"about":[{"href":"https:\/\/grandepremio.com\/br\/wp-json\/wp\/v2\/types\/post"}],"replies":[{"embeddable":true,"href":"https:\/\/grandepremio.com\/br\/wp-json\/wp\/v2\/comments?post=136332"}],"version-history":[{"count":0,"href":"https:\/\/grandepremio.com\/br\/wp-json\/wp\/v2\/posts\/136332\/revisions"}],"wp:attachment":[{"href":"https:\/\/grandepremio.com\/br\/wp-json\/wp\/v2\/media?parent=136332"}],"wp:term":[{"taxonomy":"category","embeddable":true,"href":"https:\/\/grandepremio.com\/br\/wp-json\/wp\/v2\/categories?post=136332"},{"taxonomy":"post_tag","embeddable":true,"href":"https:\/\/grandepremio.com\/br\/wp-json\/wp\/v2\/tags?post=136332"},{"taxonomy":"42wp_author","embeddable":true,"href":"https:\/\/grandepremio.com\/br\/wp-json\/wp\/v2\/42wp_author?post=136332"}],"curies":[{"name":"wp","href":"https:\/\/api.w.org\/{rel}","templated":true}]}}