{"id":136354,"date":"2019-06-06T08:36:00","date_gmt":"2019-06-06T11:36:00","guid":{"rendered":"https:\/\/grandepremio.com\/br\/noticias\/webber-ve-ex-companheiro-vettel-indeciso-e-em-encruzilhada-sobre-permanencia-na-formula-1\/"},"modified":"2020-05-17T14:45:13","modified_gmt":"2020-05-17T17:45:13","slug":"webber-ve-ex-companheiro-vettel-indeciso-e-em-encruzilhada-sobre-permanencia-na-formula-1","status":"publish","type":"post","link":"https:\/\/grandepremio.com\/br\/f1\/webber-ve-ex-companheiro-vettel-indeciso-e-em-encruzilhada-sobre-permanencia-na-formula-1\/","title":{"rendered":"Webber v\u00ea ex-companheiro Vettel indeciso e \u201cem encruzilhada\u201d sobre perman\u00eancia na F\u00f3rmula 1"},"content":{"rendered":"\n<div>\n\tUm dos assuntos que mais chamou a aten&ccedil;&atilde;o nos &uacute;ltimos dias na <strong><a href=\"https:\/\/www.grandepremio.com\/br\/f1\">F&oacute;rmula 1<\/a><\/strong> foram os rumores sobre uma poss&iacute;vel aposentadoria de Sebastian Vettel do Mundial ao fim da temporada 2019. O alem&atilde;o, em seis corridas, ficou longe de lutar pela vit&oacute;ria e tem como melhor resultado at&eacute; agora o segundo lugar no GP de M&ocirc;naco, disputado h&aacute; quase duas semanas.<\/div>\n<div>\n\t&nbsp;<\/div>\n<div>\n\tAinda que o pr&oacute;prio <strong><a href=\"https:\/\/www.grandepremio.com\/br\/f1\/noticias\/vettel-nega-rumores-de-aposentadoria-da-f1-ainda-me-divirto-muito-e-tenho-algo-a-fazer-na-ferrari\">Vettel tenha descartado a possibilidade, assegurando que ainda se diverte na F1 e que tem uma miss&atilde;o a cumprir pela Ferrari<\/a><\/strong>, h&aacute; quem entenda que uma aposentadoria do alem&atilde;o n&atilde;o seria algo absurdo. Trata-se de Mark Webber, um dos pilotos que mais conhece Vettel por conta do tempo em que correram juntos na Red Bull.<\/p>\n<div class=\"imagem-noticia\">\n\t\t<img decoding=\"async\" src=\"https:\/\/www.grandepremio.com\/br\/wp-content\/uploads\/2019\/06\/201966835518_VettelWebber1_II.jpg\" title=\"Vettel est\u00e1 numa encruzilhada e precisa decidir o que quer na F1, diz Webber (Foto: Reprodu\u00e7\u00e3o)\" \/><\/div>\n<div class=\"legenda-imagem\">\n\t\t#iconeimagem Vettel est&aacute; numa encruzilhada e precisa decidir o que quer na F1, diz Webber (Foto: Reprodu&ccedil;&atilde;o)<\/div>\n<div style=\"float: left;margin-right: 15px;margin-bottom:15px\">\n\t\t<\/div>\n<p>\tCompanheiro de equipe do alem&atilde;o entre 2009 e 2013, Webber entende que o tetracampe&atilde;o alterna momentos de enorme motiva&ccedil;&atilde;o com outros de aparente desligamento, de modo que, para o australiano, Seb precisa saber o que quer da F1 e decidir seu rumo.<\/p><\/div>\n<div>\n\t&nbsp;<\/div>\n<div>\n\t&ldquo;Tudo &eacute; poss&iacute;vel na F1. &Eacute; confuso porque, com frequ&ecirc;ncia, ele parece com vontade e agressivo. Depois, em outros momentos, parece relaxado quando termina em segundo ou terceiro, e ele &eacute; algu&eacute;m que voc&ecirc; n&atilde;o espera que esteja satisfeito com isso&rdquo;, disse o piloto em entrevista &agrave; emissora austr&iacute;aca &lsquo;Servus TV&rsquo;.<\/div>\n<div>\n\t&nbsp;<\/div>\n<div>\n\t&ldquo;Ele precisa decidir o que quer para os pr&oacute;ximos anos. Est&aacute; em uma encruzilhada, inclusive no lado mental&rdquo;, comentou Webber, lembrando tamb&eacute;m que o alem&atilde;o n&atilde;o tem 100% da culpa pela fase que atravessa no momento. &ldquo;Apenas Sebastian tem a resposta, mas h&aacute; uma coisa clara: a Ferrari tamb&eacute;m precisa melhorar&rdquo;, finalizou.<\/div>\n<p><\/p>\n<div class=\"embed-responsive embed-responsive-16by9\">\n\t<\/div>\n<p><\/p>\n<table bgcolor=\"#A9BCF5\" border=\"1\" cellpadding=\"1\" cellspacing=\"1\" style=\"width: 100%\">\n<tbody>\n<tr>\n<td>\n\t\t\t\t<strong><a href=\"https:\/\/grandepremio.com\/br\/gp\/noticias\/paddockast-20-punicoes-tardias-circuitos-chatos-o-que-tem-de-acabar-no-esporte-a-motor\"><span style=\"color:#000080\">Paddockast #20<br \/>\n\t\t\t\tPuni&ccedil;&otilde;es tardias, circuitos chatos&#8230; O que tem de acabar no esporte a motor?<\/span><\/a><\/strong><br \/>\n\t\t\t\t<\/p>\n<ul>\n<li>\n\t\t\t\t\t\t<a href=\"http:\/\/open.spotify.com\/show\/5OBbp8MzxQymoyneX4IviF?si=gYqPr53GSaa-AcxFpOzJHg\">Ou&ccedil;a no Spotify<\/a><\/li>\n<li>\n\t\t\t\t\t\t<a href=\"http:\/\/podcasts.apple.com\/br\/podcast\/paddockast\/id1371540198\">Ou&ccedil;a no iTunes<\/a><\/li>\n<li>\n\t\t\t\t\t\t<a href=\"http:\/\/podcasts.apple.com\/br\/podcast\/paddockast\/id1371540198\">Ou&ccedil;a no Android<\/a><\/li>\n<li>\n\t\t\t\t\t\t<a href=\"http:\/\/player.fm\/series\/paddockast\">Ou&ccedil;a no playerFM<\/a><\/li>\n<\/ul>\n<\/td>\n<\/tr>\n<\/tbody>\n<\/table>\n<p><\/p>\n<div>\n<\/div>\n<p><\/p>\n","protected":false},"excerpt":{"rendered":"<p>Ex-parceiro de Sebastian Vettel nos tempos de Red Bull, Mark Webber entende que o tetracampe&atilde;o precisa decidir o que quer para os pr&oacute;ximos anos e n&atilde;o acha nenhum absurdo que o alem&atilde;o se aposente ao fim da temporada: &ldquo;Tudo &eacute; poss&iacute;vel na F1&rdquo;<\/p>\n","protected":false},"author":0,"featured_media":0,"comment_status":"closed","ping_status":"closed","sticky":false,"template":"","format":"standard","meta":{"42wp_featured_image_caption":"","42wp_featured_image_credits":"","42wp_featured_video":"","42wp_featured_image_hidden":false,"42wp_authors_list":[],"footnotes":""},"categories":[2],"tags":[147,84,219,2913,204,210,220],"42wp_author":[47109],"class_list":["post-136354","post","type-post","status-publish","format-standard","hentry","category-f1","tag-f1","tag-f1-2019","tag-grande-prmio","tag-mark-webber","tag-red-bull","tag-sebastian-vettel","tag-warm-up","42wp_author-redacao-gp"],"_links":{"self":[{"href":"https:\/\/grandepremio.com\/br\/wp-json\/wp\/v2\/posts\/136354","targetHints":{"allow":["GET"]}}],"collection":[{"href":"https:\/\/grandepremio.com\/br\/wp-json\/wp\/v2\/posts"}],"about":[{"href":"https:\/\/grandepremio.com\/br\/wp-json\/wp\/v2\/types\/post"}],"replies":[{"embeddable":true,"href":"https:\/\/grandepremio.com\/br\/wp-json\/wp\/v2\/comments?post=136354"}],"version-history":[{"count":0,"href":"https:\/\/grandepremio.com\/br\/wp-json\/wp\/v2\/posts\/136354\/revisions"}],"wp:attachment":[{"href":"https:\/\/grandepremio.com\/br\/wp-json\/wp\/v2\/media?parent=136354"}],"wp:term":[{"taxonomy":"category","embeddable":true,"href":"https:\/\/grandepremio.com\/br\/wp-json\/wp\/v2\/categories?post=136354"},{"taxonomy":"post_tag","embeddable":true,"href":"https:\/\/grandepremio.com\/br\/wp-json\/wp\/v2\/tags?post=136354"},{"taxonomy":"42wp_author","embeddable":true,"href":"https:\/\/grandepremio.com\/br\/wp-json\/wp\/v2\/42wp_author?post=136354"}],"curies":[{"name":"wp","href":"https:\/\/api.w.org\/{rel}","templated":true}]}}