{"id":136357,"date":"2019-06-06T07:28:00","date_gmt":"2019-06-06T10:28:00","guid":{"rendered":"https:\/\/grandepremio.com\/br\/noticias\/chefe-ve-ferrari-em-crescimento-jovem-e-com-vontade-e-cre-em-novo-periodo-de-dominio-na-formula-1\/"},"modified":"2020-05-17T14:46:44","modified_gmt":"2020-05-17T17:46:44","slug":"chefe-ve-ferrari-em-crescimento-jovem-e-com-vontade-e-cre-em-novo-periodo-de-dominio-na-formula-1","status":"publish","type":"post","link":"https:\/\/grandepremio.com\/br\/f1\/chefe-ve-ferrari-em-crescimento-jovem-e-com-vontade-e-cre-em-novo-periodo-de-dominio-na-formula-1\/","title":{"rendered":"Chefe v\u00ea Ferrari \u201cem crescimento, jovem e com vontade\u201d e cr\u00ea em novo per\u00edodo de dom\u00ednio na F\u00f3rmula 1"},"content":{"rendered":"\n<div>\n\tPara uma equipe que come&ccedil;ou 2019 indicando que seria a grande for&ccedil;a do campeonato, <strong><a href=\"https:\/\/grandepremium.grandepremio.com\/br\/lado-a-lado\/materias\/seis-em-seis\">levar de 6 a 0 da maior rival no in&iacute;cio da temporada<\/a><\/strong> &eacute; um rev&eacute;s e tanto para a Ferrari. A escuderia de Maranello &eacute; mera coadjuvante do sucesso da Mercedes, que enfileirou vit&oacute;rias, com direito a cinco dobradinhas consecutivas. Mas Mattia Binotto, chefe do time italiano, consegue enxergar aspectos positivos e entende que tudo &eacute; parte de um processo que vai levar a Ferrari a voltar a dominar a F&oacute;rmula 1, como aconteceu entre 2000 e 2004, tendo Michael Schumacher como protagonista.<\/div>\n<div>\n\t&nbsp;<\/div>\n<div>\n\tO dirigente &iacute;talo-su&iacute;&ccedil;o comparou o atual momento da Ferrari com 1996 e 1997. &Agrave; &eacute;poca, a escuderia contratou Schumacher, da Benetton, a peso de ouro e trouxe Eddie Irvine, da Jordan, como segundo piloto. O time contava com uma estrutura s&oacute;lida chefiada por Jean Todt, enquanto Ross Brawn, tamb&eacute;m vindo da Benetton, era outro pilar importante. Os anos seguintes serviram para fortalecer a escuderia.&nbsp;<\/div>\n<div>\n\t&nbsp;<\/div>\n<div>\n\tA partir de 2000, com Schumacher na condi&ccedil;&atilde;o de primeiro piloto e Rubens Barrichello no lugar de Irvine, a Ferrari empilhou t&iacute;tulos durante cinco temporadas, per&iacute;odo que consagrou o alem&atilde;o como o maior vencedor e campe&atilde;o da hist&oacute;ria da F1.<\/p>\n<div class=\"imagem-noticia\">\n\t\t<img decoding=\"async\" src=\"https:\/\/www.grandepremio.com\/br\/wp-content\/uploads\/2019\/06\/201917429157_DvlgA8pXcAE3he7_II.jpg\" title=\"Mattia Binotto \u00e9 o homem da vez na Ferrari (Foto: Reprodu\u00e7\u00e3o\/Twitter)\" \/><\/div>\n<div class=\"legenda-imagem\">\n\t\t#iconeimagem Mattia Binotto acredita que a Ferrari vai voltar a dominar a F1 (Foto: Reprodu&ccedil;&atilde;o\/Twitter)<\/div>\n<div style=\"float: left;margin-right: 15px;margin-bottom:15px\">\n\t\t<\/div>\n<p>\tEm entrevista ao jornal italiano &lsquo;La Gazzetta dello Sport&rsquo;, Binotto entende que h&aacute; muitas caracter&iacute;sticas parecidas entre a Ferrari de agora e aquela do fim dos anos 1990.<\/p><\/div>\n<div>\n\t&nbsp;<\/div>\n<div>\n\t&ldquo;A Mercedes &eacute; forte a n&iacute;vel t&eacute;cnico e operacional, mas prefiro comparar a n&oacute;s com a Ferrari de 1996 e 1997. Uma equipe em crescimento, com bases s&oacute;lidas. N&oacute;s tamb&eacute;m somos uma equipe jovem e com vontade. Vejo muitas semelhan&ccedil;as com essa &eacute;poca. Temos vontade, vis&atilde;o, talento, paix&atilde;o e dois grandes pilotos: vejo o impulso que nos levou ao dom&iacute;nio vermelho h&aacute; quase 20 anos&rdquo;, comentou o dirigente.<\/div>\n<div>\n\t&nbsp;<\/div>\n<div>\n\tBinotto tenta ver uma luz no fim do t&uacute;nel e entende que &eacute; preciso dar moral ao time que tem nas m&atilde;os, al&eacute;m de pedir paci&ecirc;ncia aos fan&aacute;ticos tifosi. &ldquo;Lamento o in&iacute;cio de temporada que tivemos, mas temos de acreditar em n&oacute;s. Sei que estamos pedindo muito aos nossos torcedores, que merecem grandes alegrias, mas hoje, mais do que nunca, precisamos de sua paci&ecirc;ncia e apoio&rdquo;.<\/div>\n<div>\n\t&nbsp;<\/div>\n<div>\n\tAinda que a Mercedes seja a grande equipe da temporada, o chefe da Ferrari entende que ainda &eacute; cedo para fazer uma avalia&ccedil;&atilde;o do trabalho da sua equipe em 2019. &ldquo;Esperaria at&eacute; o fim do ano para fazer um balan&ccedil;o porque as seis primeiras corridas poderiam ter sido muito diferentes. A temporada come&ccedil;ou como terminou a anterior e n&atilde;o pior. Na segunda parte de 2018, nosso carro n&atilde;o era t&atilde;o competitivo como a Mercedes e agora pagamos pelo atraso acumulado&rdquo;.<\/p>\n<div class=\"imagem-noticia\">\n\t\t<img decoding=\"async\" src=\"https:\/\/www.grandepremio.com\/br\/wp-content\/uploads\/2019\/06\/20195291013309_Michael-Schumacher_II.jpg\" title=\"Michael Schumacher (Foto: Ferrari)\" \/><\/div>\n<div class=\"legenda-imagem\">\n\t\t#iconeimagem Michael Schumacher foi o protagonista dos anos de ouro da Ferrari no in&iacute;cio da d&eacute;cada de 2000 (Foto: Ferrari)<\/div>\n<div style=\"float: left;margin-right: 15px;margin-bottom:15px\">\n\t\t<\/div>\n<p>\tO chefe da equipe tamb&eacute;m ressaltou os desafios que tem pela frente, sobretudo visando as grandes mudan&ccedil;as para 2021, e comentou que a Ferrari promoveu uma grande reestrutura&ccedil;&atilde;o nos seus quadros, n&atilde;o apenas com sua promo&ccedil;&atilde;o ao posto m&aacute;ximo dentro da equipe, mas tamb&eacute;m em rela&ccedil;&atilde;o a outras fun&ccedil;&otilde;es, sobretudo no aspecto t&eacute;cnico.<\/p><\/div>\n<div>\n\t&nbsp;<\/div>\n<div>\n\t&ldquo;Me dei conta que teria de prestar mais aten&ccedil;&atilde;o ao amanh&atilde; para nos prepararmos para os desafios do futuro. Tive de dedicar tempo e identificar as pessoas para que me ajudassem. N&atilde;o &eacute; correto que eu tenha dois cargos e que fa&ccedil;a tudo sozinho&rdquo;, explicou.<\/div>\n<div>\n\t&nbsp;<\/div>\n<div>\n\t&ldquo;Desde janeiro estamos nos reorganizando, j&aacute; n&atilde;o existe a famosa estrutura horizontal cl&aacute;ssica. Identificamos quatro ou cinco figuras que se converteram em meus pontos de refer&ecirc;ncia em &aacute;reas distintas. Sou &uacute;til para filtrar a informa&ccedil;&atilde;o e pensar no futuro. 2021 est&aacute; dobrando a esquina com novo regulamento e limite or&ccedil;ament&aacute;rio, que vai nos obrigar a revisar certos processos de fabrica&ccedil;&atilde;o&rdquo;, concluiu o dirigente &iacute;talo-su&iacute;&ccedil;o.<\/div>\n<div>\n\t<\/p>\n<div class=\"embed-responsive embed-responsive-16by9\">\n\t\t<\/div>\n<p>\n\t&nbsp;<\/div>\n<table bgcolor=\"#A9BCF5\" border=\"1\" cellpadding=\"1\" cellspacing=\"1\" style=\"width: 100%\">\n<tbody>\n<tr>\n<td>\n\t\t\t\t<strong><a href=\"https:\/\/grandepremio.com\/br\/gp\/noticias\/paddockast-20-punicoes-tardias-circuitos-chatos-o-que-tem-de-acabar-no-esporte-a-motor\"><span style=\"color:#000080\">Paddockast #20<br \/>\n\t\t\t\tPuni&ccedil;&otilde;es tardias, circuitos chatos&#8230; O que tem de acabar no esporte a motor?<\/span><\/a><\/strong><br \/>\n\t\t\t\t<\/p>\n<ul>\n<li>\n\t\t\t\t\t\t<a href=\"http:\/\/open.spotify.com\/show\/5OBbp8MzxQymoyneX4IviF?si=gYqPr53GSaa-AcxFpOzJHg\">Ou&ccedil;a no Spotify<\/a><\/li>\n<li>\n\t\t\t\t\t\t<a href=\"http:\/\/podcasts.apple.com\/br\/podcast\/paddockast\/id1371540198\">Ou&ccedil;a no iTunes<\/a><\/li>\n<li>\n\t\t\t\t\t\t<a href=\"http:\/\/podcasts.apple.com\/br\/podcast\/paddockast\/id1371540198\">Ou&ccedil;a no Android<\/a><\/li>\n<li>\n\t\t\t\t\t\t<a href=\"http:\/\/player.fm\/series\/paddockast\">Ou&ccedil;a no playerFM<\/a><\/li>\n<\/ul>\n<\/td>\n<\/tr>\n<\/tbody>\n<\/table>\n<p><\/p>\n<div>\n<\/div>\n<p><\/p>\n","protected":false},"excerpt":{"rendered":"<p>Mattia Binotto entende que o momento atual vivido pela Ferrari &eacute; passageiro e remete muito a 1996 e 1997, quando a equipe de Maranello trouxe Michael Schumacher para ser o grande pilar de um momento de reconstru&ccedil;&atilde;o. A partir do ano 2000, a escuderia italiana dominou a F1, em per&iacute;odo que se estendeu por cinco temporadas no Mundial. O dirigente pediu &ldquo;paci&ecirc;ncia e apoio&rdquo; aos fan&aacute;ticos tifosi<\/p>\n","protected":false},"author":0,"featured_media":0,"comment_status":"closed","ping_status":"closed","sticky":false,"template":"","format":"standard","meta":{"42wp_featured_image_caption":"","42wp_featured_image_credits":"","42wp_featured_video":"","42wp_featured_image_hidden":false,"42wp_authors_list":[],"footnotes":""},"categories":[2],"tags":[147,84,207,219,442,758,220],"42wp_author":[47109],"class_list":["post-136357","post","type-post","status-publish","format-standard","hentry","category-f1","tag-f1","tag-f1-2019","tag-ferrari","tag-grande-prmio","tag-mattia-binotto","tag-michael-schumacher","tag-warm-up","42wp_author-redacao-gp"],"_links":{"self":[{"href":"https:\/\/grandepremio.com\/br\/wp-json\/wp\/v2\/posts\/136357","targetHints":{"allow":["GET"]}}],"collection":[{"href":"https:\/\/grandepremio.com\/br\/wp-json\/wp\/v2\/posts"}],"about":[{"href":"https:\/\/grandepremio.com\/br\/wp-json\/wp\/v2\/types\/post"}],"replies":[{"embeddable":true,"href":"https:\/\/grandepremio.com\/br\/wp-json\/wp\/v2\/comments?post=136357"}],"version-history":[{"count":0,"href":"https:\/\/grandepremio.com\/br\/wp-json\/wp\/v2\/posts\/136357\/revisions"}],"wp:attachment":[{"href":"https:\/\/grandepremio.com\/br\/wp-json\/wp\/v2\/media?parent=136357"}],"wp:term":[{"taxonomy":"category","embeddable":true,"href":"https:\/\/grandepremio.com\/br\/wp-json\/wp\/v2\/categories?post=136357"},{"taxonomy":"post_tag","embeddable":true,"href":"https:\/\/grandepremio.com\/br\/wp-json\/wp\/v2\/tags?post=136357"},{"taxonomy":"42wp_author","embeddable":true,"href":"https:\/\/grandepremio.com\/br\/wp-json\/wp\/v2\/42wp_author?post=136357"}],"curies":[{"name":"wp","href":"https:\/\/api.w.org\/{rel}","templated":true}]}}