{"id":136503,"date":"2019-12-04T14:35:00","date_gmt":"2019-12-04T17:35:00","guid":{"rendered":"https:\/\/grandepremio.com\/br\/noticias\/confira-declaracoes-dos-pilotos-apos-segundo-dia-de-testes-coletivos-da-f1-em-abu-dhabi-2\/"},"modified":"2020-05-29T10:26:41","modified_gmt":"2020-05-29T13:26:41","slug":"confira-declaracoes-dos-pilotos-apos-segundo-dia-de-testes-coletivos-da-f1-em-abu-dhabi-2","status":"publish","type":"post","link":"https:\/\/grandepremio.com\/br\/f1\/confira-declaracoes-dos-pilotos-apos-segundo-dia-de-testes-coletivos-da-f1-em-abu-dhabi-2\/","title":{"rendered":"Confira declara\u00e7\u00f5es dos pilotos ap\u00f3s segundo dia de testes coletivos da F1 em Abu Dhabi"},"content":{"rendered":"\n<p><a href=\"https:\/\/grandepremio.com\/br\/f1\/noticias\/russell-lidera-ultimo-teste-em-abu-dhabi-leclerc-bate-e-fittipaldi-e-8\"><span style=\"color:#ff0000\"><strong>O segundo dia de testes da Pirelli em Abu Dhabi, nesta quarta-feira (4)<\/strong><\/span><\/a>, marcou a derradeira apari&ccedil;&atilde;o de carros da F&oacute;rmula 1 na pista em 2019. Por isso, o tom das declara&ccedil;&otilde;es dos pilotos ap&oacute;s as sess&otilde;es foi de despedida.<br \/>\n<br \/>\nIsso incluiu at&eacute; um raro l&iacute;der na tabela de tempos: George Russell, com a Williams, que comentou sobre sua primeira temporada na F1. Charles Leclerc tamb&eacute;m comentou sobre a temporada da estreia &#8211; mas na Ferrari, n&atilde;o na categoria.&nbsp;<\/p>\n<div class=\"imagem-noticia\">\n\t<img decoding=\"async\" src=\"https:\/\/www.grandepremio.com\/br\/wp-content\/uploads\/2019\/12\/20191211630768_ferrari-charlesleclerc-14_II.jpg\" title=\"Charles Leclerc (Foto: Ferrari)\" \/><\/div>\n<div class=\"legenda-imagem\">\n\t#iconeimagem Charles Leclerc (Foto: Ferrari)<\/div>\n<p><strong>Confira as declara&ccedil;&otilde;es dos pilotos <\/strong>(Lance Stroll (terceiro),&nbsp;Alexander Albon (s&eacute;timo) e Antonio Giovinazzi (nono) n&atilde;o falaram ap&oacute;s o teste)<strong>:<\/strong><br \/>\n<br \/>\n<strong>George Russell, primeiro: <a href=\"https:\/\/grandepremio.com\/br\/f1\/noticias\/lider-em-teste-russell-celebra-primeiro-ano-na-f1-uma-curva-de-aprendizado\"><span style=\"color:#ff0000\">L&iacute;der em teste, Russell celebra primeiro ano na F1: &ldquo;Uma curva de aprendizado&rdquo;<\/span><\/a><br \/>\n<br \/>\nCharles Leclerc, segundo:<\/strong> <strong><a href=\"https:\/\/grandepremio.com\/br\/f1\/noticias\/leclerc-ve-dia-bem-util-mesmo-com-batida-e-jura-nunca-vou-esquecer-2019\"><span style=\"color:#ff0000\">Leclerc v&ecirc; dia &ldquo;bem &uacute;til&rdquo; mesmo com batida e jura: &ldquo;Nunca vou esquecer 2019&rdquo;<\/span><\/a><\/strong><br \/>\n<br \/>\n<strong>Pierre Gasly, quarto: <\/strong>&quot;Foi legal ter um &uacute;ltimo dia com o STR14. Trabalhamos o dia todo pensando na temporada de 2020, e foi um dia bem produtivo j&aacute; que fui quem mais deu voltas na pista entre todos. Foi muito legal terminar a temporada com um dia como esse. Agora &eacute; hora de descansar e aproveitar os feriados com meus amigos e fam&iacute;lia. Voltamos ao trabalho logo em seguida para j&aacute; pensarmos em 2020.&quot;<br \/>\n<br \/>\n<strong>Carlos Sainz Jr., quinto:<\/strong> &quot;Outro bom dia de testes. Obviamente tenho boas mem&oacute;rias do teste de 2018 aqui, quando eu entrei em uma McLaren pela primeira vez. E testar neste ano novamente me deu a chance de comparar e sentir o progresso que fizemos desde a &uacute;ltima temporada. Mas, al&eacute;m disse, foi um bom dia de testes dos pneus da Pirelli. No geral, estou feliz com como tudo correu. Um grande obrigado aos mec&acirc;nicos e &agrave; equipe pelo esfor&ccedil;o que fizeram apra que tudo corresse bem por tantas horas. Foi um grande jeito de encerrar 2019 com 112 voltas e muitos dados para a pr&oacute;xima temporada.!<\/p>\n<div class=\"imagem-noticia\">\n\t<img decoding=\"async\" src=\"https:\/\/www.grandepremio.com\/br\/wp-content\/uploads\/2019\/12\/20191231348200_3837-4b29-da57-44ca811a10a5_bcd553e1491103d3d24c744f41c9897e6eb7cfcd_II.jpg\" title=\"Esteban Ocon (Foto: Renault)\" \/><\/div>\n<div class=\"legenda-imagem\">\n\t#iconeimagem Esteban Ocon (Foto: Renault)<\/div>\n<p><strong>Esteban Ocon, sexto:<\/strong> &quot;Foram dois dias bastante movimentados em Abu Dhabi, um bom final para 2019. Hoje, especificamente, foi bem produtivo; foram dos dias &uacute;teis de testes. Trabalhamos em muitas coisas, o que ser&aacute; bastante &uacute;til. Estive me acostumando com tudo novamente e a cada volta estive mais confort&aacute;vel. Clareei alguns detalhes importantes para mim e identificamos algumas &aacute;reas nas quais trabalhar durante o inverno. Quero agradecer &agrave; Renault por esta oportunidade. Desejo a todos da equipe um grande inverno depois de uma temporada de muito trabalho e estou ansioso em encontr&aacute;-los novamente logo.&quot;<br \/>\n<br \/>\n<strong>Pietro Fittipaldi, oitavo:<\/strong> <strong><a href=\"https:\/\/grandepremio.com\/br\/f1\/noticias\/fittipaldi-volta-a-testar-f1-apos-seis-meses-e-compara-com-dtm-e-muito-fisico\"><span style=\"color:#ff0000\">Fittipaldi volta a testar F1 ap&oacute;s seis meses e compara com DTM: &ldquo;&Eacute; muito f&iacute;sico&rdquo;<\/span><\/a><\/strong><br \/>\n<br \/>\n<strong>Nicholas Latifi, 10&deg;: <\/strong>&quot;Foi um bom dia, demos muitas voltas em um curto per&iacute;odo. Foi bastante produtivo e pude experimentar os novos pneus para 2020, o que ser&aacute; uma boa experi&ecirc;ncia pensando no ano que vem. Dei essas voltas com pouco combust&iacute;ve e depois, mais importante, com muito em simula&ccedil;&otilde;es de corrida, o que eu ainda n&atilde;o havia feito. A tarde foi bastante boa, sem problemas e estou muito feliz com meu primeiro dia oficial no novo emprego.&quot;<br \/>\n<br \/>\n<strong>Roy Nissany, 11&deg;:<\/strong> &quot;Mais uma grande dia. Come&ccedil;amos nesta manh&atilde; com diversos testes de engenharia e aerodin&acirc;micos. Foi bastante produtivo para mim e para a equipe. Passamos bastante tempo na pista e alcancei algumas melhorias durante a sess&atilde;o. No geral, estou bastante feliz com meu desempenho no teste e espero que a equipe se sinta da mesma forma.&quot;<br \/><\/p>\n<div class=\"embed-responsive embed-responsive-16by9\">\n\t<\/div>\n<p><\/p>\n<div>\n<div>\n<table bgcolor=\"#E6E6E6\" border=\"0\" cellpadding=\"1\" cellspacing=\"1\" style=\"width: 100%\">\n<tbody>\n<tr>\n<td>\n<div>\n\t\t\t\t\t\t\t<b><span style=\"color:#FF0040\">Apoie o <strong> GRANDE PR&Ecirc;MIO<\/strong><\/span><\/b><span style=\"color:#FF0040\">: garanta o futuro do nosso jornalismo <\/span><br \/>\n\t\t\t\t\t\t\t<br \/>\n\t\t\t\t\t\t\tO<strong> GRANDE PR&Ecirc;MIO <\/strong>&eacute; a maior m&iacute;dia digital de esporte a motor do Brasil, na Am&eacute;rica Latina e em L&iacute;ngua Portuguesa, editorialmente independente. Nossa grande equipe produz conte&uacute;do di&aacute;rio e pensa em inova&ccedil;&otilde;es constantemente, e n&atilde;o s&oacute; na internet: uma das nossas atua&ccedil;&otilde;es est&aacute; na realiza&ccedil;&atilde;o de eventos, como a Copa GP de Kart. Assim, seu apoio &eacute; sempre importante.<br \/>\n\t\t\t\t\t\t\t<br \/>\n\t\t\t\t\t\t\t<a href=\"https:\/\/grandepremium.grandepremio.com\/br\/assine\" target=\"_blank\" rel=\"noopener noreferrer\">Assine o GRANDE PREMIUM<\/a>: veja os planos e o que oferecem, tenha &agrave; disposi&ccedil;&atilde;o uma s&eacute;rie de benef&iacute;cios e experi&ecirc;ncias exclusivas, e fa&ccedil;a parte de um grupo especial, a Scuderia GP, com debate em alto n&iacute;vel.<\/div>\n<\/td>\n<\/tr>\n<\/tbody>\n<\/table><\/div>\n<\/div>\n<p><\/p>\n","protected":false},"excerpt":{"rendered":"<p>O &uacute;ltimo dia de testes da Pirelli em Abu Dhabi tamb&eacute;m serviu para despedidas de 2019 dos derradeiros pilotos a irem &agrave; pista nos Emirados<\/p>\n","protected":false},"author":0,"featured_media":0,"comment_status":"closed","ping_status":"closed","sticky":false,"template":"","format":"standard","meta":{"42wp_featured_image_caption":"","42wp_featured_image_credits":"","42wp_featured_video":"","42wp_featured_image_hidden":false,"42wp_authors_list":[],"footnotes":""},"categories":[2],"tags":[654,457,563,209,302,147,84,207,180,261,800,119,485,90,801,676,408,1126,310,204,229,799,1881,638,215],"42wp_author":[47109],"class_list":["post-136503","post","type-post","status-publish","format-standard","hentry","category-f1","tag-alexander-albon","tag-alfa-romeo","tag-carlos-sainz-jr","tag-charles-leclerc","tag-esteban-ocon","tag-f1","tag-f1-2019","tag-ferrari","tag-formula-1","tag-formula-um","tag-george-russell","tag-haas","tag-lance-stroll","tag-mclaren","tag-nicholas-latifi","tag-pierre-gasly","tag-pietro-fittipaldi","tag-pirelli","tag-racing-point","tag-red-bull","tag-renault","tag-roy-nissany","tag-testes-coletivos","tag-toro-rosso","tag-williams","42wp_author-redacao-gp"],"_links":{"self":[{"href":"https:\/\/grandepremio.com\/br\/wp-json\/wp\/v2\/posts\/136503","targetHints":{"allow":["GET"]}}],"collection":[{"href":"https:\/\/grandepremio.com\/br\/wp-json\/wp\/v2\/posts"}],"about":[{"href":"https:\/\/grandepremio.com\/br\/wp-json\/wp\/v2\/types\/post"}],"replies":[{"embeddable":true,"href":"https:\/\/grandepremio.com\/br\/wp-json\/wp\/v2\/comments?post=136503"}],"version-history":[{"count":0,"href":"https:\/\/grandepremio.com\/br\/wp-json\/wp\/v2\/posts\/136503\/revisions"}],"wp:attachment":[{"href":"https:\/\/grandepremio.com\/br\/wp-json\/wp\/v2\/media?parent=136503"}],"wp:term":[{"taxonomy":"category","embeddable":true,"href":"https:\/\/grandepremio.com\/br\/wp-json\/wp\/v2\/categories?post=136503"},{"taxonomy":"post_tag","embeddable":true,"href":"https:\/\/grandepremio.com\/br\/wp-json\/wp\/v2\/tags?post=136503"},{"taxonomy":"42wp_author","embeddable":true,"href":"https:\/\/grandepremio.com\/br\/wp-json\/wp\/v2\/42wp_author?post=136503"}],"curies":[{"name":"wp","href":"https:\/\/api.w.org\/{rel}","templated":true}]}}