{"id":136596,"date":"2019-05-29T06:00:00","date_gmt":"2019-05-29T09:00:00","guid":{"rendered":"https:\/\/grandepremio.com\/br\/noticias\/falta-transparencia-stock-car-explica-polemica-de-punicao-a-zonta-e-pede-que-cba-respeite-processos\/"},"modified":"2020-05-17T16:13:47","modified_gmt":"2020-05-17T19:13:47","slug":"falta-transparencia-stock-car-explica-polemica-de-punicao-a-zonta-e-pede-que-cba-respeite-processos","status":"publish","type":"post","link":"https:\/\/grandepremio.com\/br\/stock-car\/falta-transparencia-stock-car-explica-polemica-de-punicao-a-zonta-e-pede-que-cba-respeite-processos\/","title":{"rendered":"&#8220;Falta transpar\u00eancia&#8221;: Stock Car explica pol\u00eamica de puni\u00e7\u00e3o a Zonta e pede que CBA &#8220;respeite processos&#8221;"},"content":{"rendered":"\n<div>\n<div style=\"float: left;margin-right: 15px;margin-bottom:15px\">\n\t\t<\/div>\n<p>\tSe a Stock Car tem, em 2019, sido mais comentada pelas pol&ecirc;micas al&eacute;m-pista, <a href=\"https:\/\/www.grandepremio.com\/br\/stock-car\/noticias\/preciso-passar-por-isso-zonta-se-sente-apagado-e-queimado-com-quarta-punicao-e-acena-largar-stock-car\">o caso principal &eacute; o de Ricardo Zonta, que perdeu sua vit&oacute;ria no Velo Citt&agrave; duas semanas depois da celebra&ccedil;&atilde;o<\/a>. E tal situa&ccedil;&atilde;o fez com que a categoria tenha sido duramente criticada por diversos motivos &#8211; e que, por meio de seu promotor, prefere explicar: n&atilde;o s&atilde;o justos.<br \/>\n\t<br \/>\n\t<a href=\"https:\/\/www.grandepremio.com\/br\/stock-car\/noticias\/por-sistema-capenga-promotor-ve-stock-car-afetada-por-amadores-da-cba-a-comecar-pelo-presidente\">Al&eacute;m de chamar o sistema de puni&ccedil;&otilde;es da Confedera&ccedil;&atilde;o Brasileira de Automobilismo de &quot;manco e capenga&quot;<\/a>, o promotor da Stock Car, Carlos Col, deu sua vis&atilde;o sobre como a entidade poderia ter evitado toda a repercuss&atilde;o negativa do caso Zonta &#8211; e sobre como &quot;respeitar os processos&quot; teria contido todas &#8211; ou parte &#8211; as cr&iacute;ticas constantes das &uacute;ltimas semanas.<br \/>\n\t<br \/>\n\tO piloto da Shell foi desclassificado da corrida 2 do Velo Citt&agrave; (que havia vencido) j&aacute; em Goi&acirc;nia, quando o carro #10 foi punido por suposto uso de pin&ccedil;as de freio irregulares. S&oacute; que a Stock Car n&atilde;o p&ocirc;de divulgar o motivo, tal como a equipe, pois n&atilde;o foi informada pela CBA &#8211; <a href=\"https:\/\/www.grandepremio.com\/br\/stock-car\/noticias\/por-irregularidade-em-pincas-de-freio-cba-desclassifica-novamente-e-tira-vitoria-de-zonta-no-velo-citta\">o <strong>GRANDE PR&Ecirc;MIO<\/strong> publicou em primeira m&atilde;o a informa&ccedil;&atilde;o<\/a>.&nbsp;<\/p>\n<div class=\"imagem-noticia\">\n\t\t<img decoding=\"async\" src=\"https:\/\/www.grandepremio.com\/br\/wp-content\/uploads\/2019\/05\/20195271541537_3721585572_34781f57d1_o_II.jpg\" title=\"Carlos Col, promotor da Stock Car (Foto: Stock Car)\" \/><\/div>\n<div class=\"legenda-imagem\">\n\t\t#iconeimagem Carlos Col, promotor da Stock Car (Foto: Stock Car)<\/div>\n<p>\tPara Col, <a href=\"https:\/\/www.grandepremio.com\/br\/stock-car\/noticias\/erros-da-cba-mancham-stock-car-e-dao-margem-a-suposicao-de-perseguicao-contra-equipes-e-pilotos\">divulgar em detalhes o motivo da puni&ccedil;&atilde;o era obriga&ccedil;&atilde;o da CBA<\/a>: &quot;Eu acho que falta &eacute; transpar&ecirc;ncia para a CBA, que seja inclusive a favor dela pr&oacute;pria, porque eu tenho aqui que explicar os procedimentos dela para voc&ecirc;s e ela n&atilde;o explica. E ela tem assessoria de imprensa que n&atilde;o o faz.&quot;<br \/>\n\t<br \/>\n\t&quot;Ent&atilde;o esta confus&atilde;o acaba respingando em quem n&atilde;o deve, como aconteceu comigo. A Vicar n&atilde;o tinha obriga&ccedil;&atilde;o, nem a assessoria, n&atilde;o pode publicar um &#039;ouvi dizer&#039;. N&atilde;o pode publicar um &#039;acho que foi, est&atilde;o dizendo&#039;. A minha assessoria n&atilde;o pode fazer isso. N&atilde;o pode&quot;, seguiu.<br \/>\n\t<br \/>\n\tO comunicado oficial da entidade sobre a puni&ccedil;&atilde;o a Zonta n&atilde;o continha a raz&atilde;o. E Col enxerga isso como falha no processo comandado pela confedera&ccedil;&atilde;o. Segundo o promotor, a categoria foi &quot;recriminada&quot; por n&atilde;o divulgar a puni&ccedil;&atilde;o, &quot;quando n&atilde;o nos cabe divulgar, e sim a CBA&quot;.<br \/>\n\t<br \/>\n\t&quot;Ela que tomou a decis&atilde;o &ndash; cabe a ela tomar e divulgar. Est&aacute; no regulamento que cabe a ela divulgar ao promotor. E a&iacute; nesse momento o promotor pode divulgar aos pilotos, equipe e imprensa. Foi o que fizemos quando entrou no meu e-mail o comunicado oficial. Replicamos a decis&atilde;o, como deve ser, com transpar&ecirc;ncia. Eu n&atilde;o posso escrever a decis&atilde;o, posso reproduzir &ndash; o que devia ter sido feita pela assessoria de imprensa da CBA. Veio uma decis&atilde;o, digamos assim, incompleta&quot;, continuou.<br \/>\n\t<br \/>\n\t&quot;N&atilde;o veio a decis&atilde;o e a&iacute; gerou outras d&uacute;vidas. Por que a desclassifica&ccedil;&atilde;o? Cad&ecirc; a nova classifica&ccedil;&atilde;o? E a&iacute; a gente &eacute; cobrado por n&atilde;o divulgar. Eu s&oacute; posso, como promotor, e minha assessoria, divulgar o que a gente recebe formalmente. Porque a gente respeita processos, e talvez a CBA n&atilde;o esteja respeitando alguns. Em detrimento da imagem dela pr&oacute;pria. O que custa fazer a informa&ccedil;&atilde;o completa, a tempo certo? O que custa?&quot;, completou Col.<\/p>\n<div class=\"imagem-noticia\">\n\t\t<img decoding=\"async\" src=\"https:\/\/www.grandepremio.com\/br\/wp-content\/uploads\/2019\/05\/20195241718698_40022724984_47907d7f0d_o_II.jpg\" title=\"Trof\u00e9u da Corrida de Duplas 2018 (Foto: Duda Bairros\/Stock Car)\" \/><\/div>\n<div class=\"legenda-imagem\">\n\t\t#iconeimagem A Stock Car 2019 tem sido tomada por pol&ecirc;micas fora das pistas (Foto: Duda Bairros\/Stock Car)<\/div>\n<div>\n<div style=\"float: left;margin-right: 15px;margin-bottom:15px\">\n\t\t\t<\/div>\n<p>\t\tPara completar a quest&atilde;o, ele pediu a separa&ccedil;&atilde;o, no entendimento do p&uacute;blico, das fun&ccedil;&otilde;es da CBA e das fun&ccedil;&otilde;es da Stock Car: &quot;&Eacute;&nbsp;preciso entender as &aacute;reas de atua&ccedil;&atilde;o da Vicar e da CBA. Essas coisas s&atilde;o muito confundidas.&quot;<br \/>\n\t\t<br \/>\n\t\t<a href=\"https:\/\/www.grandepremio.com\/br\/stock-car\/noticias\/com-demora-para-ver-queima-de-largada-de-camilo-e-punicao-para-zonta-stock-car-vira-varzea-pela-cba\">&quot;&Eacute; comum eu escutar de f&atilde;s ou jornalistas<\/a>: &#039;a organiza&ccedil;&atilde;o da Stock Car fez um neg&oacute;cio x, neg&oacute;cio y&#039;. Como assim, quem &eacute; a organiza&ccedil;&atilde;o da Stock Car? Sou eu, o diretor de prova, a Vicar, a CBA? Quando os assuntos s&atilde;o relativos &agrave; condu&ccedil;&atilde;o da gest&atilde;o do evento, &eacute; a CBA, o diretor de prova. Se &eacute; relativo &agrave; puni&ccedil;&atilde;o, penalidade, s&atilde;o os comiss&aacute;rios desportivos. &Eacute; todo um processo que, &agrave;s vezes, fica perdido ou desconhecido&quot;, finalizou.<br \/>\n\t\t<br \/>\n\t\t<strong>GPTV<\/strong>: conhece o <strong>CANAL<\/strong> do <strong>GRANDE PR&Ecirc;MIO<\/strong> no YouTube? <a href=\"http:\/\/bit.ly\/GPCanal\" target=\"_blank\" rel=\"noopener noreferrer\">Fa&ccedil;a aqui sua inscri&ccedil;&atilde;o e ative as notifica&ccedil;&otilde;es<\/a> para acompanhar conte&uacute;do DI&Aacute;RIO feito por nossos especialistas.<br \/>\n\t\t<\/p>\n<div class=\"embed-responsive embed-responsive-16by9\">\n\t\t\t<\/div>\n<p><\/p>\n<table bgcolor=\"#E6E6E6\" border=\"0\" cellpadding=\"1\" cellspacing=\"1\" style=\"width: 100%\">\n<tbody>\n<tr>\n<td>\n<div>\n\t\t\t\t\t\t\t<b><span style=\"color:#FF0040\">Apoie o <strong> GRANDE PR&Ecirc;MIO<\/strong><\/span><\/b><span style=\"color:#FF0040\">: garanta o futuro do nosso jornalismo <\/span><br \/>\n\t\t\t\t\t\t\t<br \/>\n\t\t\t\t\t\t\tO<strong> GRANDE PR&Ecirc;MIO <\/strong>&eacute; a maior m&iacute;dia digital de esporte a motor do Brasil, na Am&eacute;rica Latina e em L&iacute;ngua Portuguesa, editorialmente independente. Nossa grande equipe produz conte&uacute;do di&aacute;rio e pensa em inova&ccedil;&otilde;es constantemente, e n&atilde;o s&oacute; na internet: uma das nossas atua&ccedil;&otilde;es est&aacute; na realiza&ccedil;&atilde;o de eventos, como a Copa GP de Kart. Assim, seu apoio &eacute; sempre importante.<br \/>\n\t\t\t\t\t\t\t<br \/>\n\t\t\t\t\t\t\t<a href=\"https:\/\/grandepremium.grandepremio.com\/br\/assine\" target=\"_blank\" rel=\"noopener noreferrer\">Assine o GRANDE PREMIUM<\/a>: veja os planos e o que oferecem, tenha &agrave; disposi&ccedil;&atilde;o uma s&eacute;rie de benef&iacute;cios e exper&ecirc;ncias exclusivas, e fa&ccedil;a parte de um grupo especial, a Scuderia GP, com debate em alto n&iacute;vel.<\/div>\n<\/td>\n<\/tr>\n<\/tbody>\n<\/table><\/div>\n<\/div>\n<p><\/p>\n","protected":false},"excerpt":{"rendered":"<p>Durante entrevista &agrave; imprensa em Goi&acirc;nia, palco da mais recente etapa da Stock Car, o promotor da categoria, Carlos Col, comentou sobre como &eacute; necess&aacute;rio dividir CBA e Vicar (empresa que comanda o campeonato), e pediu transpar&ecirc;ncia &agrave; confedera&ccedil;&atilde;o<\/p>\n","protected":false},"author":0,"featured_media":0,"comment_status":"closed","ping_status":"closed","sticky":false,"template":"","format":"standard","meta":{"42wp_featured_image_caption":"","42wp_featured_image_credits":"","42wp_featured_video":"","42wp_featured_image_hidden":false,"42wp_authors_list":[],"footnotes":""},"categories":[11],"tags":[591,621,529,444,69,1210,592],"42wp_author":[47129],"class_list":["post-136596","post","type-post","status-publish","format-standard","hentry","category-stock-car","tag-carlos-col","tag-cba","tag-ricardo-zonta","tag-shell","tag-stock-car","tag-stock-car-2019","tag-vicar","42wp_author-felipe-noronha"],"_links":{"self":[{"href":"https:\/\/grandepremio.com\/br\/wp-json\/wp\/v2\/posts\/136596","targetHints":{"allow":["GET"]}}],"collection":[{"href":"https:\/\/grandepremio.com\/br\/wp-json\/wp\/v2\/posts"}],"about":[{"href":"https:\/\/grandepremio.com\/br\/wp-json\/wp\/v2\/types\/post"}],"replies":[{"embeddable":true,"href":"https:\/\/grandepremio.com\/br\/wp-json\/wp\/v2\/comments?post=136596"}],"version-history":[{"count":0,"href":"https:\/\/grandepremio.com\/br\/wp-json\/wp\/v2\/posts\/136596\/revisions"}],"wp:attachment":[{"href":"https:\/\/grandepremio.com\/br\/wp-json\/wp\/v2\/media?parent=136596"}],"wp:term":[{"taxonomy":"category","embeddable":true,"href":"https:\/\/grandepremio.com\/br\/wp-json\/wp\/v2\/categories?post=136596"},{"taxonomy":"post_tag","embeddable":true,"href":"https:\/\/grandepremio.com\/br\/wp-json\/wp\/v2\/tags?post=136596"},{"taxonomy":"42wp_author","embeddable":true,"href":"https:\/\/grandepremio.com\/br\/wp-json\/wp\/v2\/42wp_author?post=136596"}],"curies":[{"name":"wp","href":"https:\/\/api.w.org\/{rel}","templated":true}]}}