{"id":136688,"date":"2019-05-24T13:13:00","date_gmt":"2019-05-24T16:13:00","guid":{"rendered":"https:\/\/grandepremio.com\/br\/noticias\/um-minuto-de-silencio-e-pilotos-com-bone-vermelho-f1-define-homenagem-a-lauda-antes-da-largada-em-monaco\/"},"modified":"2020-05-17T17:07:42","modified_gmt":"2020-05-17T20:07:42","slug":"um-minuto-de-silencio-e-pilotos-com-bone-vermelho-f1-define-homenagem-a-lauda-antes-da-largada-em-monaco","status":"publish","type":"post","link":"https:\/\/grandepremio.com\/br\/f1\/um-minuto-de-silencio-e-pilotos-com-bone-vermelho-f1-define-homenagem-a-lauda-antes-da-largada-em-monaco\/","title":{"rendered":"Um minuto de sil\u00eancio e pilotos com bon\u00e9 vermelho: F1 define homenagem a Lauda antes da largada em M\u00f4naco"},"content":{"rendered":"\n<div>\n\t<span style=\", sans-serif;font-size: 14px\">?&nbsp;<\/span><span style=\"font-size:20px\"><strong><a href=\"https:\/\/www.grandepremio.com\/br\/f1\/noticias\/como-f1-planeja-homenagem-a-lauda-uma-coisa-e-certa-minuto-de-silencio-ainda-sera-muito-pouco\">PADDOCK GP: Minuto de sil&ecirc;ncio ainda ser&aacute; muito pouco para homenagear Niki Lauda<\/a><\/strong><\/span><br \/>\n\t<br \/>\n\tTricampe&atilde;o mundial e lenda da F&oacute;rmula 1, Niki Lauda tem recebido uma s&eacute;rie de homenagens dias <strong><a href=\"http:\/\/www.grandepremio.com\/br\/f1\/noticias\/tricampeao-da-f1-e-dirigente-da-mercedes-lauda-nao-resiste-a-problema-renal-e-morre-aos-70-anos\">ap&oacute;s sua morte, ocorrida na &uacute;ltima segunda-feira<\/a><\/strong>. Neste domingo (26), minutos antes da largada do GP de M&ocirc;naco, vai ser observado um minuto de sil&ecirc;ncio, com cada um dos 20 pilotos do grid usando um bon&eacute; vermelho em alus&atilde;o ao austr&iacute;aco, que tinha na indument&aacute;ria uma das suas marcas registradas.<\/div>\n<div>\n\t&nbsp;<\/div>\n<div>\n\tA homenagem foi confirmada pela F&oacute;rmula 1 por meio de comunicado oficial nesta sexta-feira. &ldquo;Um minuto de sil&ecirc;ncio vai ser observado no grid de largada &agrave;s 14h53&rdquo; (9h53 pelo hor&aacute;rio de Bras&iacute;lia), informou a assessoria de imprensa da categoria.<\/p>\n<div class=\"imagem-noticia\">\n\t\t<img decoding=\"async\" src=\"https:\/\/www.grandepremio.com\/br\/wp-content\/uploads\/2020\/01\/2019522143795_NikiLaudaRodrigoMattar_II.jpg\" title=\"Niki Lauda (Foto: Rodrigo Berton\/Grande Pr\u00eamio)\" \/><\/div>\n<div class=\"legenda-imagem\">\n\t\t#iconeimagem Niki Lauda vai ser homenageado com um minuto de sil&ecirc;ncio em M&ocirc;naco (Foto: Rodrigo Berton\/Grande Pr&ecirc;mio)<\/div>\n<div style=\"float: left;margin-right: 15px;margin-bottom:15px\">\n\t\t<\/div>\n<p>\t&ldquo;Pilotos e personalidades que costumeiramente ficam alinhadas em frente ao grid para o hino nacional do pa&iacute;s-sede, aqueles que desempenharam um papel especial na carreira de Lauda, seus contempor&acirc;neos e seus pares, tamb&eacute;m v&atilde;o estar l&aacute;, cada um usando um bon&eacute; vermelho em tributo ao austr&iacute;aco campe&atilde;o&rdquo;, diz o comunicado.<\/p><\/div>\n<div>\n\t&nbsp;<\/div>\n<div>\n\tA F1 ainda pede que o p&uacute;blico tamb&eacute;m participe da homenagem pouco antes da largada em Monte Carlo.<\/div>\n<div>\n\t&nbsp;<\/div>\n<div>\n\t&ldquo;A F1, a FIA, o Autom&oacute;vel Clube de M&ocirc;naco e todas as dez equipes querem convidar todos os f&atilde;s que v&atilde;o acompanhar a corrida em M&ocirc;naco nas arquibancadas para prestar homenagem ao piloto que venceu aqui no Principado em 1975 e 1976, durante a volta de volta de apresenta&ccedil;&atilde;o da 90&ordf; edi&ccedil;&atilde;o da corrida&rdquo;, acrescentou.<\/div>\n<div>\n\t&nbsp;<\/div>\n<div>\n\t&ldquo;Eles v&atilde;o poder vestir um bon&eacute; vermelho, escrever uma mensagem em um banner ou simplesmente aplaudir, enquanto quem estiver assistindo dos iates no porto v&atilde;o poder acionar as suas sirenes ou qualquer coisa apropriada para honrar a mem&oacute;ria de um dos verdadeiros her&oacute;is do esporte&rdquo;, complementou a F1 em comunicado.<\/p>\n<div class=\"imagem-noticia\">\n\t\t<img decoding=\"async\" src=\"https:\/\/www.grandepremio.com\/br\/wp-content\/uploads\/2019\/05\/20195241313322_NikiLaudaHaloMercedes_II.jpg\" title=\"A Mercedes vai correr em M\u00f4naco com o halo vermelho em homenagem a Lauda (Foto: Mercedes\/Twitter)\" \/><\/div>\n<div class=\"legenda-imagem\">\n\t\t#iconeimagem A Mercedes vai correr em M&ocirc;naco com o halo vermelho em homenagem a Lauda (Foto: Mercedes\/Twitter)<\/div>\n<div style=\"float: left;margin-right: 15px;margin-bottom:15px\">\n\t\t<\/div>\n<p>\tNa esteira de uma s&eacute;rie de homenagens a Lauda, uma chamou muito a aten&ccedil;&atilde;o. A Mercedes anunciou, nesta sexta-feira, que vai colorir o halo de vermelho em tributo ao seu presidente n&atilde;o-executivo. &Eacute; uma forma de o carro, habitualmente todo prateado, tamb&eacute;m vestir uma esp&eacute;cie de &lsquo;bon&eacute; vermelho&rsquo; neste primeiro GP ap&oacute;s a morte do tricampe&atilde;o.<\/p><\/div>\n<div>\n\t&nbsp;<\/div>\n<div>\n\t25 anos depois, a largada do GP de M&ocirc;naco vai ser precedida por outro minuto de sil&ecirc;ncio. Em 1994, a F1 prestou tributo a Ayrton Senna e Roland Ratzenberger, que morreram duas semanas antes, em &Iacute;mola. Al&eacute;m do minuto de sil&ecirc;ncio, os dois primeiros lugares do grid de largada ficaram vazios naquele ano em mem&oacute;ria dos dois pilotos.<\/div>\n<p><\/p>\n<div>\n<\/div>\n<p><\/p>\n","protected":false},"excerpt":{"rendered":"<p>Por meio de comunicado, a F1 anunciou a homenagem que vai fazer a Niki Lauda antes da largada do GP de M&ocirc;naco do pr&oacute;ximo domingo. Em mem&oacute;ria ao tricampe&atilde;o mundial, todos os 20 pilotos do grid v&atilde;o usar bon&eacute;s vermelhos. Tamb&eacute;m est&aacute; previsto o cumprimento de um minuto de sil&ecirc;ncio<\/p>\n","protected":false},"author":0,"featured_media":0,"comment_status":"closed","ping_status":"closed","sticky":false,"template":"","format":"standard","meta":{"42wp_featured_image_caption":"","42wp_featured_image_credits":"","42wp_featured_video":"","42wp_featured_image_hidden":false,"42wp_authors_list":[],"footnotes":""},"categories":[2],"tags":[85,147,84,219,1717,86,220],"42wp_author":[47109],"class_list":["post-136688","post","type-post","status-publish","format-standard","hentry","category-f1","tag-frmula-1","tag-f1","tag-f1-2019","tag-grande-prmio","tag-homenagem","tag-niki-lauda","tag-warm-up","42wp_author-redacao-gp"],"_links":{"self":[{"href":"https:\/\/grandepremio.com\/br\/wp-json\/wp\/v2\/posts\/136688","targetHints":{"allow":["GET"]}}],"collection":[{"href":"https:\/\/grandepremio.com\/br\/wp-json\/wp\/v2\/posts"}],"about":[{"href":"https:\/\/grandepremio.com\/br\/wp-json\/wp\/v2\/types\/post"}],"replies":[{"embeddable":true,"href":"https:\/\/grandepremio.com\/br\/wp-json\/wp\/v2\/comments?post=136688"}],"version-history":[{"count":0,"href":"https:\/\/grandepremio.com\/br\/wp-json\/wp\/v2\/posts\/136688\/revisions"}],"wp:attachment":[{"href":"https:\/\/grandepremio.com\/br\/wp-json\/wp\/v2\/media?parent=136688"}],"wp:term":[{"taxonomy":"category","embeddable":true,"href":"https:\/\/grandepremio.com\/br\/wp-json\/wp\/v2\/categories?post=136688"},{"taxonomy":"post_tag","embeddable":true,"href":"https:\/\/grandepremio.com\/br\/wp-json\/wp\/v2\/tags?post=136688"},{"taxonomy":"42wp_author","embeddable":true,"href":"https:\/\/grandepremio.com\/br\/wp-json\/wp\/v2\/42wp_author?post=136688"}],"curies":[{"name":"wp","href":"https:\/\/api.w.org\/{rel}","templated":true}]}}