{"id":136807,"date":"2019-05-18T15:55:00","date_gmt":"2019-05-18T18:55:00","guid":{"rendered":"https:\/\/grandepremio.com\/br\/noticias\/barrichello-explica-avancos-no-limite-na-classificacao-em-goiania-e-comemora-4-lugar-hoje-durmo-tranquilo\/"},"modified":"2020-05-18T20:47:21","modified_gmt":"2020-05-18T23:47:21","slug":"barrichello-explica-avancos-no-limite-na-classificacao-em-goiania-e-comemora-4-lugar-hoje-durmo-tranquilo","status":"publish","type":"post","link":"https:\/\/grandepremio.com\/br\/stock-car\/barrichello-explica-avancos-no-limite-na-classificacao-em-goiania-e-comemora-4-lugar-hoje-durmo-tranquilo\/","title":{"rendered":"Barrichello explica avan\u00e7os no limite na classifica\u00e7\u00e3o em Goi\u00e2nia e comemora 4\u00b0 lugar: &#8220;Hoje durmo tranquilo&#8221;"},"content":{"rendered":"\n<p>No Q1 do treino de classifica&ccedil;&atilde;o deste s&aacute;bado (18), Rubens Barrichello passou em 15&deg; &#8211; o &uacute;ltimo a avan&ccedil;ar de fase. No Q2, ficou em sexto &#8211; sim, novamernte no limite.<a href=\"https:\/\/www.grandepremio.com\/br\/stock-car\/noticias\/camilo-supera-serra-por-0s020-mantem-100-de-aproveitamento-e-larga-na-pole-em-goiania\"> E enfim, na parte final, ele conquistou o quarto lugar<\/a>&nbsp;&#8211; em grid que ter&aacute; Thiago Camilo na pole, como no Velopark e no Velo Citt&agrave;.<br \/>\n<br \/>\nAp&oacute;s a classifica&ccedil;&atilde;o da terceira etapa da Stock Car ser encerrada em Goi&acirc;nia, o <strong>GRANDE PR&Ecirc;MIO<\/strong> perguntou ao #111 como conseguiu passar t&atilde;o &#039;apertado&#039;. E ele explicou que algumas melhorias foram feitas a tempo.<br \/>\n<br \/>\n&quot;&Eacute; o limite do acerto, de calibragem. O carro vai melhorando&#8230; A gente estava um pouco &lsquo;folgado&rsquo; demais nessa primeira parte da classifica&ccedil;&atilde;o, porque est&aacute;vamos muito bem de manh&atilde;&quot;, disse ele nos boxes da Full Time.<br \/>\n<br \/>\n&quot;Na verdade o que mudou foi o calor. &Eacute; supor o que o calor vai fazer. Na primeira classifica&ccedil;&atilde;o o carro estava saindo de frente demais, mas depois ele deu uma melhorada com o uso do pneu. E a volta foi muito boa no Q3. A verdade &eacute; que a volta foi uma das melhores mesmo, entre as minhas na Stock Car&quot;, seguiu.<\/p>\n<div class=\"imagem-noticia\">\n\t<img decoding=\"async\" src=\"https:\/\/www.grandepremio.com\/br\/wp-content\/uploads\/2019\/05\/20195181535281_47871168091_57a85db8b9_o_II.jpg\" title=\"Rubens Barrichello (Foto: Duda Bairros\/Stock Car)\" \/><\/div>\n<div class=\"legenda-imagem\">\n\t#iconeimagem Rubens Barrichello (Foto: Duda Bairros\/Stock Car)<\/div>\n<p>Em seguida, <a href=\"https:\/\/www.grandepremio.com\/br\/stock-car\/noticias\/apos-cba-desclassificar-zonta-barrichello-herda-vitoria-no-velo-citta-e-e-lider-da-stock-car-confira-classificacao\">o l&iacute;der do campeonato<\/a> comemorou a quarta coloca&ccedil;&atilde;o, j&aacute; que quase caiu eliminado em duas fases do treino. &quot;Passou muito na r&eacute;gua. Mas passar &eacute; o que vale.&quot;<br \/>\n<br \/>\n&quot;Ent&atilde;o a gente progrediu, passou de novo na r&eacute;gua no Q2&#8230; Eu estou feliz. Porque quando voc&ecirc; passa t&atilde;o na r&eacute;gua assim, e ainda melhorar, tirar alguma coisa, mais um pouquinho, foi bom, foi bom.&quot;<br \/>\n<br \/>\n&quot;N&atilde;o importa a posi&ccedil;&atilde;o que voc&ecirc; est&aacute;, importa o que eu falei para o Maur&iacute;cio (Ferreira, chefe da Full Time) quando acabou a volta: hoje eu posso dormir tranquil&iacute;ssimo. Ca&iacute;mos para quarto, mas mesmo assim estou feliz.&quot;, concluiu Barrichello.<br \/>\n<br \/>\nEle larga na quarta posi&ccedil;&atilde;o &agrave;s 13h (de Bras&iacute;lia) do pr&oacute;ximo domingo, na corrida 1 em Goi&acirc;nia. A corrida 2 est&aacute; marcada para 14h08.&nbsp;<span style=\"font-family: Roboto, sans-serif;font-size: 20px\">O&nbsp;<\/span><span style=\"font-family: Roboto, sans-serif;font-size: 20px;font-weight: 700\">GRANDE PR&Ecirc;MIO<\/span><span style=\"font-family: Roboto, sans-serif;font-size: 20px\">&nbsp;cobre tudo &#039;in loco&#039; com o rep&oacute;rter Felipe Noronha.<\/span><\/p>\n","protected":false},"excerpt":{"rendered":"<p>A quarta coloca&ccedil;&atilde;o no grid da etapa de Goi&acirc;nia da Stock Car faz parecer com que o treino de classifica&ccedil;&atilde;o de Rubens Barrichello tenha sido dos melhores neste s&aacute;bado (18) &#8211; mas n&atilde;o foi. E o #111 explicou como &quot;dorme feliz&quot; por ter melhorado tanto no Q3 ap&oacute;s passar &#8216;na r&eacute;gua&#8217; nas duas primeiras partes<\/p>\n","protected":false},"author":0,"featured_media":0,"comment_status":"closed","ping_status":"closed","sticky":false,"template":"","format":"standard","meta":{"42wp_featured_image_caption":"","42wp_featured_image_credits":"","42wp_featured_video":"","42wp_featured_image_hidden":false,"42wp_authors_list":[],"footnotes":""},"categories":[11],"tags":[185,500,175],"42wp_author":[47129],"class_list":["post-136807","post","type-post","status-publish","format-standard","hentry","category-stock-car","tag-full-time","tag-goinia","tag-rubens-barrichello","42wp_author-felipe-noronha"],"_links":{"self":[{"href":"https:\/\/grandepremio.com\/br\/wp-json\/wp\/v2\/posts\/136807","targetHints":{"allow":["GET"]}}],"collection":[{"href":"https:\/\/grandepremio.com\/br\/wp-json\/wp\/v2\/posts"}],"about":[{"href":"https:\/\/grandepremio.com\/br\/wp-json\/wp\/v2\/types\/post"}],"replies":[{"embeddable":true,"href":"https:\/\/grandepremio.com\/br\/wp-json\/wp\/v2\/comments?post=136807"}],"version-history":[{"count":0,"href":"https:\/\/grandepremio.com\/br\/wp-json\/wp\/v2\/posts\/136807\/revisions"}],"wp:attachment":[{"href":"https:\/\/grandepremio.com\/br\/wp-json\/wp\/v2\/media?parent=136807"}],"wp:term":[{"taxonomy":"category","embeddable":true,"href":"https:\/\/grandepremio.com\/br\/wp-json\/wp\/v2\/categories?post=136807"},{"taxonomy":"post_tag","embeddable":true,"href":"https:\/\/grandepremio.com\/br\/wp-json\/wp\/v2\/tags?post=136807"},{"taxonomy":"42wp_author","embeddable":true,"href":"https:\/\/grandepremio.com\/br\/wp-json\/wp\/v2\/42wp_author?post=136807"}],"curies":[{"name":"wp","href":"https:\/\/api.w.org\/{rel}","templated":true}]}}