{"id":136996,"date":"2019-05-10T05:00:00","date_gmt":"2019-05-10T08:00:00","guid":{"rendered":"https:\/\/grandepremio.com\/br\/noticias\/formula-e-volta-a-monte-carlo-apos-dois-anos-em-cenario-diferente-e-com-buemi-longe-do-protagonismo\/"},"modified":"2020-05-12T19:41:29","modified_gmt":"2020-05-12T22:41:29","slug":"formula-e-volta-a-monte-carlo-apos-dois-anos-em-cenario-diferente-e-com-buemi-longe-do-protagonismo","status":"publish","type":"post","link":"https:\/\/grandepremio.com\/br\/formula-e\/formula-e-volta-a-monte-carlo-apos-dois-anos-em-cenario-diferente-e-com-buemi-longe-do-protagonismo\/","title":{"rendered":"F\u00f3rmula E volta a Monte Carlo ap\u00f3s dois anos em cen\u00e1rio diferente e com Buemi longe do protagonismo"},"content":{"rendered":"\n<div style=\"float: left;margin-right: 15px;margin-bottom:15px\">\n\t<\/div>\n<p>At&eacute; onde vai o campeonato? Com quatro etapas para o fim da temporada est&aacute; acabando o tempo h&aacute;bil para que algum piloto desgarre do resto da disputa pelo t&iacute;tulo. A natureza pr&oacute;xima do campeonato fa&ccedil;a com que as previs&otilde;es sejam absolutamente imposs&iacute;veis e as mudan&ccedil;as na ponta da tabela de classifica&ccedil;&atilde;o acabem se mostrando inesperadas. Robin Frijns n&atilde;o tinha se aproximado em qualquer momento e acabou com a <a href=\"https:\/\/www.grandepremio.com\/br\/formula-e\/classificacao-do-campeonato-9\">batata quente nas m&atilde;os ap&oacute;s Paris<\/a>. Diferente do que acontece com qualquer tipo de competi&ccedil;&atilde;o, n&atilde;o h&aacute; aposta pouco arriscada para se fazer nas bolsas de valores da vida.&nbsp;<\/p>\n<div>\n\t&nbsp;<\/div>\n<div>\n\tM&ocirc;naco representou antes o fim de um rod&iacute;zio de vencedores. Foi l&aacute; no Principado que o saiu o primeiro vencedor repetido da hist&oacute;ria da categoria. <a href=\"https:\/\/www.grandepremio.com\/br\/busca?s=S%C3%A9bastien%20Buemi\">S&eacute;bastien Buemi<\/a>, na temporada inaugural, quando seis pilotos abriram a disputa com uma vit&oacute;ria cada. Como o eP de M&ocirc;naco acontece apenas de dois em dois anos, sempre revezando a data com o GP Hist&oacute;rico, a <a href=\"https:\/\/www.grandepremio.com\/br\/formula-e\">F&oacute;rmula E<\/a> voltou apenas em 2017 &#8211; e novamente Buemi ganhou. O su&iacute;&ccedil;o tamb&eacute;m anotou a pole em ambas as oportunidades &#8211; e <a href=\"https:\/\/www.grandepremio.com\/br\/busca?s=Lucas%20Di%20Grassi\">Lucas Di Grassi<\/a> terminou as corridas na segunda coloca&ccedil;&atilde;o, enquanto os j&aacute; defenestrados <a href=\"https:\/\/www.grandepremio.com\/br\/busca?s=Nelsinho%20Piquet\">Nelsinho Piquet<\/a> e <a href=\"https:\/\/www.grandepremio.com\/br\/busca?s=Nick%20Heidfeld\">Nick Heidfeld<\/a> completaram os respectivos p&oacute;dios.<\/div>\n<div>\n\t&nbsp;<\/div>\n<div>\n\tA situa&ccedil;&atilde;o &eacute; diferente nesta terceira apari&ccedil;&atilde;o da categoria em Monte Carlo, bem longe daqueles anos em que a Renault de Buemi tinha um carro dominante e que Di Grassi e Piquet lutavam entre si pelo t&iacute;tulo e apontavam antiga rivalidade forjada nas pistas do Brasil e da Europa. Buemi, ali&aacute;s, &eacute; um dos pilotos que n&atilde;o venceu na temporada &#8211; bem como sua Nissan, que assumiu o posto da irm&atilde; Renault nesta atual temporada, segue sem vit&oacute;rias apesar de ser quem mais bate na trave nas etapas recentes. At&eacute; os carros s&atilde;o outros, maiores e mais r&aacute;pidos, al&eacute;m de funcionarem num formato de corridas completamente diferente e distinto do tradicionalismo exalado pelo Principado.<\/div>\n<div>\n<div class=\"imagem-noticia\">\n\t\t<img decoding=\"async\" src=\"https:\/\/s3-us-east-2.amazonaws.com\/cdngp\/main\/uploads\/2019\/05\/2019591934887_image_O.png\" title=\"Le Circuit de Monaco (Arte: Michelin)\" \/><\/div>\n<div class=\"legenda-imagem\">\n\t\t#iconeimagem Le Circuit de Monaco (Arte: Michelin)<\/div>\n<\/div>\n<div style=\"float: left;margin-right: 15px;margin-bottom:15px\">\n<div id=\"banner-300x250-area\">\n<p>window.uolads.push({ id: &#8220;banner-300&#215;250-area&#8221; });<\/p><\/div>\n<\/div>\n<p>Na realidade, aos poucos a expectativa em ver uma briga pelo t&iacute;tulo direcionar a algum lado d&aacute; lugar &agrave; tens&atilde;o para ver quem descola o suficiente para remontar ou aparecer pela primeira vez entre os l&iacute;deres. A natureza das classifica&ccedil;&otilde;es com ordem proporcional ao campeonato somado &agrave; pouca dist&acirc;ncia na pontua&ccedil;&atilde;o faz com que uma vit&oacute;ria coloque ao menos 13 pilotos em condi&ccedil;&otilde;es reais de sonhar com um t&iacute;tulo internacional.&nbsp;<\/p>\n<div>\n\t&nbsp;<\/div>\n<div>\n\tApenas uma &uacute;nica vez na temporada, &eacute; bom ressaltar, um piloto que terminou a prova anterior entre os cinco primeiros colocados do campeonato venceu a corrida seguinte: foi <a href=\"https:\/\/www.grandepremio.com\/br\/busca?s=J%C3%A9r%C3%B4me%20D%27Ambrosio\">J&eacute;r&ocirc;me D&#039;Ambrosio<\/a>, logo na segunda etapa do campeonato, no Marrocos. Depois dali, nunca mais os sa&iacute;dos do primeiro grupo classificat&oacute;rio conseguiram partir para uma vit&oacute;ria.&nbsp;<\/div>\n<div>\n\t&nbsp;<\/div>\n<div>\n\tFrijns chega l&iacute;der a Monte Carlo, &eacute; bem verdade, mas um l&iacute;der estranho numa categoria de ponta internacional. N&atilde;o pelas qualidades como piloto &#8211; ele at&eacute; venceu na abertura do DTM, no &uacute;ltimo fim de semana, &eacute; habilidoso ao volante -, mas porque est&aacute; na ponta sem ter sido extremamente regular ou sequer dominante em uma etapa que fosse: em Paris, depois de assumir a lideran&ccedil;a ap&oacute;s uma sequ&ecirc;ncia de erros e azares daqueles que tinham &agrave; frente, administrou com compet&ecirc;ncia o carro na chuva. Mas n&atilde;o brilhou, como n&atilde;o brilhou em momento algum no campeonato. Pode ser campe&atilde;o, claro, mas n&atilde;o deixa de causar espanto.&nbsp;<\/div>\n<div>\n<div class=\"imagem-noticia\">\n\t\t<img decoding=\"async\" src=\"https:\/\/s3-us-east-2.amazonaws.com\/cdngp\/main\/uploads\/2019\/05\/2019591934374_image-1_O.png\" title=\"O pneu da Michelin na F\u00f3rmula E (Arte: Michelin)\" \/><\/div>\n<div class=\"legenda-imagem\">\n\t\t#iconeimagem O pneu da Michelin na F&oacute;rmula E (Arte: Michelin)<\/div>\n<\/div>\n<div style=\"float: left;margin-right: 15px;margin-bottom:15px\">\n<div id=\"banner-300x250-2-area\">\n<p>window.uolads.push({ id: &#8220;banner-300&#215;250-2-area&#8221; });<\/p><\/div>\n<\/div>\n<p>O holand&ecirc;s tem 81 pontos, enquanto <a href=\"https:\/\/www.grandepremio.com\/br\/busca?s=Andr%C3%A9%20Lotterer\">Andr&eacute; Lotterer<\/a> marcou 80 at&eacute; aqui &#8211; esse ainda nem venceu, mas anotou a segunda coloca&ccedil;&atilde;o nas duas &uacute;ltimas provas. Perguntassem por a&iacute; no come&ccedil;o da temporada, Frijns e Lotterer n&atilde;o seriam apontados como favoritos sequer dentro de suas equipes, respectivamente a Virgin de <a href=\"https:\/\/www.grandepremio.com\/br\/busca?s=Sam%20Bird\">Sam Bird<\/a> e a DS Techeetah de <a href=\"https:\/\/www.grandepremio.com\/br\/busca?s=Jean-%C3%89ric%20Vergne\">Jean-&Eacute;ric Vergne<\/a>.&nbsp;<\/p>\n<div>\n\t&nbsp;<\/div>\n<div>\n\tAtr&aacute;s dos dois, <a href=\"https:\/\/www.grandepremio.com\/br\/busca?s=Ant%C3%B3nio%20F%C3%A9lix%20da%20Costa\">Ant&oacute;nio F&eacute;lix da Costa<\/a> e Lucas Di Grassi t&ecirc;m 70 pontos; D&#039;Ambrosio j&aacute; marcou 65; Vergne, <a href=\"https:\/\/www.grandepremio.com\/br\/busca?s=Mitch%20Evans\">Mitch Evans<\/a> e <a href=\"https:\/\/www.grandepremio.com\/br\/busca?s=Daniel%20Abt\">Daniel Abt<\/a> contam com 62, 61 e 59. Todos esses podem assumir a lideran&ccedil;a com uma vit&oacute;ria, ao passo que Bird e Edoardo Mortara, com 54 e 52, voltam ao mix dos l&iacute;deres no caso dobrarem as vit&oacute;rias que j&aacute; t&ecirc;m. <a href=\"https:\/\/www.grandepremio.com\/br\/busca?s=Pascal%20Wehrlein\">Pascal Wehrlein<\/a> e <a href=\"https:\/\/www.grandepremio.com\/br\/busca?s=Oliver%20Rowland\">Oliver Rowland<\/a>, ambos com 38, e Buemi, que tem 30, est&atilde;o mais distantes, mas com uma vit&oacute;ria e algum azar para os ponteiros podem voltar &agrave; baila.&nbsp;<\/div>\n<div>\n\t&nbsp;<\/div>\n<div>\n\t13 nomes ap&oacute;s oito das 13 corridas do campeonato ainda citados como candidatos.<\/div>\n<div>\n<table bgcolor=\"#0061A8\" border=\"0\" cellpadding=\"1\" cellspacing=\"1\" style=\"width: 100%\">\n<tbody>\n<tr>\n<td>\n\t\t\t\t\t<img decoding=\"async\" alt=\"Resultado de imagem para logo Michelin png\" src=\"https:\/\/logodownload.org\/wp-content\/uploads\/2014\/11\/Michelin-logo-2.png\" style=\"width: 50%\" \/><span style=\"font-size:20px\"><span style=\"color:#ffd700\"><strong>&nbsp;<\/strong><\/span><\/span><\/p>\n<div>\n\t\t\t\t\t\t<span style=\"color:#ffd700\"><strong>Corrida:<\/strong>&nbsp;eP de M&ocirc;naco<\/span><\/div>\n<div>\n\t\t\t\t\t\t&nbsp;<\/div>\n<div>\n\t\t\t\t\t\t<span style=\"color:#ffd700\"><strong>Circuito:<\/strong>&nbsp;Circuit de Monaco<\/span><\/div>\n<div>\n\t\t\t\t\t\t&nbsp;<\/div>\n<div>\n\t\t\t\t\t\t<span style=\"color:#ffd700\"><strong>Extens&atilde;o da pista:<\/strong>&nbsp;1.765 km<br \/>\n\t\t\t\t\t\t<br \/>\n\t\t\t\t\t\t<strong>Curvas<\/strong>: 12<\/span><\/div>\n<div>\n\t\t\t\t\t\t&nbsp;<\/div>\n<div>\n\t\t\t\t\t\t<span style=\"color:#ffd700\"><strong>Inscritos:<\/strong>&nbsp;11 equipes, 22 pilotos<\/span><\/div>\n<div>\n\t\t\t\t\t\t&nbsp;<\/div>\n<div>\n\t\t\t\t\t\t<strong><span style=\"color:#ffd700\">Calend&aacute;rio (hor&aacute;rios de Bras&iacute;lia):<\/span><\/strong><\/div>\n<div>\n\t\t\t\t\t\t&nbsp;<\/div>\n<div>\n\t\t\t\t\t\t&nbsp;<\/div>\n<div>\n\t\t\t\t\t\t<span style=\"color:#ffd700\"><em>S&aacute;bado, 11 de maio:<\/em><\/span><\/div>\n<div>\n\t\t\t\t\t\t<span style=\"color:#ffd700\">2h30-3h15 &ndash; FE TL1<br \/>\n\t\t\t\t\t\t3h25-3h55 &#8211; eTrophy TL<\/span><\/div>\n<div>\n\t\t\t\t\t\t<span style=\"color:#ffd700\">5h-5h30 &ndash; FE TL2<\/span><\/div>\n<div>\n\t\t\t\t\t\t<span style=\"color:#ffd700\">6h45-7h50 &ndash; FE Classifica&ccedil;&atilde;o<br \/>\n\t\t\t\t\t\t8h45-9h15 &#8211; eTrophy Classifica&ccedil;&atilde;o<\/span><\/div>\n<div>\n\t\t\t\t\t\t<span style=\"color:#ffd700\">9h-9h35 &ndash; eTrophy Corrida<\/span><\/div>\n<div>\n\t\t\t\t\t\t<span style=\"color:#ffd700\">11h34-12h30 &ndash; eP de M&ocirc;naco (45 minutos + 1 volta)<\/span><\/div>\n<div>\n\t\t\t\t\t\t&nbsp;<\/div>\n<div>\n\t\t\t\t\t\t<strong><span style=\"color:#ffd700\">Vencedores anteriores:<\/span><\/strong><\/div>\n<div>\n\t\t\t\t\t\t<span style=\"color:#ffd700\">2015 &ndash; S&eacute;bastien Buemi, Renault<\/span><\/div>\n<div>\n\t\t\t\t\t\t<span style=\"color:#ffd700\">2017 &ndash; S&eacute;bastien Buemi, Renault<\/span><\/div>\n<div>\n\t\t\t\t\t\t&nbsp;<\/div>\n<div>\n\t\t\t\t\t\t<strong><span style=\"color:#ffd700\">Volta mais r&aacute;pida:&nbsp;<\/span><\/strong><\/div>\n<div>\n\t\t\t\t\t\t<span style=\"color:#ffd700\">Sam Bird, DS Virgin &#8211; 53s822, 13 de maio de 2017<\/span><\/div>\n<div>\n\t\t\t\t\t\t&nbsp;<\/div>\n<div>\n\t\t\t\t\t\t<span style=\"color:#ffd700\"><strong>&Uacute;ltimo pole-position:&nbsp;<\/strong><br \/>\n\t\t\t\t\t\tS&eacute;bastien Buemi, Renault &#8211; 53s313, 13 de maio de 2017<\/span><\/div>\n<div>\n\t\t\t\t\t\t&nbsp;<\/div>\n<div>\n\t\t\t\t\t\t<span style=\"color:#ffd700\"><strong>Pneus:<\/strong>&nbsp;Michelin Pilot Sport<\/span><\/div>\n<div>\n\t\t\t\t\t\t&nbsp;<\/div>\n<div>\n\t\t\t\t\t\t<strong><span style=\"color:#ffd700\">Previs&atilde;o do tempo: <\/span><\/strong><span style=\"color:#ffd700\">Dia com sol entre nuvens, 16 &#8211; 20&ordm;C<\/span><br \/>\n\t\t\t\t\t\t&nbsp;<\/div>\n<div>\n\t\t\t\t\t\t<span style=\"color:#ffd700\"><strong>TV: <\/strong>Fox Sports (11h)<\/span><\/div>\n<\/td>\n<\/tr>\n<\/tbody>\n<\/table>\n<\/div>\n<p><\/p>\n<div class=\"embed-responsive embed-responsive-16by9\">\n\t<\/div>\n<p><\/p>\n<p><\/p>\n","protected":false},"excerpt":{"rendered":"<p>Quando a F&oacute;rmula E passou em M&ocirc;naco pela &uacute;ltima vez, em 2017, os carros eram outros e o cen&aacute;rio era ainda aquele dos primeiros dias onde Renault e Audi lutavam pela dianteira. S&eacute;bastien Buemi, vencedor das duas corridas no Principado, est&aacute; bem longe. Outros oito pilotos j&aacute; venceram nesta temporada, entretanto, e o campeonato chega a Monte Carlo sem a menor ideia do que ser&aacute; da briga pelo t&iacute;tulo quando for a Berlim no fim do m&ecirc;s<\/p>\n","protected":false},"author":0,"featured_media":0,"comment_status":"closed","ping_status":"closed","sticky":false,"template":"","format":"standard","meta":{"42wp_featured_image_caption":"","42wp_featured_image_credits":"","42wp_featured_video":"","42wp_featured_image_hidden":false,"42wp_authors_list":[],"footnotes":""},"categories":[19],"tags":[2137,1862,949,377,1961,379,1432,840,1431,637,966,909,764,965,1194,1593,1590,976],"42wp_author":[47120],"class_list":["post-136996","post","type-post","status-publish","format-standard","hentry","category-formula-e","tag-andr-lotterer","tag-daniel-abt","tag-edoardo-mortara","tag-frmula-e","tag-frmula-e-2019","tag-fe","tag-fe-2019","tag-formula-e","tag-formula-e-2019","tag-jean-ric-vergne","tag-lucas-di-grassi","tag-mitch-evans","tag-monte-carlo","tag-oliver-rowland","tag-pascal-wehrlein","tag-robin-frijns","tag-sbastien-buemi","tag-sam-bird","42wp_author-pedro-henrique-marum"],"_links":{"self":[{"href":"https:\/\/grandepremio.com\/br\/wp-json\/wp\/v2\/posts\/136996","targetHints":{"allow":["GET"]}}],"collection":[{"href":"https:\/\/grandepremio.com\/br\/wp-json\/wp\/v2\/posts"}],"about":[{"href":"https:\/\/grandepremio.com\/br\/wp-json\/wp\/v2\/types\/post"}],"replies":[{"embeddable":true,"href":"https:\/\/grandepremio.com\/br\/wp-json\/wp\/v2\/comments?post=136996"}],"version-history":[{"count":0,"href":"https:\/\/grandepremio.com\/br\/wp-json\/wp\/v2\/posts\/136996\/revisions"}],"wp:attachment":[{"href":"https:\/\/grandepremio.com\/br\/wp-json\/wp\/v2\/media?parent=136996"}],"wp:term":[{"taxonomy":"category","embeddable":true,"href":"https:\/\/grandepremio.com\/br\/wp-json\/wp\/v2\/categories?post=136996"},{"taxonomy":"post_tag","embeddable":true,"href":"https:\/\/grandepremio.com\/br\/wp-json\/wp\/v2\/tags?post=136996"},{"taxonomy":"42wp_author","embeddable":true,"href":"https:\/\/grandepremio.com\/br\/wp-json\/wp\/v2\/42wp_author?post=136996"}],"curies":[{"name":"wp","href":"https:\/\/api.w.org\/{rel}","templated":true}]}}