{"id":13708,"date":"2025-12-20T10:26:45","date_gmt":"2025-12-20T13:26:45","guid":{"rendered":"https:\/\/grandepremio.com\/br\/noticias\/ferrari-admite-planejamento-2025-gerou-abalo-mental-lewis-hamilton-charles-leclerc\/"},"modified":"2025-12-20T11:44:11","modified_gmt":"2025-12-20T14:44:11","slug":"ferrari-admite-planejamento-2025-gerou-abalo-mental-lewis-hamilton-charles-leclerc","status":"publish","type":"post","link":"https:\/\/grandepremio.com\/br\/f1\/ferrari-admite-planejamento-2025-gerou-abalo-mental-lewis-hamilton-charles-leclerc\/","title":{"rendered":"Ferrari admite que planejamento de 2025 gerou &#8220;abalo mental&#8221; em Hamilton e Leclerc"},"content":{"rendered":"\n<p class=\"wp-block-paragraph\">A decis\u00e3o da <strong>Ferrari<\/strong> de abandonar precocemente o desenvolvimento da <strong>SF-25<\/strong> para concentrar esfor\u00e7os no projeto de 2026 teve impacto psicol\u00f3gico maior do que o esperado na equipe. Quem admite \u00e9 o pr\u00f3prio chefe da escuderia, <strong>Fr\u00e9d\u00e9ric Vasseur<\/strong>, que reconheceu ter subestimado o efeito da escolha sobre <strong>Charles Leclerc<\/strong>, <strong>Lewis Hamilton<\/strong> e funcion\u00e1rios ao longo de uma temporada inteira sem perspectivas reais de evolu\u00e7\u00e3o t\u00e9cnica.<\/p>\n\n\n\n<p class=\"wp-block-paragraph\">Sem vit\u00f3rias e com desempenho irregular ao longo de 2025, a Ferrari optou por interromper qualquer atualiza\u00e7\u00e3o significativa no carro ainda nas primeiras etapas do campeonato, priorizando o novo regulamento t\u00e9cnico que entra em vigor no ano seguinte. Para Vasseur, a decis\u00e3o foi correta do ponto de vista estrat\u00e9gico, mas cobrou um pre\u00e7o emocional elevado dentro de Maranello.<\/p>\n\n\n\n<p class=\"wp-block-paragraph\">\u201cTenho certeza de que a decis\u00e3o foi a certa, embora ningu\u00e9m possa garantir hoje se seguimos o caminho ideal. A taxa de desenvolvimento do carro de 2026 \u00e9 enorme em compara\u00e7\u00e3o com o de 2025. Parar o desenvolvimento ap\u00f3s cinco ou seis corridas foi dif\u00edcil, mas continuo convencido de que foi a escolha correta\u201d, afirmou o chefe da Ferrari.<\/p>\n\n\n\n<p class=\"wp-block-paragraph\">\u201cSe houve algo que n\u00e3o avaliei corretamente, foi o abalo psicol\u00f3gico disso em todos, inclusive nos pilotos. Voc\u00ea chega \u00e0 metade do ano sabendo que ainda tem cerca de 20 corridas pela frente, mas sem nenhuma evolu\u00e7\u00e3o aerodin\u00e2mica. Isso \u00e9 muito dif\u00edcil\u201d, seguiu, em tom autocr\u00edtico.<\/p>\n\n\n\n<figure class=\"wp-block-image size-large\"><img decoding=\"async\" src=\"https:\/\/www.grandepremio.com\/br\/wp-content\/uploads\/2025\/11\/sao-paulo-2025-f1-quinta-feira-ferrari-frederic-vasseur-berton-02-1200x800.jpg\" alt=\"Chefe da Ferrari, Fr\u00e9d\u00e9ric Vasseur (Foto: Rodrigo Berton\/Ag\u00eancia Warm Up)\" class=\"wp-image-1029967\"\/><figcaption class=\"wp-element-caption\">Fr\u00e9d\u00e9ric Vasseur defendeu foco da Ferrari em 2026 apesar de abalo psicol\u00f3gico (Foto: Rodrigo Berton\/Ag\u00eancia Warm Up)<\/figcaption><\/figure>\n\n\n\n<p class=\"wp-block-paragraph\">Dentro desse contexto de frustra\u00e7\u00e3o coletiva, Vasseur tamb\u00e9m saiu em defesa do diretor-t\u00e9cnico <strong>Lo\u00efc Serra<\/strong>, alvo de cr\u00edticas ao longo da temporada. O chefe da Ferrari lembrou que o franc\u00eas assumiu o cargo somente em outubro de 2024 \u2014 substituindo <strong>Enrico Cardile<\/strong> \u2014, quando a SF-25 j\u00e1 estava praticamente desenhada, e afirmou que julgamentos mais duros s\u00e3o injustos.<\/p>\n\n\n\n<p class=\"wp-block-paragraph\">\u201c\u00c9 mais o carro de 2026 que vai ser realmente o primeiro projeto do Lo\u00efc. N\u00e3o quero fugir das responsabilidades, mas precisamos ser justos. Enrico deixou a equipe em junho de 2024, e quando Lo\u00efc chegou, no in\u00edcio de outubro, o carro j\u00e1 estava quase totalmente desenhado\u201d, defendeu.<\/p>\n\n\n\n<p class=\"wp-block-paragraph\">\u201cFiquei um pouco irritado quando, em determinado momento da temporada, alguns colocaram toda a culpa no Lo\u00efc. Achei isso injusto. Esse n\u00e3o \u00e9 o primeiro \u2018filho\u2019 dele, mas o carro do pr\u00f3ximo ano, sim, ser\u00e1 o primeiro projeto realmente completo\u201d, concluiu.<\/p>\n\n\n\n<p class=\"wp-block-paragraph\">A&nbsp;<strong><a href=\"https:\/\/www.grandepremio.com\/br\/f1\/\">F\u00f3rmula 1<\/a><\/strong>&nbsp;est\u00e1 de f\u00e9rias. Os carros voltam a acelerar de&nbsp;<strong>26 a 30 de janeiro<\/strong>&nbsp;em testes privados em&nbsp;<strong>Barcelona<\/strong>. Depois, seguem para o&nbsp;<strong>Bahrein&nbsp;<\/strong>para mais duas sess\u00f5es da pr\u00e9-temporada: de&nbsp;<strong>11 a 13 de fevereiro<\/strong>&nbsp;e de&nbsp;<strong>18 a 20 de fevereiro<\/strong>. O<strong>&nbsp;GRANDE PR\u00caMIO&nbsp;<\/strong>acompanha todas as atividades da temporada 2026.<\/p>\n\n\n\n<p class=\"wp-block-paragraph\">\u25b6\ufe0f&nbsp;<strong>Inscreva-se nos dois canais do GRANDE PR\u00caMIO no YouTube:&nbsp;<a href=\"https:\/\/www.youtube.com\/channel\/UC9OlHEgxoaY6QY6nWPoiqQg?sub_confirmation=1\" target=\"_blank\" rel=\"noreferrer noopener\">GP<\/a>&nbsp;|&nbsp;<a href=\"https:\/\/www.youtube.com\/channel\/UC9csiS6q_C3C0FYhyr1rnFA?sub_confirmation=1\" target=\"_blank\" rel=\"noreferrer noopener\">GP2<\/a><\/strong><\/p>\n\n\n\n<figure class=\"wp-block-embed is-type-video is-provider-youtube wp-block-embed-youtube wp-embed-aspect-16-9 wp-has-aspect-ratio\"><div class=\"wp-block-embed__wrapper\">\n<iframe loading=\"lazy\" title=\"RESOLU\u00c7\u00d5ES DE FIM DE ANO: QUAL PRESENTE ESPERAMOS DA TEMPORADA 2026? | WGP\" width=\"500\" height=\"281\" src=\"https:\/\/www.youtube.com\/embed\/T5KUj30Q3PE?feature=oembed\" frameborder=\"0\" allow=\"accelerometer; autoplay; clipboard-write; encrypted-media; gyroscope; picture-in-picture; web-share\" referrerpolicy=\"strict-origin-when-cross-origin\" allowfullscreen><\/iframe>\n<\/div><\/figure>\n\n\n\n<p class=\"wp-block-paragraph\"><strong>F1 hoje: saiba aqui as not\u00edcias mais importantes do dia da F\u00f3rmula 1<\/strong><\/p>\n\n\n\n<p class=\"wp-block-paragraph\">A reda\u00e7\u00e3o do&nbsp;<strong>GRANDE PR\u00caMIO<\/strong>&nbsp;selecionou as not\u00edcias mais importantes das \u00faltimas horas para voc\u00ea ficar por dentro de tudo que acontece na F1.<\/p>\n\n\n\n<p class=\"wp-block-paragraph\">\u25b6\ufe0f\u00a0<a href=\"https:\/\/www.grandepremio.com\/br\/f1\/noticias\/alexander-albon-propoe-fia-mudanca-inspecao-carros-2026-seria-mais-justo\/\">Albon prop\u00f5e \u00e0 FIA mudan\u00e7a na inspe\u00e7\u00e3o dos carros em 2026: \u201cSeria mais justo\u201d<\/a><br>\u25b6\ufe0f\u00a0<a href=\"https:\/\/www.grandepremio.com\/br\/f1\/noticias\/andrea-kimi-antonelli-prega-lealdade-mercedes-mas-diz-seria-incrivel-representar-rival-f1\/\">Antonelli prega lealdade \u00e0 Mercedes, mas diz que \u201cseria incr\u00edvel\u201d representar rival na F1<\/a><br>\u25b6\ufe0f\u00a0<a href=\"https:\/\/www.grandepremio.com\/br\/f1\/noticias\/equipes-descobrem-brecha-regulamento-motores-criam-polemica-para-f1-2026\/\">Equipes descobrem brecha no regulamento de motores e criam pol\u00eamica para F1 2026<\/a><\/p>\n\n\n\n<p class=\"wp-block-paragraph\">Para mais informa\u00e7\u00f5es, veja aqui as&nbsp;<a href=\"https:\/\/www.grandepremio.com\/br\/ultimas-noticias\/\">\u00faltimas not\u00edcias da F\u00f3rmula 1<\/a>.<a href=\"https:\/\/www.grandepremio.com\/br\/chefao\/\" target=\"_blank\" rel=\"noreferrer noopener\"><\/a><\/p>\n","protected":false},"excerpt":{"rendered":"<p>Fr\u00e9d\u00e9ric Vasseur assumiu que subestimou impacto interno de abandonar o desenvolvimento da SF-25 ainda no in\u00edcio da temporada, mas defendeu escolha e disse que Ferrari vai colher frutos em 2026<\/p>\n","protected":false},"author":0,"featured_media":1000937300,"comment_status":"closed","ping_status":"closed","sticky":false,"template":"","format":"standard","meta":{"42wp_featured_image_caption":"","42wp_featured_image_credits":"","42wp_featured_video":"","42wp_featured_image_hidden":false,"42wp_authors_list":[],"footnotes":""},"categories":[2],"tags":[26271,209,5273,147,3630,207,180,3628,1322,1491,28285,30840,87,9198,35129,42001],"42wp_author":[47164],"class_list":["post-13708","post","type-post","status-publish","format-standard","has-post-thumbnail","hentry","category-f1","tag-calendario-f1","tag-charles-leclerc","tag-classificacao-f1","tag-f1","tag-f1-2025","tag-ferrari","tag-formula-1","tag-formula-1-2025","tag-frederic-vasseur","tag-grande-premio","tag-grandepremio","tag-horarios-f1","tag-lewis-hamilton","tag-loic-serra","tag-onde-assistir-f1","tag-temporada-2025-f1","42wp_author-marcos-gil-ribeiro"],"_links":{"self":[{"href":"https:\/\/grandepremio.com\/br\/wp-json\/wp\/v2\/posts\/13708","targetHints":{"allow":["GET"]}}],"collection":[{"href":"https:\/\/grandepremio.com\/br\/wp-json\/wp\/v2\/posts"}],"about":[{"href":"https:\/\/grandepremio.com\/br\/wp-json\/wp\/v2\/types\/post"}],"replies":[{"embeddable":true,"href":"https:\/\/grandepremio.com\/br\/wp-json\/wp\/v2\/comments?post=13708"}],"version-history":[{"count":0,"href":"https:\/\/grandepremio.com\/br\/wp-json\/wp\/v2\/posts\/13708\/revisions"}],"wp:featuredmedia":[{"embeddable":true,"href":"https:\/\/grandepremio.com\/br\/wp-json\/wp\/v2\/media\/1000937300"}],"wp:attachment":[{"href":"https:\/\/grandepremio.com\/br\/wp-json\/wp\/v2\/media?parent=13708"}],"wp:term":[{"taxonomy":"category","embeddable":true,"href":"https:\/\/grandepremio.com\/br\/wp-json\/wp\/v2\/categories?post=13708"},{"taxonomy":"post_tag","embeddable":true,"href":"https:\/\/grandepremio.com\/br\/wp-json\/wp\/v2\/tags?post=13708"},{"taxonomy":"42wp_author","embeddable":true,"href":"https:\/\/grandepremio.com\/br\/wp-json\/wp\/v2\/42wp_author?post=13708"}],"curies":[{"name":"wp","href":"https:\/\/api.w.org\/{rel}","templated":true}]}}