{"id":137139,"date":"2019-05-01T16:58:00","date_gmt":"2019-05-01T19:58:00","guid":{"rendered":"https:\/\/grandepremio.com\/br\/noticias\/assessora-confirma-que-ecclestone-comunicou-irmao-sobre-morte-de-senna-antes-do-gp-de-san-marino-terminar\/"},"modified":"2020-05-20T22:18:26","modified_gmt":"2020-05-21T01:18:26","slug":"assessora-confirma-que-ecclestone-comunicou-irmao-sobre-morte-de-senna-antes-do-gp-de-san-marino-terminar","status":"publish","type":"post","link":"https:\/\/grandepremio.com\/br\/f1\/25-anos-sem-senna\/assessora-confirma-que-ecclestone-comunicou-irmao-sobre-morte-de-senna-antes-do-gp-de-san-marino-terminar\/","title":{"rendered":"Assessora confirma que Ecclestone comunicou irm\u00e3o sobre morte de Senna antes do GP de San Marino terminar"},"content":{"rendered":"\n<div style=\"float: left;margin-right: 15px;margin-bottom:15px\">\n\t<\/div>\n<p><a href=\"https:\/\/www.grandepremio.com\/br\/busca?s=Ayrton%20Senna\">Ayrton Senna<\/a> j&aacute; n&atilde;o tinha chances de sobreviver quando deixou de helic&oacute;ptero o circuito de &Iacute;mola, na It&aacute;lia, em 1&ordm; de maio de 1994. E, de fato, Bernie Ecclestone chamou o irm&atilde;o mais novo do piloto &ndash; Leonardo &ndash; ao seu motorhome para dizer-lhe que o tricampe&atilde;o estava morto antes mesmo do GP de San Marino terminar, como confirmou a ent&atilde;o assessora de Ayrton, Betise Assump&ccedil;&atilde;o, em postagem de 204 em blog que mantinha.<br \/>\n<br \/>\nA informa&ccedil;&atilde;o foi publicada em 4 de maio de 1994 na &lsquo;Folha de S.Paulo&rsquo; pelo jornalista Flavio Gomes, fundador do <strong>GRANDE PR&Ecirc;MIO<\/strong>. Naquele dia, a capa do jornal trazia a mat&eacute;ria &ldquo;Morte de Senna foi instant&acirc;nea, segundo conclus&atilde;o da aut&oacute;psia&rdquo;.<br \/>\n<br \/>\n&ldquo;Ayrton Senna teve morte cerebral instant&acirc;nea no acidente de domingo em &Iacute;mola, na s&eacute;tima volta do GP de San Marino de F1. Essa foi a conclus&atilde;o dos legistas que ontem fizeram a aut&oacute;psia no corpo do brasileiro, piloto da equipe Williams. Os dirigentes da F1 souberam que ele havia morrido antes de reiniciar a corrida, meia hora depois do acidente. Quando o piloto foi retirado do carro, j&aacute; n&atilde;o tinha pulsa&ccedil;&atilde;o e a circula&ccedil;&atilde;o sangu&iacute;nea estava praticamente interrompida&rdquo;, escreveu Gomes na &lsquo;Folha&rsquo;.<br \/>\n<br \/>\n&ldquo;O m&eacute;dico-chefe da FIA, Sid Watkins, avisou pelo r&aacute;dio que Senna estava morto ao presidente da Foca, Bernie Ecclestone&rdquo;, continuou.<\/p>\n<div class=\"mhv-imagem-full\">\n<div class=\"mhv-imagem\">\n\t\t<img decoding=\"async\" src=\"\/images\/20144292047772_Senna_carro_acidente_II.jpg\" title=\"O que restou do carro de Senna depois do acidente na Tamburello (Foto: Getty Images))\" \/><\/div>\n<div class=\"mhv-credito\">\n\t\tO que restou do carro de Senna depois do acidente na Tamburello (Foto: Getty Images)<\/div>\n<\/div>\n<div style=\"float: left;margin-right: 15px;margin-bottom:15px\">\n<div id=\"banner-300x250-area\">\n<p>window.uolads.push({ id: &#8220;banner-300&#215;250-area&#8221; });<\/p><\/div>\n<\/div>\n<p>Senna chegou a ter uma parada card&iacute;aca na pista em &Iacute;mola, mas foi reanimado pela equipe de resgate e chegou ao helic&oacute;ptero com o cora&ccedil;&atilde;o batendo com a ajuda de aparelhos. Legalmente, sua morte s&oacute; foi confirmada &agrave;s 18h40 locais (13h40) de Bras&iacute;lia, mais de duas horas ap&oacute;s o t&eacute;rmino do GP de San Marino, sendo anunciada minutos depois.<br \/>\n<br \/>\nSegundo a assessora Betise Assump&ccedil;&atilde;o publicou em seu blog no dia 1&ordm; de maio de 2014, 20 anos depois do desenrolar dos fatos, estavam no motorhome da Foca (associa&ccedil;&atilde;o das equipes) ela, Leonardo, Bernie e sua ex-mulher, Slavica.<br \/>\n<br \/>\nEles haviam se encontrado na torre de controle de &Iacute;mola, onde Bernie disse que precisava conversar com Leonardo. De l&aacute; caminharam at&eacute; o motorhome, e o brit&acirc;nico, com tradu&ccedil;&atilde;o de Betise, disse: &ldquo;Ele est&aacute; morto&rdquo;.<br \/>\n<br \/>\nLeonardo come&ccedil;ou a chorar neste instante, antes mesmo de Bernie continuar: &ldquo;Mas n&oacute;s s&oacute; vamos anunciar mais tarde para n&atilde;o parar a corrida&rdquo;.<br \/>\n<br \/>\nO relato de Betise segue: &ldquo;Bernie levantou-se, pegou uma ma&ccedil;&atilde; e come&ccedil;ou a conversar com a Slavica, que chorava ainda mais alto. Levei alguns minutos para acalmar o Leo. Ele ainda estava muito abalado e incapaz de dizer qualquer coisa&rdquo;. A assessora, ent&atilde;o, convenceu-o a ligar para os pais, Milton e Neyde, para dar a not&iacute;cia. Bernie emprestou o telefone para que a liga&ccedil;&atilde;o fosse feita.<br \/>\n<br \/>\n&ldquo;Foi quando Martin Whitaker, o ent&atilde;o assessor de imprensa da FIA, entrou no motorhome&rdquo;, prosseguiu Betise. Ap&oacute;s alguns minutos de conversa com Bernie, avisou que dissera aos jornalistas que Ayrton teve ferimentos na cabe&ccedil;a e foi levado para o hospital em Bolonha.<\/p>\n<div class=\"mhv-imagem-full\">\n<div class=\"mhv-imagem\">\n\t\t<img decoding=\"async\" src=\"\/images\/2014511951232_blogdabetise_II.jpg\" title=\"Trecho do post de Betise Assump\u00e7\u00e3o (Foto: Reprodu\u00e7\u00e3o))\" \/><\/div>\n<div class=\"mhv-credito\">\n\t\tTrecho do post de Betise Assump&ccedil;&atilde;o (Foto: Reprodu&ccedil;&atilde;o)<\/div>\n<\/div>\n<div style=\"float: left;margin-right: 15px;margin-bottom:15px\">\n<div id=\"banner-300x250-2-area\">\n<p>window.uolads.push({ id: &#8220;banner-300&#215;250-2-area&#8221; });<\/p><\/div>\n<\/div>\n<p>Ap&oacute;s isso, Leonardo novamente ligou para seus pais para dizer o que se passara.<br \/>\n<br \/>\nDe acordo com o relato de Betise, &ldquo;s&oacute; quando o Dr. Syd Watkins (sic) chegou ao hospital ficou tudo esclarecido&rdquo;. Ela estava ao telefone com Viviane Senna e conta que n&atilde;o conseguia faz&ecirc;-la compreender a gravidade da situa&ccedil;&atilde;o, e pediu a Watkins que conversasse com a irm&atilde; de Ayrton. O m&eacute;dico-chefe da FIA disse-lhe antes de pegar o telefone: &ldquo;Betise, n&atilde;o h&aacute; esperan&ccedil;a nenhuma. Ele j&aacute; estava morto na pista.&rdquo;<br \/>\n<br \/>\nO&nbsp;<strong>GRANDE PR&Ecirc;MIO<\/strong>&nbsp;acompanha o GP de San Marino, terceira etapa da temporada 1994 da F1,&nbsp;<a href=\"https:\/\/www.grandepremio.com\/br\/25-anos-sem-senna\/ultimas-noticias\">revivendo o notici&aacute;rio daquela data<\/a>.&nbsp;<\/p>\n","protected":false},"excerpt":{"rendered":"<p>Assessora de Ayrton Senna em 1994, Betise Assump&ccedil;&atilde;o traduziu frase de Bernie Ecclestone para Leonardo, irm&atilde;o mais novo do tricampe&atilde;o, mas viu os dirigentes voltarem atr&aacute;s e obrig&aacute;-lo a desmentir a not&iacute;cia aos pais do piloto. Corrida n&atilde;o poderia ser paralisada<\/p>\n","protected":false},"author":0,"featured_media":0,"comment_status":"closed","ping_status":"closed","sticky":false,"template":"","format":"standard","meta":{"42wp_featured_image_caption":"","42wp_featured_image_credits":"","42wp_featured_video":"","42wp_featured_image_hidden":false,"42wp_authors_list":[],"footnotes":""},"categories":[27],"tags":[699,539,147],"42wp_author":[47112],"class_list":["post-137139","post","type-post","status-publish","format-standard","hentry","category-25-anos-sem-senna","tag-ayrton-senna","tag-bernie-ecclestone","tag-f1","42wp_author-renan-do-couto"],"_links":{"self":[{"href":"https:\/\/grandepremio.com\/br\/wp-json\/wp\/v2\/posts\/137139","targetHints":{"allow":["GET"]}}],"collection":[{"href":"https:\/\/grandepremio.com\/br\/wp-json\/wp\/v2\/posts"}],"about":[{"href":"https:\/\/grandepremio.com\/br\/wp-json\/wp\/v2\/types\/post"}],"replies":[{"embeddable":true,"href":"https:\/\/grandepremio.com\/br\/wp-json\/wp\/v2\/comments?post=137139"}],"version-history":[{"count":0,"href":"https:\/\/grandepremio.com\/br\/wp-json\/wp\/v2\/posts\/137139\/revisions"}],"wp:attachment":[{"href":"https:\/\/grandepremio.com\/br\/wp-json\/wp\/v2\/media?parent=137139"}],"wp:term":[{"taxonomy":"category","embeddable":true,"href":"https:\/\/grandepremio.com\/br\/wp-json\/wp\/v2\/categories?post=137139"},{"taxonomy":"post_tag","embeddable":true,"href":"https:\/\/grandepremio.com\/br\/wp-json\/wp\/v2\/tags?post=137139"},{"taxonomy":"42wp_author","embeddable":true,"href":"https:\/\/grandepremio.com\/br\/wp-json\/wp\/v2\/42wp_author?post=137139"}],"curies":[{"name":"wp","href":"https:\/\/api.w.org\/{rel}","templated":true}]}}