{"id":137246,"date":"2019-04-28T11:25:00","date_gmt":"2019-04-28T14:25:00","guid":{"rendered":"https:\/\/grandepremio.com\/br\/noticias\/hamilton-celebra-melhor-comeco-de-temporada-da-mercedes-mas-lamenta-perdi-tudo-na-classificacao\/"},"modified":"2020-05-12T20:09:53","modified_gmt":"2020-05-12T23:09:53","slug":"hamilton-celebra-melhor-comeco-de-temporada-da-mercedes-mas-lamenta-perdi-tudo-na-classificacao","status":"publish","type":"post","link":"https:\/\/grandepremio.com\/br\/f1\/hamilton-celebra-melhor-comeco-de-temporada-da-mercedes-mas-lamenta-perdi-tudo-na-classificacao\/","title":{"rendered":"Hamilton celebra &#8220;melhor come\u00e7o de temporada&#8221; da Mercedes, mas lamenta: &#8220;Perdi tudo na classifica\u00e7\u00e3o&#8221;"},"content":{"rendered":"\n<div>\n\tLewis Hamilton bem que tentou um ataque nas voltas finais, mas n&atilde;o foi o suficiente para <a href=\"https:\/\/www.grandepremio.com\/br\/f1\/noticias\/bottas-exalta-nivel-da-mercedes-e-ve-corrida-dura-em-baku-apesar-de-nao-ter-acontecido-muita-coisa-na-frente\">tirar a vit&oacute;ria de Valtteri Bottas<\/a> neste domingo (28) no <a href=\"https:\/\/www.grandepremio.com\/br\/f1\/noticias\/bottas-acerta-contas-com-azerbaijao-volta-a-vencer-e-comanda-nova-dobradinha-da-mercedes-na-temporada\">GP do Azerbaij&atilde;o<\/a> de <a href=\"https:\/\/www.grandepremio.com\/br\/f1\">F1<\/a>. Em uma corrida em que pouco aconteceu no pelot&atilde;o da frente, o pentacampe&atilde;o sabe bem: a pole fez toda a diferen&ccedil;a para o finland&ecirc;s.<\/div>\n<div>\n\t&nbsp;<\/div>\n<div>\n\tO ingl&ecirc;s destacou a &oacute;tima performance do companheiro de equipe em Baku, mas admitiu que a derrota foi toda constru&iacute;da na classifica&ccedil;&atilde;o, com a perda da pole.<\/div>\n<div>\n\t&nbsp;<\/div>\n<div>\n\t&quot;Parab&eacute;ns ao Valtteri, ele fez uma corrida fant&aacute;stica, n&atilde;o cometeu erros e mereceu vencer. Perdi tudo na classifica&ccedil;&atilde;o, n&atilde;o tem muito mais o que dizer&quot;, comentou.<\/p>\n<div class=\"imagem-noticia\">\n\t\t<img decoding=\"async\" src=\"https:\/\/www.grandepremio.com\/br\/wp-content\/uploads\/2019\/04\/20194281115341_000_1G03HZ_II-1.jpg\" title=\"Lewis Hamilton (Foto: AFP)\" \/><\/div>\n<div class=\"legenda-imagem\">\n\t\t#iconeimagem Lewis Hamilton foi segundo em Baku (Foto: AFP)<\/div>\n<\/div>\n<div>\n<div style=\"float: left;margin-right: 15px;margin-bottom:15px\">\n\t\t<\/div>\n<p>\tHamilton destacou a fase que vive a Mercedes, que chegou a quatro dobradinhas nas quatro primeiras corridas, um recorde em in&iacute;cios de temporadas na F1.<\/p><\/div>\n<div>\n\t&nbsp;<\/div>\n<div>\n\t&quot;&Eacute; um &oacute;timo resultado para a equipe. &Eacute; o melhor come&ccedil;o de temporada que n&oacute;s j&aacute; tivemos. Isso tudo &eacute; esfor&ccedil;o da equipe, todos na f&aacute;brica t&ecirc;m trabalhado sem parar, todo ano eles voltam com mais sede de sucesso e isso aqui &eacute; uma prova real da for&ccedil;a de todos&quot;, completou.<\/div>\n<div>\n\t&nbsp;<\/div>\n<div>\n\tHamilton agora ocupa a vice-lideran&ccedil;a do campeonato, ainda atrasado em rela&ccedil;&atilde;o a Bottas pela volta mais r&aacute;pida do finland&ecirc;s no GP da Austr&aacute;lia.<a href=\"https:\/\/www.grandepremio.com\/br\/f1\/classificacao\"> S&atilde;o 87 pontos contra 86<\/a>.<\/div>\n<div>\n\t&nbsp;<\/div>\n<div>\n<div class=\"embed-responsive embed-responsive-16by9\">\n\t\t<\/div>\n<\/div>\n<p><\/p>\n","protected":false},"excerpt":{"rendered":"<p>Lewis Hamilton valorizou o grande in&iacute;cio de ano da Mercedes, com quatro dobradinhas em quatro corridas. S&oacute; que o pentacampe&atilde;o, por mais que reconhe&ccedil;a o &oacute;timo desempenho de Valtteri Bottas, se mostrou frustrado pelo segundo lugar em Baku<\/p>\n","protected":false},"author":0,"featured_media":0,"comment_status":"closed","ping_status":"closed","sticky":false,"template":"","format":"standard","meta":{"42wp_featured_image_caption":"","42wp_featured_image_credits":"","42wp_featured_video":"","42wp_featured_image_hidden":false,"42wp_authors_list":[],"footnotes":""},"categories":[2],"tags":[5263,5223,85,1222,147,84,5224,1223,87,82,4143,5321,612],"42wp_author":[47117],"class_list":["post-137246","post","type-post","status-publish","format-standard","hentry","category-f1","tag-azerbaijo","tag-azerbaijo-f1","tag-frmula-1","tag-frmula-1-2019","tag-f1","tag-f1-2019","tag-f1-azerbaijo-2019","tag-horrio-f1-2019","tag-lewis-hamilton","tag-mercedes","tag-resultado-f1","tag-treino-f1","tag-valtteri-bottas","42wp_author-gabriel-curty"],"_links":{"self":[{"href":"https:\/\/grandepremio.com\/br\/wp-json\/wp\/v2\/posts\/137246","targetHints":{"allow":["GET"]}}],"collection":[{"href":"https:\/\/grandepremio.com\/br\/wp-json\/wp\/v2\/posts"}],"about":[{"href":"https:\/\/grandepremio.com\/br\/wp-json\/wp\/v2\/types\/post"}],"replies":[{"embeddable":true,"href":"https:\/\/grandepremio.com\/br\/wp-json\/wp\/v2\/comments?post=137246"}],"version-history":[{"count":0,"href":"https:\/\/grandepremio.com\/br\/wp-json\/wp\/v2\/posts\/137246\/revisions"}],"wp:attachment":[{"href":"https:\/\/grandepremio.com\/br\/wp-json\/wp\/v2\/media?parent=137246"}],"wp:term":[{"taxonomy":"category","embeddable":true,"href":"https:\/\/grandepremio.com\/br\/wp-json\/wp\/v2\/categories?post=137246"},{"taxonomy":"post_tag","embeddable":true,"href":"https:\/\/grandepremio.com\/br\/wp-json\/wp\/v2\/tags?post=137246"},{"taxonomy":"42wp_author","embeddable":true,"href":"https:\/\/grandepremio.com\/br\/wp-json\/wp\/v2\/42wp_author?post=137246"}],"curies":[{"name":"wp","href":"https:\/\/api.w.org\/{rel}","templated":true}]}}