{"id":137405,"date":"2019-11-30T13:30:00","date_gmt":"2019-11-30T16:30:00","guid":{"rendered":"https:\/\/grandepremio.com\/br\/noticias\/confira-declaracoes-dos-pilotos-apos-classificacao-do-gp-de-abu-dhabi-de-2019\/"},"modified":"2020-05-15T05:18:10","modified_gmt":"2020-05-15T08:18:10","slug":"confira-declaracoes-dos-pilotos-apos-classificacao-do-gp-de-abu-dhabi-de-2019","status":"publish","type":"post","link":"https:\/\/grandepremio.com\/br\/f1\/confira-declaracoes-dos-pilotos-apos-classificacao-do-gp-de-abu-dhabi-de-2019\/","title":{"rendered":"Confira declara\u00e7\u00f5es dos pilotos ap\u00f3s classifica\u00e7\u00e3o do GP de Abu Dhabi de 2019"},"content":{"rendered":"\n<div>\n\tLewis Hamilton vai largar para a &uacute;ltima etapa da temporada 2019 da <strong><a href=\"https:\/\/www.grandepremio.com\/br\/f1\"><span>F&oacute;rmula 1<\/span><\/a><\/strong> na primeira fila. O <strong><a href=\"https:\/\/www.grandepremio.com\/br\/f1\/noticias\/hamilton-encerra-jejum-de-10-gps-e-fecha-2019-na-pole-em-abu-dhabi\"><span>#44 cravou 1min34s779 na tarde deste s&aacute;bado (30) em Abu Dhabi e conquistou a pole<\/span><\/a><\/strong> com 0s194 de vantagem para Valtteri Bottas. Apesar de ter feito o segundo tempo na classifica&ccedil;&atilde;o, o #77 vai largar em &uacute;ltimo por conta de uma troca de motor.<\/div>\n<div>\n\t&nbsp;<\/div>\n<div>\n\tCom 1min35s139, Max Verstappen foi promovido a primeira fila, &agrave; frente de Charles Leclerc e Sebastian Vettel. Alex Albon ficou com o quinto posto, com Lando Norris, Daniel Ricciardo, Carlos Sainz e Nico H&uuml;lkenberg aparecendo na sequ&ecirc;ncia.<\/div>\n<div>\n<div class=\"imagem-noticia\">\n\t\t<img decoding=\"async\" src=\"https:\/\/www.grandepremio.com\/br\/wp-content\/uploads\/2019\/11\/201911301142860_mercedes-lewishamilton-08_II.jpg\" title=\"Lewis Hamilton (Foto: AFP)\" \/><\/div>\n<div class=\"legenda-imagem\">\n\t\t#iconeimagem Lewis Hamilton (Foto: AFP)<\/div>\n<\/div>\n<table bgcolor=\"#add8e6<\/p>\n<p>&#8221; border=&#8221;1&#8243; cellpadding=&#8221;1&#8243; cellspacing=&#8221;1&#8243; style=&#8221;width: 100%&#8221;><\/p>\n<tbody>\n<tr>\n<td>\n\t\t\t\t<span style=\"color:#000000\"><span style=\"font-size:18px\"><strong>Paddockast # 44<br \/>\n\t\t\t\tRETROSPECTIVA 2019: MUITO QUE BEM, MUITO QUE MAL<\/strong><\/span><\/span><br \/>\n\t\t\t\t<br \/>\n\t\t\t\tOu&ccedil;a: <a href=\"http:\/\/open.spotify.com\/show\/5OBbp8MzxQymoyneX4IviF?si=gYqPr53GSaa-AcxFpOzJHg\">Spotify<\/a> | <a href=\"http:\/\/podcasts.apple.com\/br\/podcast\/paddockast\/id1371540198\">iTunes<\/a> | <a href=\"http:\/\/www.subscribeonandroid.com\/www.central3.com.br\/category\/podcasts\/paddockast\/feed\/podcast\/\">Android<\/a> | <a href=\"http:\/\/player.fm\/series\/paddockast\">playerFM<\/a><\/td>\n<\/tr>\n<\/tbody>\n<\/table>\n<div>\n\t<\/p>\n<div style=\"float: left;margin-right: 15px;margin-bottom:15px\">\n\t\t<\/div>\n<div>\n\t\tSergio P&eacute;rez cravou 1min37s055 e foi o primeiro dos barrados no Q2. O mexicano da Racing Point vai largar &agrave; frente de Pierre Gasly, Lance Stroll, Daniil Kvyat e Kevin Magnussen.&nbsp;<\/div>\n<div>\n\t\t&nbsp;<\/div>\n<div>\n\t\tCom 1min38s051, Romain Grosjean foi eliminado ainda no Q1 e sai em 15&ordm;, &agrave; frente de Antonio Giovinazzi, Kimi R&auml;ikk&ouml;nen, George Russell e Robert Kubica.&nbsp;<\/div>\n<div>\n\t\t&nbsp;<\/div>\n<div>\n\t\t<strong>Confira as declara&ccedil;&otilde;es:<\/strong><\/div>\n<div>\n\t\t&nbsp;<\/div>\n<div>\n\t\t<strong>Lewis Hamilton, pole:<\/strong>&nbsp;<a href=\"https:\/\/www.grandepremio.com\/br\/f1\/noticias\/pole-hamilton-exalta-crescimento-da-mercedes-sempre-ha-espaco-para-melhorar\"><strong><span>Pole, Hamilton exalta crescimento da Mercedes: &ldquo;Sempre h&aacute; espa&ccedil;o para melhorar&rdquo;<\/span><\/strong><\/a><\/div>\n<div>\n\t\t&nbsp;<\/div>\n<div>\n\t\t<strong>Max Verstappen, segundo:<\/strong>&nbsp;<strong><a href=\"https:\/\/www.grandepremio.com\/br\/f1\/noticias\/verstappen-ve-mercedes-imbativel-em-abu-dhabi-e-aceita-3-melhor-tempo\"><span>Verstappen v&ecirc; Mercedes imbat&iacute;vel em Abu Dhabi e aceita 3&ordm; melhor tempo<\/span><\/a><\/strong><\/div>\n<div>\n\t\t&nbsp;<\/div>\n<div>\n\t\t<strong>Charles Leclerc, terceiro:<\/strong>&nbsp;<strong><a href=\"https:\/\/www.grandepremio.com\/br\/f1\/noticias\/leclerc-evita-criticar-vettel-apos-q3-mas-pede-que-isso-nao-aconteca-de-novo\"><span>Leclerc evita criticar Vettel ap&oacute;s Q3, mas pede que &ldquo;isso n&atilde;o aconte&ccedil;a de novo&rdquo;<\/span><\/a><\/strong><\/div>\n<div>\n\t\t&nbsp;<\/div>\n<div>\n\t\t<strong>Sebastian Vettel, quarto:<\/strong>&nbsp;<strong><a href=\"https:\/\/www.grandepremio.com\/br\/f1\/noticias\/vettel-cita-erro-e-minimiza-resultado-em-abu-dhabi-e-uma-pista-ruim-para-nos\"><span>Vettel cita erro e minimiza resultado em Abu Dhabi: &ldquo;&Eacute; uma pista ruim para n&oacute;s&rdquo;<\/span><\/a><\/strong><\/div>\n<div>\n\t\t&nbsp;<\/div>\n<div>\n\t\t<strong>Alex Albon, quinto:<\/strong> &ldquo;A classifica&ccedil;&atilde;o foi bem mediana para mim e n&atilde;o estou satisfeito com o meu resultado. Eu tive dificuldade desde o in&iacute;cio do Q1 e n&atilde;o consegui extrair o m&aacute;ximo, o que &eacute; frustrante. Foi complicado e bem escorregadio, mas o ritmo de corrida parece ok para amanh&atilde;. A Mercedes parece bem r&aacute;pida, ent&atilde;o eles ser&atilde;o fortes e espero que Valtteri escale o pelot&atilde;o, ent&atilde;o precisamos de uma boa largada. Acho que o desgaste do pneu &eacute; bem alto, por isso que a maioria de n&oacute;s est&aacute; come&ccedil;ando com o pneu m&eacute;dio, mas ser&aacute; interessante com Seb, que larga com os macios. Vamos dar tudo amanh&atilde; e tentar fazer algo acontecer&rdquo;.<\/div>\n<div>\n\t\t&nbsp;<\/div>\n<div>\n\t\t<strong>Lando Norris, sexto:<\/strong>&nbsp;<strong><a href=\"https:\/\/grandepremio.com\/br\/f1\/noticias\/norris-comemora-6-no-grid-em-abu-dhabi-nao-poderia-ter-sido-melhor\"><span>Norris celebra boa classifica&ccedil;&atilde;o em Abu Dhabi: &ldquo;N&atilde;o poderia ter sido melhor&rdquo;<\/span><\/a><\/strong><\/div>\n<div>\n<div class=\"imagem-noticia\">\n\t\t\t<img decoding=\"async\" src=\"https:\/\/www.grandepremio.com\/br\/wp-content\/uploads\/2019\/11\/201911301142907_redbull-alexanderalbon-07_II.jpg\" title=\"Alexander Albon (Foto: Getty Images\/Red Bull Content Pool)\" \/><\/div>\n<div class=\"legenda-imagem\">\n\t\t\t#iconeimagem Alexander Albon (Foto: Getty Images\/Red Bull Content Pool)<\/div><\/p><\/div>\n<div>\n\t\t<strong>Daniel Ricciardo, s&eacute;timo:<\/strong> &ldquo;Estou realmente feliz com a classifica&ccedil;&atilde;o de hoje. &Eacute; bom ter os dois carros no Q3. N&oacute;s demos uma boa volta por cima de sexta-feira e &eacute; disso que estou mais orgulhoso. O salto que fizemos foi realmente grande e encorajador e cr&eacute;dito ao time por trabalhar duro ao longo da noite. Hoje mais uma vez foi apertado, mas estamos na mistura do top-10. Tem um pouco de press&atilde;o na briga pelo quinto lugar e temos um trabalho a fazer. N&oacute;s entregamos hoje e agora temos de entregar amanh&atilde;&rdquo;.<\/div>\n<div>\n\t\t&nbsp;<\/div>\n<div>\n\t\t<strong>Carlos Sainz Jr., oitavo:<\/strong> &ldquo;Estou muito desapontado com a nona coloca&ccedil;&atilde;o, j&aacute; que fui muito forte no Q1 e no Q2. Eu estava ansioso para fazer outra volta no Q3, mas a volta de sa&iacute;da dos boxes foi longe do ideal. N&oacute;s nos colocamos em encrenca com a Mercedes e a Ferrari e a minha &uacute;ltima tentativa foi comprometida. &Eacute; uma pena, porque igualar meu tempo no Q2 facilmente nos daria a s&eacute;tima coloca&ccedil;&atilde;o. Espero uma corrida dura amanh&atilde; e precisamos mudar o foco rapidamente&rdquo;.<\/div>\n<div>\n\t\t&nbsp;<\/div>\n<div>\n\t\t<strong>Nico H&uuml;lkenberg, nono:<\/strong> &ldquo;Vamos aceitar o d&eacute;cimo de hoje. Fiquei feliz com as voltas que produzi hoje ao longo das tr&ecirc;s sess&otilde;es. No in&iacute;cio, foi um pouco complicado, estava buscando o feeling com o carro e fiz o melhor que podia. N&oacute;s est&aacute;vamos um pouco no contrap&eacute; depois de ontem, mas nos recuperamos bem e encontramos performance ao longo da noite e hoje. &Eacute; positivo para o time, com os dois carros no Q3. Acho que amanh&atilde; ser&aacute; apertado e empolgante. Estamos na briga pelo quinto lugar e tudo est&aacute; em jogo&rdquo;.<\/div>\n<div>\n\t\t&nbsp;<\/div>\n<div>\n\t\t<strong>Sergio P&eacute;rez, 10&ordm;:<\/strong> &ldquo;Infelizmente, perdi a traseira na curva 1 na mina &uacute;ltima volta, o que fez com que eu perdesse minha &uacute;ltima chance no Q2. Eu realmente n&atilde;o sei o que aconteceu. Com a puni&ccedil;&atilde;o para Bottas, devemos come&ccedil;ar no d&eacute;cimo lugar, o que n&atilde;o &eacute; ruim com uma escolha livre de pneus. Acho que podemos avan&ccedil;ar a partir da&iacute;, porque nosso ritmo de corrida deve ser r&aacute;pido. N&oacute;s s&oacute; queremos terminar a temporada em alta&rdquo;.<\/div>\n<div>\n\t\t&nbsp;<\/div>\n<div>\n\t\t<strong>Pierre Gasly, 11&ordm;:<\/strong> &ldquo;Foi uma classifica&ccedil;&atilde;o complicada em compara&ccedil;&atilde;o com o resto do fim de semana. n&oacute;s est&aacute;vamos escorregando bastante e n&atilde;o fomos t&atilde;o competitivos quanto nesta manh&atilde;. Vamos tentar entender a raz&atilde;o nesta noite, mas, no geral, n&atilde;o &eacute; ruim, pois largamos na 11&ordf; posi&ccedil;&atilde;o e temos uma escolha livre de pneus. Sab&iacute;amos que t&iacute;nhamos mais desgaste com o composto macio, ent&atilde;o tomara que isso jogue a nosso favor durante a corrida, j&aacute; que os long-runs pareceram fortes ontem&rdquo;.<\/div>\n<div>\n\t\t&nbsp;<\/div>\n<div>\n\t\t<strong>Lance Stroll, 12&ordm;:<\/strong> &ldquo;N&oacute;s n&atilde;o chegamos no Q3, mas acho que foi um bom esfor&ccedil;o do time. N&atilde;o fiquei feliz com a minha performance no Q1, mas ainda avancei ao Q2. Largar em 12&ordm; nos d&aacute; uma boa chance de um resultado s&oacute;lido amanh&atilde;. Podemos pensar bastante esta noite na estrat&eacute;gia e temos a escolha livre de pneus para largar amanh&atilde;. Talvez tivessem alguns d&eacute;cimos para melhorar no Q2, mas estou bem feliz indo para amanh&atilde;, pois sei que tenho um bom carro para as condi&ccedil;&otilde;es de corrida&rdquo;.<\/div>\n<div>\n\t\t&nbsp;<\/div>\n<div>\n\t\t<strong>Daniil Kvyat, 13&ordm;:<\/strong> &ldquo;O carro realmente n&atilde;o pareceu &oacute;timo hoje e estava escorregando na classifica&ccedil;&atilde;o. Eu realmente nunca encontrei uma boa ader&ecirc;ncia com os pneus e o carro n&atilde;o encaixou. A &uacute;nica volta decente que fiz foi a primeira do Q2, no resto tive uma sensa&ccedil;&atilde;o ruim com o carro. N&oacute;s esperamos que as coisas sejam melhores amanh&atilde;. A corrida &eacute; diferente da classifica&ccedil;&atilde;o, voc&ecirc; pode brincar com a estrat&eacute;gia e, se tudo correr bem, tem sempre a chance de subir no grid&rdquo;.<\/div>\n<div>\n\t\t&nbsp;<\/div>\n<div>\n\t\t<strong>Kevin Magnussen, 14&ordm;:<\/strong> &ldquo;Como sempre, n&atilde;o sab&iacute;amos o que esperar. &Eacute; dif&iacute;cil dizer, mas depois do TL1 e do TL2, Romain [Grosjean] mostrou um bom ritmo com o carro e eu estava muito otimista. Ele, obviamente, teve de voltar para o que eu estava usando. No fim, hoje os dois carros ca&iacute;ram para 15&ordm; e 16&ordm;. Isso n&atilde;o &eacute; bom, mas espero que possamos fazer algo amanh&atilde;. Vamos nos divertir um pouco e curtir a &uacute;ltima corrida da temporada. Vamos ver se conseguimos somar um ou dois pontos&rdquo;.<\/div>\n<div>\n\t\t&nbsp;<\/div>\n<div>\n\t\t<strong>Romain Grosjean, 15&ordm;:<\/strong> &ldquo;Foi muito apertado e muito distante hoje. Depois de tr&ecirc;s sess&otilde;es onde ficamos em sexto, s&eacute;timo e 11&ordm;, acho que est&aacute;vamos prontos para a classifica&ccedil;&atilde;o. N&oacute;s ach&aacute;vamos que poder&iacute;amos ficar entre d&eacute;cimo e 11&ordm;. Sa&iacute;mos e o carro simplesmente se comportou de maneira muito diferente. Obviamente, n&atilde;o usamos o mesmo pacote de ontem, com as mesmas temperaturas de pista, isso certamente n&atilde;o ajudou. Voc&ecirc; acerta as coisas, a&iacute; vai para a classifica&ccedil;&atilde;o e o carro simplesmente n&atilde;o se comporta do mesmo jeito. Estou desapontado com isso, mas n&atilde;o tem nada que os rapazes pudessem fazer. Fizemos o melhor trabalho que poder&iacute;amos. Estou ansioso pelo pr&oacute;ximo ano&rdquo;.<\/div>\n<div>\n\t\t<br \/>\n\t\t#GALERIA(9985)<br \/>\n\t\t&nbsp;<\/div>\n<div>\n\t\t<strong>Antonio Giovinazzi, 16&ordm;:<\/strong> &ldquo;O carro pareceu bem bom, mas faltou algo hoje. &Eacute; uma pena, j&aacute; que nosso ritmo de corrida n&atilde;o parece ruim, ent&atilde;o uma boa posi&ccedil;&atilde;o de largada teria ajudado. Ao inv&eacute;s disso, amanh&atilde; ser&aacute; um pouco desafiador: n&oacute;s precisamos de uma boa largada e tomar as decis&otilde;es estrat&eacute;gicas certas se quisermos recuperar algumas posi&ccedil;&otilde;es e voltar &agrave; briga&rdquo;.<\/div>\n<div>\n\t\t&nbsp;<\/div>\n<div>\n\t\t<strong>Kimi R&auml;ikk&ouml;nen, 17&ordm;:<\/strong> &ldquo;&Eacute; um resultado desapontador, j&aacute; que esper&aacute;vamos conseguir algo mais na classifica&ccedil;&atilde;o. O carro n&atilde;o perdeu muita velocidade em compara&ccedil;&atilde;o com o Brasil, mas n&atilde;o conseguimos encontrar a ader&ecirc;ncia de que precis&aacute;vamos em uma &uacute;nica volta. Tomara que seja mais f&aacute;cil na dist&acirc;ncia da corrida, para que possamos progredir na corrida. Ultrapassar aqui n&atilde;o &eacute; f&aacute;cil, especialmente onde largamos, mas vamos tentar&rdquo;.<\/div>\n<div>\n\t\t&nbsp;<\/div>\n<div>\n\t\t<strong>George Russell, 18&ordm;:<\/strong> &ldquo;Foi uma boa &uacute;ltima classifica&ccedil;&atilde;o para n&oacute;s. Antes do fim de semana, e depois de ontem, n&oacute;s estamos antecipando estar 1s atr&aacute;s do carro da frente. Acho que acabamos a tr&ecirc;s d&eacute;cimos, e a 1s do Q2. Voc&ecirc; tem de aproveitar as pequenas vit&oacute;rias e ficar satisfeito por ter feito o m&aacute;ximo com o carro. Amanh&atilde; daremos nosso melhor. &Eacute; nossa &uacute;ltima oportunidade at&eacute; o ano que vem&rdquo;.<\/div>\n<div>\n\t\t&nbsp;<\/div>\n<div>\n\t\t<strong>Robert Kubica, 19&ordm;:<\/strong> &ldquo;N&atilde;o foi uma sess&atilde;o f&aacute;cil. Tivemos um pequeno problema na primeira sa&iacute;da, ent&atilde;o perdi um pouco de confian&ccedil;a e conhecimento das condi&ccedil;&otilde;es. No fim, consegui uma volta razo&aacute;vel, mas foi a classifica&ccedil;&atilde;o como esperado e, infelizmente, o ritmo &eacute; o que &eacute;. A corrida &eacute; longa e n&oacute;s temos de garantir que faremos nosso melhor. Vai ser dif&iacute;cil, mas vamos ver o que acontece e tentar curtir amanh&atilde;&rdquo;.<\/div>\n<div>\n\t\t&nbsp;<\/div>\n<div>\n\t\t<strong>Valtteri Bottas, 20&ordm;: <a href=\"https:\/\/www.grandepremio.com\/br\/f1\/noticias\/punido-bottas-aposta-em-reacao-em-abu-dhabi-temos-um-carro-muito-bom\"><span>Punido, Bottas aposta em rea&ccedil;&atilde;o em Abu Dhabi: &ldquo;Temos um carro muito bom&rdquo;<\/span><\/a><\/strong><\/div>\n<div>\n\t\t&nbsp;<\/div>\n<div class=\"embed-responsive embed-responsive-16by9\">\n\t\t<\/div>\n<p><\/p>\n<table bgcolor=\"#E6E6E6\" border=\"0\" cellpadding=\"1\" cellspacing=\"1\" style=\"width: 100%\">\n<tbody>\n<tr>\n<td>\n<div>\n\t\t\t\t\t\t<b><span style=\"color:#FF0040\">Apoie o <strong> GRANDE PR&Ecirc;MIO<\/strong><\/span><\/b><span style=\"color:#FF0040\">: garanta o futuro do nosso jornalismo <\/span><br \/>\n\t\t\t\t\t\t<br \/>\n\t\t\t\t\t\tO<strong> GRANDE PR&Ecirc;MIO <\/strong>&eacute; a maior m&iacute;dia digital de esporte a motor do Brasil, na Am&eacute;rica Latina e em L&iacute;ngua Portuguesa, editorialmente independente. Nossa grande equipe produz conte&uacute;do di&aacute;rio e pensa em inova&ccedil;&otilde;es constantemente, e n&atilde;o s&oacute; na internet: uma das nossas atua&ccedil;&otilde;es est&aacute; na realiza&ccedil;&atilde;o de eventos, como a Copa GP de Kart. Assim, seu apoio &eacute; sempre importante.<br \/>\n\t\t\t\t\t\t<br \/>\n\t\t\t\t\t\t<a href=\"https:\/\/grandepremium.grandepremio.com\/br\/assine\" target=\"_blank\" rel=\"noopener noreferrer\">Assine o GRANDE PREMIUM<\/a>: veja os planos e o que oferecem, tenha &agrave; disposi&ccedil;&atilde;o uma s&eacute;rie de benef&iacute;cios e exper&ecirc;ncias exclusivas, e fa&ccedil;a parte de um grupo especial, a Scuderia GP, com debate em alto n&iacute;vel.<\/div>\n<\/td>\n<\/tr>\n<\/tbody>\n<\/table>\n<\/div>\n<p><\/p>\n","protected":false},"excerpt":{"rendered":"<p>Com 1min34s779, Lewis Hamilton cravou a pole para a &uacute;ltima etapa da temporada 2019 da F&oacute;rmula 1. 0s194 mais lento, Valtteri Bottas fez o segundo tempo, mas vai sair em &uacute;ltimo por troca de motor. Assim, Max Verstappen avan&ccedil;a para a primeira fila<\/p>\n","protected":false},"author":0,"featured_media":0,"comment_status":"closed","ping_status":"closed","sticky":false,"template":"","format":"standard","meta":{"42wp_featured_image_caption":"","42wp_featured_image_credits":"","42wp_featured_video":"","42wp_featured_image_hidden":false,"42wp_authors_list":[],"footnotes":""},"categories":[2],"tags":[457,209,147,84,207,119,1223,547,87,90,82,204,210,638,612,215,1901],"42wp_author":[47109],"class_list":["post-137405","post","type-post","status-publish","format-standard","hentry","category-f1","tag-alfa-romeo","tag-charles-leclerc","tag-f1","tag-f1-2019","tag-ferrari","tag-haas","tag-horrio-f1-2019","tag-lando-norris","tag-lewis-hamilton","tag-mclaren","tag-mercedes","tag-red-bull","tag-sebastian-vettel","tag-toro-rosso","tag-valtteri-bottas","tag-williams","tag-yas-marina","42wp_author-redacao-gp"],"_links":{"self":[{"href":"https:\/\/grandepremio.com\/br\/wp-json\/wp\/v2\/posts\/137405","targetHints":{"allow":["GET"]}}],"collection":[{"href":"https:\/\/grandepremio.com\/br\/wp-json\/wp\/v2\/posts"}],"about":[{"href":"https:\/\/grandepremio.com\/br\/wp-json\/wp\/v2\/types\/post"}],"replies":[{"embeddable":true,"href":"https:\/\/grandepremio.com\/br\/wp-json\/wp\/v2\/comments?post=137405"}],"version-history":[{"count":0,"href":"https:\/\/grandepremio.com\/br\/wp-json\/wp\/v2\/posts\/137405\/revisions"}],"wp:attachment":[{"href":"https:\/\/grandepremio.com\/br\/wp-json\/wp\/v2\/media?parent=137405"}],"wp:term":[{"taxonomy":"category","embeddable":true,"href":"https:\/\/grandepremio.com\/br\/wp-json\/wp\/v2\/categories?post=137405"},{"taxonomy":"post_tag","embeddable":true,"href":"https:\/\/grandepremio.com\/br\/wp-json\/wp\/v2\/tags?post=137405"},{"taxonomy":"42wp_author","embeddable":true,"href":"https:\/\/grandepremio.com\/br\/wp-json\/wp\/v2\/42wp_author?post=137405"}],"curies":[{"name":"wp","href":"https:\/\/api.w.org\/{rel}","templated":true}]}}