{"id":137460,"date":"2019-04-23T15:53:00","date_gmt":"2019-04-23T18:53:00","guid":{"rendered":"https:\/\/grandepremio.com\/br\/noticias\/de-entrada-no-mundo-dos-veiculos-eletricos-harley-davidson-anuncia-parceria-com-virgin-na-formula-e\/"},"modified":"2020-05-12T20:23:23","modified_gmt":"2020-05-12T23:23:23","slug":"de-entrada-no-mundo-dos-veiculos-eletricos-harley-davidson-anuncia-parceria-com-virgin-na-formula-e","status":"publish","type":"post","link":"https:\/\/grandepremio.com\/br\/formula-e\/de-entrada-no-mundo-dos-veiculos-eletricos-harley-davidson-anuncia-parceria-com-virgin-na-formula-e\/","title":{"rendered":"De entrada no mundo dos ve\u00edculos el\u00e9tricos, Harley-Davidson anuncia parceria com Virgin na F\u00f3rmula E"},"content":{"rendered":"\n<div style=\"float: left;margin-right: 15px;margin-bottom:15px\">\n\t<\/div>\n<p>A Harley-Davidson, gigante marca das motos, est&aacute; de entrada na <a href=\"https:\/\/www.grandepremio.com\/br\/formula-e\">F&oacute;rmula E<\/a>. A companhia norte-americana anunciou nesta ter&ccedil;a-feira (23) um acordo com a Virgin para se tornar patrocinadora da atual segunda colocada no Campeonato de Equipes do campeonato dos b&oacute;lidos el&eacute;tricos.&nbsp;<\/p>\n<div>\n\t&nbsp;<\/div>\n<div>\n\tO acordo foi descrito como multianual e acontece quando a Harley-Davidson acerta os &uacute;ltimos detalhes para lan&ccedil;ar, ainda em 2019, sua primeira moto el&eacute;trica: a LiveWire. E j&aacute; avisou que ir&aacute; produzir outros modelos movidos por tecnologia EV.<\/div>\n<div>\n\t&nbsp;<\/div>\n<div>\n\tSylvain Filippi, diretor-esportivo da <a href=\"https:\/\/www.grandepremio.com\/br\/busca?s=Virgin\">Virgin<\/a>, comemorou o novo acordo. &quot;Estamos encantados de dar as boas-vindas a uma marca t&atilde;o ic&ocirc;nica quanto a Harley-Davidson ao nosso grupo de patrocinadores. Assim como n&oacute;s, a Harley-Davidson divide a paix&atilde;o pelo desenvolvimento da tecnologia de vanguarda e a mobilidade sustent&aacute;vel. Juntos podemos ajudar a demonstrar efeito sobre duas e quatro rodas&quot;, avaliou.<\/div>\n<div>\n\t&nbsp;<\/div>\n<div>\n\tJ&aacute; o vice-presidente de planejamento e produtos da Harley-Davidson, Marc McAllister, exaltou a import&acirc;ncia da mobilidade el&eacute;trica para um futuro que j&aacute; chegou.&nbsp;<\/div>\n<div>\n<div class=\"imagem-noticia\">\n\t\t<img decoding=\"async\" src=\"https:\/\/www.grandepremio.com\/br\/wp-content\/uploads\/2019\/04\/2019413740356_Sam-Bird-Formula-E-Roma-Virgin_II.jpg\" title=\"Sam Bird (Foto: Virgin)\" \/><\/div>\n<div class=\"legenda-imagem\">\n\t\t#iconeimagem Sam Bird (Foto: Virgin)<\/div>\n<\/div>\n<div style=\"float: left;margin-right: 15px;margin-bottom:15px\">\n<div id=\"banner-300x250-area\">\n<p>window.uolads.push({ id: &#8220;banner-300&#215;250-area&#8221; });<\/p><\/div>\n<\/div>\n<p>&quot;Os ve&iacute;culos el&eacute;tricos est&atilde;o na vanguarda das conversas de mobilidade mundialmente falando e esse futuro est&aacute; acontecendo agora. Estamos muito emocionados de nos associarmos &agrave; Virgin, uma das principais propulsoras da F&oacute;rmula E, a express&atilde;o m&aacute;xima do automobilismo el&eacute;trico&quot;, argumentou.<\/p>\n<div>\n\t&nbsp;<\/div>\n<div>\n\t&quot;A paix&atilde;o, o profissionalismo e o compromisso da equipe com os ve&iacute;culos el&eacute;tricos coincide com o nosso e ser&aacute; incrivelmente emocionante trabalhar com eles&quot;, finalizou.<\/div>\n<div>\n\t&nbsp;<\/div>\n<div>\n\tA Virgin &eacute; uma das sete equipes que j&aacute; venceram nesta temporada: <a href=\"https:\/\/www.grandepremio.com\/br\/formula-e\/noticias\/bird-vence-ep-de-santiago-para-se-tornar-unico-piloto-a-ganhar-corridas-nas-cinco-temporadas-da-fe\">em Santiago<\/a>, com <a href=\"https:\/\/www.grandepremio.com\/br\/busca?s=Sam%20Bird\">Sam Bird<\/a>.<\/div>\n<div>\n\t&nbsp;<\/div>\n<div>\n\tVeja os <a href=\"https:\/\/www.grandepremio.com\/br\/formula-e\/horario-da-formula-e-2019\">hor&aacute;rios da F&oacute;rmula E no fim de semana do eP de Paris<\/a>.<\/div>\n<p><\/p>\n<div class=\"embed-responsive embed-responsive-16by9\">\n\t<\/div>\n","protected":false},"excerpt":{"rendered":"<p>A Harley-Davidson est&aacute; chegando para a F&oacute;rmula E. Vai ser como patrocinadora da Virgin num 2019 que ainda vai marcar a chegada da primeira moto el&eacute;trica da marca norte-americana no mercado<\/p>\n","protected":false},"author":0,"featured_media":0,"comment_status":"closed","ping_status":"closed","sticky":false,"template":"","format":"standard","meta":{"42wp_featured_image_caption":"","42wp_featured_image_credits":"","42wp_featured_video":"","42wp_featured_image_hidden":false,"42wp_authors_list":[],"footnotes":""},"categories":[19],"tags":[379,840,1431,639],"42wp_author":[47109],"class_list":["post-137460","post","type-post","status-publish","format-standard","hentry","category-formula-e","tag-fe","tag-formula-e","tag-formula-e-2019","tag-virgin","42wp_author-redacao-gp"],"_links":{"self":[{"href":"https:\/\/grandepremio.com\/br\/wp-json\/wp\/v2\/posts\/137460","targetHints":{"allow":["GET"]}}],"collection":[{"href":"https:\/\/grandepremio.com\/br\/wp-json\/wp\/v2\/posts"}],"about":[{"href":"https:\/\/grandepremio.com\/br\/wp-json\/wp\/v2\/types\/post"}],"replies":[{"embeddable":true,"href":"https:\/\/grandepremio.com\/br\/wp-json\/wp\/v2\/comments?post=137460"}],"version-history":[{"count":0,"href":"https:\/\/grandepremio.com\/br\/wp-json\/wp\/v2\/posts\/137460\/revisions"}],"wp:attachment":[{"href":"https:\/\/grandepremio.com\/br\/wp-json\/wp\/v2\/media?parent=137460"}],"wp:term":[{"taxonomy":"category","embeddable":true,"href":"https:\/\/grandepremio.com\/br\/wp-json\/wp\/v2\/categories?post=137460"},{"taxonomy":"post_tag","embeddable":true,"href":"https:\/\/grandepremio.com\/br\/wp-json\/wp\/v2\/tags?post=137460"},{"taxonomy":"42wp_author","embeddable":true,"href":"https:\/\/grandepremio.com\/br\/wp-json\/wp\/v2\/42wp_author?post=137460"}],"curies":[{"name":"wp","href":"https:\/\/api.w.org\/{rel}","templated":true}]}}