{"id":137572,"date":"2019-11-28T08:28:00","date_gmt":"2019-11-28T11:28:00","guid":{"rendered":"https:\/\/grandepremio.com\/br\/noticias\/consultor-diz-que-red-bull-ja-negocia-ampliacao-de-vinculo-com-honda\/"},"modified":"2020-05-15T06:18:10","modified_gmt":"2020-05-15T09:18:10","slug":"consultor-diz-que-red-bull-ja-negocia-ampliacao-de-vinculo-com-honda","status":"publish","type":"post","link":"https:\/\/grandepremio.com\/br\/f1\/consultor-diz-que-red-bull-ja-negocia-ampliacao-de-vinculo-com-honda\/","title":{"rendered":"Consultor diz que Red Bull j\u00e1 negocia amplia\u00e7\u00e3o de v\u00ednculo com Honda"},"content":{"rendered":"\n<div>\n\tHelmut Marko afirmou que a Red Bull j&aacute; est&aacute; negociando com a Honda uma renova&ccedil;&atilde;o de contrato para al&eacute;m da temporada 2021 da <strong><a href=\"https:\/\/grandepremio.com\/br\/f1\"><span>F&oacute;rmula 1<\/span><\/a><\/strong>. Na quarta-feira, a <strong><a href=\"https:\/\/grandepremio.com\/br\/f1\/noticias\/honda-confirma-permanencia-na-f1-em-2021-com-red-bull-e-futura-alphatauri\"><span>escuderia dos energ&eacute;ticos e a montadora japonesa anunciaram a amplia&ccedil;&atilde;o do contrato de fornecimento de motores por mais um ano<\/span><\/a><\/strong>.<\/div>\n<div>\n\t&nbsp;<\/div>\n<div>\n\t&ldquo;Isso &eacute; um grande al&iacute;vio para n&oacute;s&rdquo;, disse Marko em entrevista &agrave; austr&iacute;aca Servus TV. &ldquo;N&oacute;s estamos muito satisfeitos com a Honda&rdquo;, seguiu.<\/div>\n<div>\n\t&nbsp;<\/div>\n<div>\n\tAinda, Marko revelou que j&aacute; iniciou as negocia&ccedil;&otilde;es para ampliar o v&iacute;nculo com a Honda para al&eacute;m de 2021.<\/div>\n<div>\n<div class=\"imagem-noticia\">\n\t\t<img decoding=\"async\" src=\"https:\/\/www.grandepremio.com\/br\/wp-content\/uploads\/2019\/11\/20196487437_Marko_II.jpg\" title=\"Helmut Marko (Foto: Red Bull)\" \/><\/div>\n<div class=\"legenda-imagem\">\n\t\t#iconeimagem Helmut Marko (Foto: Red Bull)<\/div>\n<\/div>\n<table bgcolor=\"#add8e6<\/p>\n<p>&#8221; border=&#8221;1&#8243; cellpadding=&#8221;1&#8243; cellspacing=&#8221;1&#8243; style=&#8221;width: 100%&#8221;><\/p>\n<tbody>\n<tr>\n<td>\n\t\t\t\t<span style=\"color:#000000\"><span style=\"font-size:18px\"><strong>Paddockast # 43<br \/>\n\t\t\t\tQUAL FOI O MELHOR GP DO BRASIL QUE VOC&Ecirc; ASSISTIU?<\/strong><\/span><\/span><br \/>\n\t\t\t\t<br \/>\n\t\t\t\tOu&ccedil;a: <a href=\"http:\/\/open.spotify.com\/show\/5OBbp8MzxQymoyneX4IviF?si=gYqPr53GSaa-AcxFpOzJHg\">Spotify<\/a> | <a href=\"http:\/\/podcasts.apple.com\/br\/podcast\/paddockast\/id1371540198\">iTunes<\/a> | <a href=\"http:\/\/www.subscribeonandroid.com\/www.central3.com.br\/category\/podcasts\/paddockast\/feed\/podcast\/\">Android<\/a> | <a href=\"http:\/\/player.fm\/series\/paddockast\">playerFM<\/a><\/td>\n<\/tr>\n<\/tbody>\n<\/table>\n<p><\/p>\n<div style=\"float: left;margin-right: 15px;margin-bottom:15px\">\n\t<\/div>\n<div>\n\t&ldquo;N&oacute;s j&aacute; estamos conversando com a Honda sobre a colabora&ccedil;&atilde;o adicional em 2022 e 2023&rdquo;, contou. &ldquo;Isso depende em grande parte da economia de custos, mas a FIA agora est&aacute; come&ccedil;ando a reconhecer isso&rdquo;, comentou.<\/div>\n<div>\n\t&nbsp;<\/div>\n<div>\n\t&ldquo;Eles manifestaram a inten&ccedil;&atilde;o de congelar os motores a partir de 2021. Isso garantiria que o desenvolvimento ficaria quase estagnado e os custos tamb&eacute;m poderiam ser drasticamente reduzidos&rdquo;, ponderou.<\/div>\n<div>\n\t&nbsp;<\/div>\n<div>\n\tPor fim, Marko ressaltou que a <strong><a href=\"https:\/\/grandepremio.com\/br\/f1\/noticias\/sendo-sustentavel-ficamos-honda-condiciona-futuro-a-fator-financeiro-e-vitorias\"><span>discuss&atilde;o sobre os custos de desenvolvimento do motor ser&atilde;o decisivos para o futuro da Honda na F1<\/span><\/a><\/strong>.<\/div>\n<div>\n\t&nbsp;<\/div>\n<div>\n\t&ldquo;Isso pode, de fato, se provar crucial para a Honda e permitiria uma colabora&ccedil;&atilde;o maior&rdquo;, concluiu.<\/div>\n<div>\n\t&nbsp;<\/div>\n<div class=\"embed-responsive embed-responsive-16by9\">\n\t<\/div>\n<p><\/p>\n<p><\/p>\n","protected":false},"excerpt":{"rendered":"<p>Consultor da Red Bull, Helmut Marko afirmou que a escuderia dos energ&eacute;ticos j&aacute; est&aacute; conversando com a Honda sobre 2022 e 2023. O dirigente lembrou, no entanto, que o controle dos gastos pode ser decisivo na escolha da montadora nip&ocirc;nica<\/p>\n","protected":false},"author":0,"featured_media":0,"comment_status":"closed","ping_status":"closed","sticky":false,"template":"","format":"standard","meta":{"42wp_featured_image_caption":"","42wp_featured_image_credits":"","42wp_featured_video":"","42wp_featured_image_hidden":false,"42wp_authors_list":[],"footnotes":""},"categories":[2],"tags":[147,84,258,1223,204,1901],"42wp_author":[47109],"class_list":["post-137572","post","type-post","status-publish","format-standard","hentry","category-f1","tag-f1","tag-f1-2019","tag-helmut-marko","tag-horrio-f1-2019","tag-red-bull","tag-yas-marina","42wp_author-redacao-gp"],"_links":{"self":[{"href":"https:\/\/grandepremio.com\/br\/wp-json\/wp\/v2\/posts\/137572","targetHints":{"allow":["GET"]}}],"collection":[{"href":"https:\/\/grandepremio.com\/br\/wp-json\/wp\/v2\/posts"}],"about":[{"href":"https:\/\/grandepremio.com\/br\/wp-json\/wp\/v2\/types\/post"}],"replies":[{"embeddable":true,"href":"https:\/\/grandepremio.com\/br\/wp-json\/wp\/v2\/comments?post=137572"}],"version-history":[{"count":0,"href":"https:\/\/grandepremio.com\/br\/wp-json\/wp\/v2\/posts\/137572\/revisions"}],"wp:attachment":[{"href":"https:\/\/grandepremio.com\/br\/wp-json\/wp\/v2\/media?parent=137572"}],"wp:term":[{"taxonomy":"category","embeddable":true,"href":"https:\/\/grandepremio.com\/br\/wp-json\/wp\/v2\/categories?post=137572"},{"taxonomy":"post_tag","embeddable":true,"href":"https:\/\/grandepremio.com\/br\/wp-json\/wp\/v2\/tags?post=137572"},{"taxonomy":"42wp_author","embeddable":true,"href":"https:\/\/grandepremio.com\/br\/wp-json\/wp\/v2\/42wp_author?post=137572"}],"curies":[{"name":"wp","href":"https:\/\/api.w.org\/{rel}","templated":true}]}}