{"id":137587,"date":"2019-11-27T16:00:00","date_gmt":"2019-11-27T19:00:00","guid":{"rendered":"https:\/\/grandepremio.com\/br\/noticias\/preocupacao-de-hamilton-com-mundo-ao-seu-redor-e-algo-que-nao-vemos-nos-pilotos\/"},"modified":"2020-05-12T10:35:52","modified_gmt":"2020-05-12T13:35:52","slug":"preocupacao-de-hamilton-com-mundo-ao-seu-redor-e-algo-que-nao-vemos-nos-pilotos","status":"publish","type":"post","link":"https:\/\/grandepremio.com\/br\/f1\/preocupacao-de-hamilton-com-mundo-ao-seu-redor-e-algo-que-nao-vemos-nos-pilotos\/","title":{"rendered":"Preocupa\u00e7\u00e3o de Hamilton com mundo ao seu redor \u00e9 algo que &#8220;n\u00e3o vemos nos pilotos&#8221;"},"content":{"rendered":"\n<div class=\"embed-responsive embed-responsive-16by9\">\n\t<\/div>\n<div class=\"legenda-imagem\">\n\t#iconeimagem Lewis Hamilton tem se mostrado um piloto cada vez mais engajado e interessado em assuntos sociais e importantes. No <strong>PADDOCK GP #187<\/strong>, os comentaristas da mesa apontaram que a postura do ingl&ecirc;s n&atilde;o &eacute; algo comum entre esportistas. <strong>ASSISTA<\/strong><br \/>\n\t<\/p>\n<div><\/div>\n<\/div>\n<p><\/p>\n","protected":false},"excerpt":{"rendered":"<p>Preocupa&ccedil;&atilde;o com o ambiente e exposi&ccedil;&atilde;o do lado pessoal: Lewis Hamilton tem se mostrado uma pessoa cada vez mais engajada. Os jornalistas do Paddock GP veem a atitude como positiva, indicando que grande parte dos esportistas n&atilde;o mostra tamanha preocupa&ccedil;&atilde;o<\/p>\n","protected":false},"author":0,"featured_media":0,"comment_status":"closed","ping_status":"closed","sticky":false,"template":"","format":"standard","meta":{"42wp_featured_image_caption":"","42wp_featured_image_credits":"","42wp_featured_video":"","42wp_featured_image_hidden":false,"42wp_authors_list":[],"footnotes":""},"categories":[2],"tags":[147,84,87,82,1537,1805,1291],"42wp_author":[47109],"class_list":["post-137587","post","type-post","status-publish","format-standard","hentry","category-f1","tag-f1","tag-f1-2019","tag-lewis-hamilton","tag-mercedes","tag-paddock-gp","tag-sustentabilidade","tag-temporada-2019-f1","42wp_author-redacao-gp"],"_links":{"self":[{"href":"https:\/\/grandepremio.com\/br\/wp-json\/wp\/v2\/posts\/137587","targetHints":{"allow":["GET"]}}],"collection":[{"href":"https:\/\/grandepremio.com\/br\/wp-json\/wp\/v2\/posts"}],"about":[{"href":"https:\/\/grandepremio.com\/br\/wp-json\/wp\/v2\/types\/post"}],"replies":[{"embeddable":true,"href":"https:\/\/grandepremio.com\/br\/wp-json\/wp\/v2\/comments?post=137587"}],"version-history":[{"count":0,"href":"https:\/\/grandepremio.com\/br\/wp-json\/wp\/v2\/posts\/137587\/revisions"}],"wp:attachment":[{"href":"https:\/\/grandepremio.com\/br\/wp-json\/wp\/v2\/media?parent=137587"}],"wp:term":[{"taxonomy":"category","embeddable":true,"href":"https:\/\/grandepremio.com\/br\/wp-json\/wp\/v2\/categories?post=137587"},{"taxonomy":"post_tag","embeddable":true,"href":"https:\/\/grandepremio.com\/br\/wp-json\/wp\/v2\/tags?post=137587"},{"taxonomy":"42wp_author","embeddable":true,"href":"https:\/\/grandepremio.com\/br\/wp-json\/wp\/v2\/42wp_author?post=137587"}],"curies":[{"name":"wp","href":"https:\/\/api.w.org\/{rel}","templated":true}]}}