{"id":137627,"date":"2019-11-26T14:06:00","date_gmt":"2019-11-26T17:06:00","guid":{"rendered":"https:\/\/grandepremio.com\/br\/noticias\/apos-queda-marquez-passa-por-cirurgia-em-ombro-e-so-volta-em-2020\/"},"modified":"2020-05-15T06:36:10","modified_gmt":"2020-05-15T09:36:10","slug":"apos-queda-marquez-passa-por-cirurgia-em-ombro-e-so-volta-em-2020","status":"publish","type":"post","link":"https:\/\/grandepremio.com\/br\/motogp\/apos-queda-marquez-passa-por-cirurgia-em-ombro-e-so-volta-em-2020\/","title":{"rendered":"Ap\u00f3s queda, M\u00e1rquez passa por cirurgia em ombro e s\u00f3 volta em 2020"},"content":{"rendered":"\n<div>\n\tMarc M&aacute;rquez vai para a mesa de cirurgia. O campe&atilde;o mundial de 2019 no Mundial de Motovelocidade ir&aacute; passar por um procedimento cir&uacute;rgico na pr&oacute;xima quarta-feira, dia 27 de novembro, em Barcelona. A causa da cirurgia &eacute; um <a href=\"https:\/\/www.grandepremio.com\/br\/motogp\/noticias\/marquez-desloca-ombro-apos-queda-em-teste-de-jerez-e-culpa-poca-dagua\">deslocamento no ombro direito<\/a> que sofreu ap&oacute;s queda no primeiro dia de testes coletivos da MotoGP em Jerez, na &uacute;ltima segunda-feira.<\/div>\n<div>\n\t&nbsp;<\/div>\n<div>\n\tFoi a Honda quem confirmou, por meio de breve comunicado, a decis&atilde;o de M&aacute;rquez passar pela cirurgia que termina com a participa&ccedil;&atilde;o do piloto nas pistas em 2019. Agora, s&oacute; em 2020.&nbsp;<\/div>\n<div>\n\t&nbsp;<\/div>\n<div>\n\t&quot;A opera&ccedil;&atilde;o ser&aacute; realizada para evitar que haja maiores e piores consequ&ecirc;ncias num ombro que deslocou duas vezes nas &uacute;ltimas semanas&quot;, comunicou.<\/div>\n<div>\n<div class=\"imagem-noticia\">\n\t\t<img decoding=\"async\" src=\"https:\/\/www.grandepremio.com\/br\/wp-content\/uploads\/2019\/11\/201911261313510_00JerezTestPr20MgpREPSOL_JR2376_II.jpg\" title=\"Marc M\u00e1rquez (Foto: Repsol)\" \/><\/div>\n<div class=\"legenda-imagem\">\n\t\t#iconeimagem Marc M&aacute;rquez (Foto: Repsol)<\/div>\n<\/div>\n<div>\n\tA queda de M&aacute;rquez aconteceu ainda na manh&atilde; da segunda-feira. Ap&oacute;s come&ccedil;ar o dia com a moto de 2019, Marc partiu para andar com o chassi de 2020 &#8211; maior diferen&ccedil;a do conjunto do ano que vem da f&aacute;brica japonesa. Segundo Marc, uma po&ccedil;a d&#039;&aacute;gua na pista espanhola causou o desequil&iacute;brio e queda.&nbsp;<\/div>\n<div>\n\t&nbsp;<\/div>\n<div>\n\t&quot;Foi erro meu, mas sa&iacute; na curva cinco, curva nove e curva 13, onde fora do tra&ccedil;ado tinha uma po&ccedil;a d&#039;&aacute;gua, especialmente pela manh&atilde;. Sa&iacute; reto, n&atilde;o estava t&atilde;o r&aacute;pido porque tinha desistido [da volta] e passei por aquela parte molhada e perdi a frente. O problema foi que eu rolei at&eacute; a grama a n&atilde;o estava numa posi&ccedil;&atilde;o boa, ent&atilde;o tive uma subluxa&ccedil;&atilde;o do ombro. Por isso, fui ao centro m&eacute;dico&quot;, disse ap&oacute;s o acidente.<\/div>\n<div>\n\t&nbsp;<\/div>\n<div>\n\t&Eacute; um final contrastante com o fato de 2019 ter sido seu ano com menos quedas na carreira: apenas 14.<\/div>\n<div>\n\t&nbsp;<\/div>\n<div>\n\tNa temporada 2020, Marc contar&aacute; com o irm&atilde;o, &Aacute;lex M&aacute;rquez, campe&atilde;o da Moto2, como companheiro de equipe na Honda.&nbsp;<\/div>\n<p>&nbsp;<\/p>\n<div class=\"embed-responsive embed-responsive-16by9\">\n\t<\/div>\n<p><\/p>\n<table bgcolor=\"#990033\" border=\"1\" cellpadding=\"1\" cellspacing=\"1\" style=\"width: 100%\">\n<\/table>\n<table bgcolor=\"#BD728C\" border=\"1\" cellpadding=\"1\" cellspacing=\"1\" style=\"width: 100%\">\n<tbody>\n<tr>\n<td>\n\t\t\t\t<span style=\"color:#000000\"><span style=\"font-size:18px\"><strong>Paddockast #42<br \/>\n\t\t\t\tQUEM &Eacute; VOC&Ecirc; NO GP DO BRASIL?<\/strong><\/span><br \/>\n\t\t\t\t<br \/>\n\t\t\t\tOu&ccedil;a:<\/span> <a href=\"http:\/\/open.spotify.com\/show\/5OBbp8MzxQymoyneX4IviF?si=gYqPr53GSaa-AcxFpOzJHg\"><span style=\"color:#000080\">Spotify<\/span><\/a><span style=\"color:#000080\"> <\/span><span style=\"color:#000000\">|<\/span> <a href=\"http:\/\/podcasts.apple.com\/br\/podcast\/paddockast\/id1371540198\"><span style=\"color:#000080\">iTunes<\/span><\/a><span style=\"color:#000080\"> <\/span><span style=\"color:#000000\">|<\/span> <a href=\"http:\/\/www.subscribeonandroid.com\/www.central3.com.br\/category\/podcasts\/paddockast\/feed\/podcast\/\"><span style=\"color:#000080\">Android<\/span><\/a><span style=\"color:#000080\"> <\/span><span style=\"color:#000000\">|<\/span> <a href=\"http:\/\/player.fm\/series\/paddockast\"><span style=\"color:#000080\">playerFM<\/span><\/a><\/td>\n<\/tr>\n<\/tbody>\n<\/table>\n<p><\/p>\n<p><\/p>\n","protected":false},"excerpt":{"rendered":"<p>Chegou o fim da linha para a temporada 2019 de Marc M&aacute;rquez. Campe&atilde;o da MotoGP mais uma vez, o espanhol sofreu uma queda nos testes coletivos de Jerez, na &uacute;ltima segunda-feira, e deslocou o ombro direito. A decis&atilde;o dele e da Honda foi pela cirurgia, marcada para a quarta-feira<\/p>\n","protected":false},"author":0,"featured_media":0,"comment_status":"closed","ping_status":"closed","sticky":false,"template":"","format":"standard","meta":{"42wp_featured_image_caption":"","42wp_featured_image_credits":"","42wp_featured_video":"","42wp_featured_image_hidden":false,"42wp_authors_list":[],"footnotes":""},"categories":[8],"tags":[2090,862,130,1690,1300,1657,2072],"42wp_author":[47109],"class_list":["post-137627","post","type-post","status-publish","format-standard","hentry","category-motogp","tag-alex-marquez","tag-cirurgia","tag-honda","tag-jerez","tag-marc-marquez","tag-moto-gp-2019","tag-queda","42wp_author-redacao-gp"],"_links":{"self":[{"href":"https:\/\/grandepremio.com\/br\/wp-json\/wp\/v2\/posts\/137627","targetHints":{"allow":["GET"]}}],"collection":[{"href":"https:\/\/grandepremio.com\/br\/wp-json\/wp\/v2\/posts"}],"about":[{"href":"https:\/\/grandepremio.com\/br\/wp-json\/wp\/v2\/types\/post"}],"replies":[{"embeddable":true,"href":"https:\/\/grandepremio.com\/br\/wp-json\/wp\/v2\/comments?post=137627"}],"version-history":[{"count":0,"href":"https:\/\/grandepremio.com\/br\/wp-json\/wp\/v2\/posts\/137627\/revisions"}],"wp:attachment":[{"href":"https:\/\/grandepremio.com\/br\/wp-json\/wp\/v2\/media?parent=137627"}],"wp:term":[{"taxonomy":"category","embeddable":true,"href":"https:\/\/grandepremio.com\/br\/wp-json\/wp\/v2\/categories?post=137627"},{"taxonomy":"post_tag","embeddable":true,"href":"https:\/\/grandepremio.com\/br\/wp-json\/wp\/v2\/tags?post=137627"},{"taxonomy":"42wp_author","embeddable":true,"href":"https:\/\/grandepremio.com\/br\/wp-json\/wp\/v2\/42wp_author?post=137627"}],"curies":[{"name":"wp","href":"https:\/\/api.w.org\/{rel}","templated":true}]}}