{"id":137664,"date":"2019-11-25T13:45:00","date_gmt":"2019-11-25T16:45:00","guid":{"rendered":"https:\/\/grandepremio.com\/br\/noticias\/sem-comemorar-vitoria-no-podio-fraga-diz-que-importante-e-levar-os-pontos\/"},"modified":"2020-05-15T06:59:08","modified_gmt":"2020-05-15T09:59:08","slug":"sem-comemorar-vitoria-no-podio-fraga-diz-que-importante-e-levar-os-pontos","status":"publish","type":"post","link":"https:\/\/grandepremio.com\/br\/stock-car\/sem-comemorar-vitoria-no-podio-fraga-diz-que-importante-e-levar-os-pontos\/","title":{"rendered":"Sem comemorar vit\u00f3ria no p\u00f3dio, Fraga diz que &#8220;importante \u00e9 levar os pontos&#8221;"},"content":{"rendered":"\n<p>N&atilde;o teve festa no topo do p&oacute;dio, mas eve vit&oacute;ria e sobreviv&ecirc;ncia na briga pelo t&iacute;tulo: a passagem de Felipe Fraga por Goi&acirc;nia no &uacute;sltimo final de semana foi com esse roteiro.<br \/>\n<br \/>\nDepois da sexta coloca&ccedil;&atilde;o na corrida 1, ele conquistou a vit&oacute;ria na prova que encerrou a etapa. O problma &eacute; que n&atilde;o na pista &#8211; mas, sim, horas depois, quando Ricardo Maur&iacute;cio foi punido por irregularidade t&eacute;cnica e perdeu o triunfo.<br \/>\n<br \/>\nPara Fraga, isso significou a manuten&ccedil;&atilde;o como sexto homem na disputa pelo t&iacute;tulo em Interlagos, na &uacute;ltima etapa do ano, dia 15 de dezembro. Ele foi a 283 pontos, empatada com J&uacute;lio Campos, contra os 335 do l&iacute;der Daniel Serra. Como a vit&oacute;ria em S&atilde;o Paulo vale 60 pontos, vale a pena seguir tentando.<br \/>\n<br \/>\n&quot;Obviamente a gente gosta de comemorar a vit&oacute;ria no topo do p&oacute;dio, mas o importante &eacute; levar para casa mais 24 pontos do primeiro lugar desta prova 2 e tamb&eacute;m conquistar mais uma vit&oacute;ria. Queria tamb&eacute;m agradecer aos f&atilde;s pelo Fan Push, que foi decisivo na manobra na reta de chegada na &uacute;ltima volta e que acabou valendo a vit&oacute;ria&quot;, comentou, lembrando a passagem sobre Valdeno Brito.<\/p>\n<div class=\"imagem-noticia\">\n\t<img decoding=\"async\" src=\"https:\/\/www.grandepremio.com\/br\/wp-content\/uploads\/2019\/11\/201911251327399_Domingo29_II.jpg\" title=\"Felipe Fraga herda vit\u00f3ria em Goi\u00e2nia na corrida 2 (Foto: Duda Bairros\/Vicar)\" \/><\/div>\n<div class=\"legenda-imagem\">\n\t#iconeimagem Felipe Fraga herda vit&oacute;ria em Goi&acirc;nia na corrida 2 (Foto: Duda Bairros\/Vicar)<\/div>\n<table bgcolor=\"#add8e6<\/p>\n<p>&#8221; border=&#8221;1&#8243; cellpadding=&#8221;1&#8243; cellspacing=&#8221;1&#8243; style=&#8221;width: 100%&#8221;><\/p>\n<tbody>\n<tr>\n<td>\n\t\t\t\t<span style=\"color:#000000\"><span style=\"font-size:18px\"><strong>Paddockast # 43<br \/>\n\t\t\t\tQUAL FOI O MELHOR GP DO BRASIL QUE VOC&Ecirc; ASSISTIU?<\/strong><\/span><\/span><br \/>\n\t\t\t\t<br \/>\n\t\t\t\tOu&ccedil;a: <a href=\"http:\/\/open.spotify.com\/show\/5OBbp8MzxQymoyneX4IviF?si=gYqPr53GSaa-AcxFpOzJHg\">Spotify<\/a> | <a href=\"http:\/\/podcasts.apple.com\/br\/podcast\/paddockast\/id1371540198\">iTunes<\/a> | <a href=\"http:\/\/www.subscribeonandroid.com\/www.central3.com.br\/category\/podcasts\/paddockast\/feed\/podcast\/\">Android<\/a> | <a href=\"http:\/\/player.fm\/series\/paddockast\">playerFM<\/a><\/td>\n<\/tr>\n<\/tbody>\n<\/table>\n<p><\/p>\n<div style=\"float: left;margin-right: 15px;margin-bottom:15px\">\n\t<\/div>\n<div>\n\tEle tamb&eacute;m valorizou o trabalho dos mec&acirc;nicos da Cimed, que salvaram o que poderia ter sido uma etapa desastrosa: &quot;&ldquo;Meu carro quebrou o semieixo no shakedown faltando 10 minutos para a largada e meus mec&acirc;nicos trocaram o semieixo em cinco minutos, ent&atilde;o est&atilde;o de parab&eacute;ns mais uma vez.&quot;<br \/>\n\t<\/p>\n<div>\n\t\tA decis&atilde;o em Interlagos ocorre no dia 15 de dezembro, com corrida &uacute;nica, mas de pontua&ccedil;&atilde;o dobrada, e ter&aacute; <a href=\"https:\/\/grandepremio.com\/br\/stock-car\/ultimas-noticias\"><span style=\"color:#008080\"><strong>cobertura completa<\/strong><\/span><\/a> do <strong>GRANDE PR&Ecirc;MIO<\/strong> &lsquo;in loco&rsquo;.<\/div>\n<div>\n\t\t&nbsp;<\/div>\n<div class=\"embed-responsive embed-responsive-16by9\">\n\t\t<\/div>\n<p><\/p>\n<table bgcolor=\"#E6E6E6\" border=\"0\" cellpadding=\"1\" cellspacing=\"1\" style=\"width: 100%\">\n<tbody>\n<tr>\n<td>\n<div>\n\t\t\t\t\t\t<b><span style=\"color:#FF0040\">Apoie o <strong> GRANDE PR&Ecirc;MIO<\/strong><\/span><\/b><span style=\"color:#FF0040\">: garanta o futuro do nosso jornalismo <\/span><br \/>\n\t\t\t\t\t\t<br \/>\n\t\t\t\t\t\tO<strong> GRANDE PR&Ecirc;MIO <\/strong>&eacute; a maior m&iacute;dia digital de esporte a motor do Brasil, na Am&eacute;rica Latina e em L&iacute;ngua Portuguesa, editorialmente independente. Nossa grande equipe produz conte&uacute;do di&aacute;rio e pensa em inova&ccedil;&otilde;es constantemente, e n&atilde;o s&oacute; na internet: uma das nossas atua&ccedil;&otilde;es est&aacute; na realiza&ccedil;&atilde;o de eventos, como a Copa GP de Kart. Assim, seu apoio &eacute; sempre importante.<br \/>\n\t\t\t\t\t\t<br \/>\n\t\t\t\t\t\t<a href=\"https:\/\/grandepremium.grandepremio.com\/br\/assine\" target=\"_blank\" rel=\"noopener noreferrer\">Assine o GRANDE PREMIUM<\/a>: veja os planos e o que oferecem, tenha &agrave; disposi&ccedil;&atilde;o uma s&eacute;rie de benef&iacute;cios e exper&ecirc;ncias exclusivas, e fa&ccedil;a parte de um grupo especial, a Scuderia GP, com debate em alto n&iacute;vel.<\/div>\n<\/td>\n<\/tr>\n<\/tbody>\n<\/table>\n<\/div>\n<p><\/p>\n","protected":false},"excerpt":{"rendered":"<p>Felipe Fraga conquistou no &uacute;ltimo domingo (24) uma vit&oacute;ria que n&atilde;o p&ocirc;de ser comemorada no p&oacute;dio, j&aacute; que veio ap&oacute;s puni&ccedil;&atilde;o a Ricardo Maur&iacute;cio, mas que lhe manteve vivo na briga pelo t&iacute;tulo da Stock Car. O piloto da Cimed vai para a decis&atilde;o com chances, e &eacute; o que importa neste momento do campeonato<\/p>\n","protected":false},"author":0,"featured_media":0,"comment_status":"closed","ping_status":"closed","sticky":false,"template":"","format":"standard","meta":{"42wp_featured_image_caption":"","42wp_featured_image_credits":"","42wp_featured_video":"","42wp_featured_image_hidden":false,"42wp_authors_list":[],"footnotes":""},"categories":[11],"tags":[621,1031,460,500,1814,1205,76,69,1210,992,121],"42wp_author":[47129],"class_list":["post-137664","post","type-post","status-publish","format-standard","hentry","category-stock-car","tag-cba","tag-cimed","tag-felipe-fraga","tag-goinia","tag-punio","tag-rc-eurofarma","tag-ricardo-maurcio","tag-stock-car","tag-stock-car-2019","tag-ttulo","tag-vitria","42wp_author-felipe-noronha"],"_links":{"self":[{"href":"https:\/\/grandepremio.com\/br\/wp-json\/wp\/v2\/posts\/137664","targetHints":{"allow":["GET"]}}],"collection":[{"href":"https:\/\/grandepremio.com\/br\/wp-json\/wp\/v2\/posts"}],"about":[{"href":"https:\/\/grandepremio.com\/br\/wp-json\/wp\/v2\/types\/post"}],"replies":[{"embeddable":true,"href":"https:\/\/grandepremio.com\/br\/wp-json\/wp\/v2\/comments?post=137664"}],"version-history":[{"count":0,"href":"https:\/\/grandepremio.com\/br\/wp-json\/wp\/v2\/posts\/137664\/revisions"}],"wp:attachment":[{"href":"https:\/\/grandepremio.com\/br\/wp-json\/wp\/v2\/media?parent=137664"}],"wp:term":[{"taxonomy":"category","embeddable":true,"href":"https:\/\/grandepremio.com\/br\/wp-json\/wp\/v2\/categories?post=137664"},{"taxonomy":"post_tag","embeddable":true,"href":"https:\/\/grandepremio.com\/br\/wp-json\/wp\/v2\/tags?post=137664"},{"taxonomy":"42wp_author","embeddable":true,"href":"https:\/\/grandepremio.com\/br\/wp-json\/wp\/v2\/42wp_author?post=137664"}],"curies":[{"name":"wp","href":"https:\/\/api.w.org\/{rel}","templated":true}]}}