{"id":137667,"date":"2019-04-16T13:56:00","date_gmt":"2019-04-16T16:56:00","guid":{"rendered":"https:\/\/grandepremio.com\/br\/noticias\/brawn-diz-que-chefe-da-ferrari-herdou-situacao-definitivamente-nova-e-sai-em-defesa-da-protecao-a-vettel\/"},"modified":"2020-05-12T20:35:22","modified_gmt":"2020-05-12T23:35:22","slug":"brawn-diz-que-chefe-da-ferrari-herdou-situacao-definitivamente-nova-e-sai-em-defesa-da-protecao-a-vettel","status":"publish","type":"post","link":"https:\/\/grandepremio.com\/br\/f1\/brawn-diz-que-chefe-da-ferrari-herdou-situacao-definitivamente-nova-e-sai-em-defesa-da-protecao-a-vettel\/","title":{"rendered":"Brawn diz que chefe da Ferrari herdou situa\u00e7\u00e3o &#8220;definitivamente nova&#8221; e sai em defesa da prote\u00e7\u00e3o a Vettel"},"content":{"rendered":"\n<div style=\"float: left;margin-right: 15px;margin-bottom:15px\">\n\t<\/div>\n<p>As decis&otilde;es da Ferrari s&atilde;o pauta mais uma vez ap&oacute;s o GP da China. Pela terceira vez em tr&ecirc;s corridas, a escolha foi <a href=\"https:\/\/www.grandepremio.com\/br\/f1\/noticias\/vettel-critica-imprensa-por-colocar-declaracoes-sobre-ordens-de-equipe-da-ferrari-no-contexto-errado\">proteger Sebastian Vettel em detrimento de Charles Leclerc<\/a>. Enquanto o chefe <a href=\"https:\/\/www.grandepremio.com\/br\/busca?s=Mattia%20Binotto\">Mattia Binotto<\/a> sofre cr&iacute;ticas, o diretor-esportivo da <a href=\"https:\/\/www.grandepremio.com\/br\/f1\">F&oacute;rmula 1<\/a>, <a href=\"https:\/\/www.grandepremio.com\/br\/busca?s=Ross%20Brawn\">Ross Brawn<\/a>, saiu em defesa.<\/p>\n<div>\n\t&nbsp;<\/div>\n<div>\n\tBrawn, o diretor-t&eacute;cnico da equipe italiana nos anos de dom&iacute;nio de <a href=\"https:\/\/www.grandepremio.com\/br\/busca?s=Michael%20Schumacher\">Michael Schumacher<\/a>, afirmou que Binotto herdou uma situa&ccedil;&atilde;o complexa ao assumir a chefia que era de Maurizio Arrivabene nos &uacute;ltimos anos. Com isso, faz o melhor poss&iacute;vel.<\/div>\n<div>\n\t&nbsp;<\/div>\n<div>\n\t&quot;Mattia se encontra tendo que gerenciar o que &eacute; definitivamente uma situa&ccedil;&atilde;o nova na Ferrari, na forma de dois pilotos lutando em n&iacute;vel mais alto. Por enquanto, Mattia est&aacute; conduzindo a situa&ccedil;&atilde;o bem, lidando de um lado com um jovem talentoso como Leclerc ao mesmo tempo em que tem de controlar um recurso valioso como &eacute; Vettel, um tetracampe&atilde;o mundial que j&aacute; se mostrou capaz de lidar com press&atilde;o no passado&quot;, afirmou.&nbsp;<br \/>\n\t<br \/>\n\t&quot;&Eacute; sem d&uacute;vidas um ano complicado para Sebastian e o p&oacute;dio em Xangai vai aumentar a confian&ccedil;a, enquanto Charles mostrou enorme maturidade ao aceitar as decis&otilde;es da equipe que n&atilde;o s&atilde;o f&aacute;ceis de digerir&quot;, seguiu.<\/div>\n<div>\n<div class=\"imagem-noticia\">\n\t\t<img decoding=\"async\" src=\"https:\/\/www.grandepremio.com\/br\/wp-content\/uploads\/2019\/04\/201811111257389_IMG_9772_O.jpg\" title=\"Ross Brawn (Foto: Rodrigo Berton\/Grande Pr\u00eamio)\" \/><\/div>\n<div class=\"legenda-imagem\">\n\t\t#iconeimagem Ross Brawn (Foto: Rodrigo Berton\/Grande Pr&ecirc;mio)<\/div>\n<\/div>\n<div style=\"float: left;margin-right: 15px;margin-bottom:15px\">\n<div id=\"banner-300x250-area\">\n<p>window.uolads.push({ id: &#8220;banner-300&#215;250-area&#8221; });<\/p><\/div>\n<\/div>\n<p>Sobre a corrida pelo t&iacute;tulo, Brawn destacou que a Ferrari ainda n&atilde;o apareceu irrepar&aacute;vel para alguma das corridas do ano. Caso isso n&atilde;o passe a acontecer, a esperada briga com a Mercedes n&atilde;o vai acontecer.&nbsp;<\/p>\n<div>\n\t&nbsp;<\/div>\n<div>\n\t&quot;No Bahrein, o time teve o desempenho, mas n&atilde;o a confiabilidade; na China, o desempenho n&atilde;o estava no n&iacute;vel de brigar com a Mercedes pela pole no s&aacute;bado ou pela vit&oacute;ria no domingo. Assim, depois de terminarmos a pr&eacute;-temporada convencidos que seria uma disputa igual contra a Mercedes, a Ferrari sai atr&aacute;s tento no Mundial de Pilotos quanto no de Construtores, onde a desvantagem j&aacute; &eacute; bem grande&quot;, opinou.<\/div>\n<div>\n\t&nbsp;<\/div>\n<div>\n\t&quot;As primeiras tr&ecirc;s corridas confirmaram que se a Ferrari quiser desafiar a Mercedes tudo tem que se perfeito em todos os n&iacute;veis: desempenho, confiabilidade e trabalho de equipe. &Eacute; o que Binotto e seu pessoal precisam fazer e, conhecendo Mattia, tenho certeza de que vai devotar todas as suas energias para assegurar que isso acontece&quot;, encerrou.<\/div>\n<div>\n\t&nbsp;<\/div>\n<div>\n\tA F1 volta em 28 de abril, no Azerbaij&atilde;o.<\/div>\n<p><\/p>\n<div class=\"embed-responsive embed-responsive-16by9\">\n\t<\/div>\n","protected":false},"excerpt":{"rendered":"<p>O diretor-esportivo da F&oacute;rmula 1, Ross Brawn, defendeu a decis&atilde;o de Mattia Binotto, chefe da Ferrari, de escolher uma linha de prote&ccedil;&atilde;o a Sebastian Vettel em detrimento a Charles Leclerc durante o come&ccedil;o da temporada 2019. Brawn ainda avaliou que a Ferrari precisa ser perfeita se quiser duelar com a Mercedes pelo t&iacute;tulo<\/p>\n","protected":false},"author":0,"featured_media":0,"comment_status":"closed","ping_status":"closed","sticky":false,"template":"","format":"standard","meta":{"42wp_featured_image_caption":"","42wp_featured_image_credits":"","42wp_featured_video":"","42wp_featured_image_hidden":false,"42wp_authors_list":[],"footnotes":""},"categories":[2],"tags":[147,84,207,442,145],"42wp_author":[47109],"class_list":["post-137667","post","type-post","status-publish","format-standard","hentry","category-f1","tag-f1","tag-f1-2019","tag-ferrari","tag-mattia-binotto","tag-ross-brawn","42wp_author-redacao-gp"],"_links":{"self":[{"href":"https:\/\/grandepremio.com\/br\/wp-json\/wp\/v2\/posts\/137667","targetHints":{"allow":["GET"]}}],"collection":[{"href":"https:\/\/grandepremio.com\/br\/wp-json\/wp\/v2\/posts"}],"about":[{"href":"https:\/\/grandepremio.com\/br\/wp-json\/wp\/v2\/types\/post"}],"replies":[{"embeddable":true,"href":"https:\/\/grandepremio.com\/br\/wp-json\/wp\/v2\/comments?post=137667"}],"version-history":[{"count":0,"href":"https:\/\/grandepremio.com\/br\/wp-json\/wp\/v2\/posts\/137667\/revisions"}],"wp:attachment":[{"href":"https:\/\/grandepremio.com\/br\/wp-json\/wp\/v2\/media?parent=137667"}],"wp:term":[{"taxonomy":"category","embeddable":true,"href":"https:\/\/grandepremio.com\/br\/wp-json\/wp\/v2\/categories?post=137667"},{"taxonomy":"post_tag","embeddable":true,"href":"https:\/\/grandepremio.com\/br\/wp-json\/wp\/v2\/tags?post=137667"},{"taxonomy":"42wp_author","embeddable":true,"href":"https:\/\/grandepremio.com\/br\/wp-json\/wp\/v2\/42wp_author?post=137667"}],"curies":[{"name":"wp","href":"https:\/\/api.w.org\/{rel}","templated":true}]}}