{"id":137677,"date":"2019-04-16T11:20:00","date_gmt":"2019-04-16T14:20:00","guid":{"rendered":"https:\/\/grandepremio.com\/br\/noticias\/com-percurso-inedito-e-atracoes-variadas-mitsubishi-cup-abre-20-temporada-em-mogi-guacu\/"},"modified":"2020-05-12T20:36:03","modified_gmt":"2020-05-12T23:36:03","slug":"com-percurso-inedito-e-atracoes-variadas-mitsubishi-cup-abre-20-temporada-em-mogi-guacu","status":"publish","type":"post","link":"https:\/\/grandepremio.com\/br\/noticias\/com-percurso-inedito-e-atracoes-variadas-mitsubishi-cup-abre-20-temporada-em-mogi-guacu\/","title":{"rendered":"Com percurso in\u00e9dito e atra\u00e7\u00f5es variadas, Mitsubishi Cup abre 20\u00aa temporada em Mogi Gua\u00e7u"},"content":{"rendered":"\n<p>.embed-container { position: relative; padding-bottom: 56.25%; height: 0; overflow: hidden; max-width: 100%; } .embed-container iframe, .embed-container object, .embed-container embed { position: absolute; top: 0; left: 0; width: 100%; height: 100%; }<\/p>\n<div class=\"embed-container\">\n\t<\/div>\n<div>\n\t<br \/>\n\tA temporada 2019 tem um significado todo especial para a Mitsubishi Cup. No ano em que o mais tradicional rali cross-country de velocidade completa 20 anos, a montadora dos tr&ecirc;s diamantes preparou uma s&eacute;ria de atra&ccedil;&otilde;es para a abertura do campeonato, que acontece no dia 27 de abril, em Mogi Gua&ccedil;u (SP), com base no Aut&oacute;dromo Velo Citt&aacute;.<\/div>\n<div>\n\t&nbsp;<\/div>\n<div>\n\tA partir deste ano, a organiza&ccedil;&atilde;o da prova est&aacute; sob a responsabilidade da Spinelli Racing, dos campe&otilde;es do Rali dos Sert&otilde;es Guilherme Spinelli e Youssef Haddad.&nbsp;<\/div>\n<div>\n<div class=\"imagem-noticia\">\n\t\t<img decoding=\"async\" src=\"https:\/\/www.grandepremio.com\/br\/wp-content\/uploads\/2019\/04\/20194161134376_358762_872686_cup18_indaiatuba_ricardoleizer_3817_II.jpg\" title=\"Mitsubishi Cup (Foto: RIcardo Leizer)\" \/><\/div>\n<div class=\"legenda-imagem\">\n\t\t#iconeimagem Mitsubishi Cup vai come&ccedil;ar temporada 2019 em Mogi Gua&ccedil;u (Foto: RIcardo Leizer)<\/div>\n<\/div>\n<div>\n\t&ldquo;A expectativa &eacute; grande e estamos muito entusiasmados com esse desafio em um ano t&atilde;o especial para a Mitsubishi Cup&rdquo;, disse Spinelli. &ldquo;Vamos surpreender os participantes com provas bem elaboradas&rdquo;, prometeu.<\/div>\n<div>\n\t&nbsp;<\/div>\n<div>\n\tUma das novidades ser&aacute; o percurso totalmente in&eacute;dito para os pilotos e navegadores. &ldquo;A prova reserva uma s&eacute;rie de novidades. Ser&atilde;o tr&ecirc;s disputas com cerca de 35 quil&ocirc;metros cada em uma mescla de canavial, cafezal e contornando trechos de eucalipto&rdquo;, anunciou Youssef. &ldquo;Teremos um percurso muito t&eacute;cnico, onde vai prevalecer o entrosamento da dupla. A especial termina dentro da fazenda do Velo Citt&agrave;, com a bandeirada final a 500 metros do parque do apoio&rdquo;, seguiu.<\/div>\n<div>\n\t&nbsp;<\/div>\n<div style=\"float: left;margin-right: 15px;margin-bottom:15px\">\n\t<\/div>\n<div>\n\t<strong>Comemora&ccedil;&atilde;o de 20 anos<\/strong><\/div>\n<div>\n\t&nbsp;<\/div>\n<div>\n\tAo todo, ser&atilde;o sete etapas e mais de 20 provas ao longo do ano. E os pilotos e navegadores podem esperar diversas inova&ccedil;&otilde;es durante a temporada.&nbsp;<\/div>\n<div>\n\t&nbsp;<\/div>\n<div>\n\t&ldquo;Come&ccedil;amos um ano comemorativo e, a cada etapa, teremos uma novidade vinculada aos 20 anos da Mitsubishi Cup. Nessa teremos a volta do pr&oacute;logo, que aconteceu na primeira etapa da competi&ccedil;&atilde;o, em Ribeir&atilde;o Preto (SP), em 2000&rdquo;, contou Guiga.<\/div>\n<div>\n\t&nbsp;<\/div>\n<div>\n\tSer&aacute; um trecho de alta velocidade de cerca de dois quil&ocirc;metros dentro do complexo do Aut&oacute;dromo Velo Citt&agrave;, uma oportunidade a mais para os presentes verem os carros em a&ccedil;&atilde;o.<\/div>\n<div>\n\t&nbsp;<\/div>\n<div>\n\tAo todo, s&atilde;o quatro categorias disputando a Mitsubishi Cup: L200 Triton Sport R, L200 Triton ER Master, ASX RS Master e a nov&iacute;ssima L200 Triton Sport RS, que faz sua estreia na Mitsubishi Cup.<\/div>\n<div>\n\t&nbsp;<\/div>\n<div>\n\tOs carros s&atilde;o preparados pela Mitsubishi Motors, &uacute;nica montadora na Am&eacute;rica Latina que tem uma linha de produ&ccedil;&atilde;o de ve&iacute;culos de corrida, e est&atilde;o dispon&iacute;veis para venda para os pilotos e equipes com condi&ccedil;&otilde;es especiais. Para mais informa&ccedil;&otilde;es, entre em contato pelo e-mail: yh@spinelliracing.com.br.<\/div>\n<div>\n\t&nbsp;<\/div>\n<div>\n\t<strong>Muitas atividades durante a primeira etapa<\/strong><\/div>\n<div>\n\t&nbsp;<\/div>\n<div>\n\tAl&eacute;m do rali cross-country de velocidade, a primeira da Mitsubishi Cup ter&aacute; uma s&eacute;rie de atividades para o p&uacute;blico:<\/div>\n<div>\n\t&nbsp;<\/div>\n<div>\n\t<strong>&#8211; Velo Citt&agrave; Run:<\/strong> uma corrida a p&eacute; com 7 km no circuito do Aut&oacute;dromo Velo Citt&agrave;. O evento &eacute; organizado pela Galera do Pace e os participantes ainda ganham camiseta e brindes. Inscri&ccedil;&otilde;es: www.minhasinscricoes.com.br\/Evento\/GaleradoPaceVeloCitta7k.<\/div>\n<div>\n\t&nbsp;<\/div>\n<div>\n\t&#8211; Prova de regularidade na pista para propriet&aacute;rios de Mitsubishi organizada pelo grupo Mitsufans.<\/div>\n<div>\n\t&nbsp;<\/div>\n<div>\n\t<strong>&#8211; Training Day para ciclistas de speed:<\/strong> promovido pela L&rsquo;Etape, organizadora da maior prova de ciclismo de estrada do Brasil. Ser&atilde;o 4 horas de pista aberta para os ciclistas, com pontos de hidrata&ccedil;&atilde;o dentro do circuito e espa&ccedil;o recovery p&oacute;s prova. Inscri&ccedil;&otilde;es: www.letapebrasil.com.br\/inscricao.<\/div>\n<div>\n\t&nbsp;<\/div>\n<div>\n\t<strong>&#8211; Mangalarga Experience:<\/strong> um test-rider com exemplares da tradicional ra&ccedil;a de sela do pa&iacute;s. A atividade, organizada pela Associa&ccedil;&atilde;o Brasileira de Criadores de Cavalo da Ra&ccedil;a Mangalarga (ABCCRM), n&atilde;o necessita de inscri&ccedil;&atilde;o e &eacute; aberta a todos os p&uacute;blicos.<\/div>\n<div>\n\t&nbsp;<\/div>\n<div>\n\t&#8211; Atividades outdoor monitoradas para as crian&ccedil;as.<\/div>\n<div>\n\t&nbsp;<\/div>\n<div>\n\t&#8211; Teste Drive com ve&iacute;culos Mitsubishi.<\/div>\n<div>\n\t&nbsp;<\/div>\n<div>\n\t&#8211; Pra&ccedil;a de food truck.<\/div>\n<div>\n\t&nbsp;<\/div>\n<div>\n\t<strong>Programa&ccedil;&atilde;o &#8211; Mitsubishi Cup &#8211; Mogi Gua&ccedil;u (SP)<\/strong><\/div>\n<div>\n\t06h30 &ndash; In&iacute;cio do credenciamento<\/div>\n<div>\n\t07h30 &ndash; Parque fechado<\/div>\n<div>\n\t08h00 &ndash; Largada Velo Citt&agrave; Run &ndash; Galera do Pace<\/div>\n<div>\n\t08h30 &ndash; Largada do pr&oacute;logo &ndash; Mitsubishi Cup<\/div>\n<div>\n\t09h48 &ndash; Largada da Prova 1 &ndash; Mitsubishi Cup<\/div>\n<div>\n\t10h15 &ndash; Prova de regularidade na pista &ndash; Mitsufans<\/div>\n<div>\n\t11h48 &ndash; Largada da Prova 2 &ndash; Mitsubishi Cup<\/div>\n<div>\n\t13h00 &ndash; Training Day &#8211; L&rsquo;Etape Brasil<\/div>\n<div>\n\t13h30 &ndash; Mangalarga Experience<\/div>\n<div>\n\t13h48 &ndash; Largada da Prova 2 &ndash; Mitsubishi Cup<\/div>\n<div>\n\t15h00 &ndash; Premia&ccedil;&atilde;o Mitsubishi Cup<\/div>\n<div>\n\t&nbsp;<\/div>\n<div>\n\t<strong>Calend&aacute;rio Mitsubishi Cup 2019*<\/strong><\/div>\n<div>\n\t<strong>1&ordf; etapa<\/strong> &ndash; 27 de abril &ndash; Mogi Gua&ccedil;u (SP) \/ Aut&oacute;dromo Velo Citt&agrave;&nbsp;<\/div>\n<div>\n\t<strong>2&ordf; etapa<\/strong> &ndash; 25 de maio &ndash; Ribeir&atilde;o Preto (SP) \/ Haras Le&atilde;o<\/div>\n<div>\n\t<strong>3&ordf; etapa<\/strong> &ndash; 29 de junho &ndash; Jaguari&uacute;na (SP) \/ Haras Patente<\/div>\n<div>\n\t<strong>4&ordf; etapa<\/strong> &ndash; 03 de agosto &ndash; Indaiatuba (SP) ou Ponta Grossa (PR)<\/div>\n<div>\n\t<strong>5&ordf; etapa<\/strong> &ndash; 28 de setembro &ndash; Cordeir&oacute;polis (SP)<\/div>\n<div>\n\t<strong>6&ordf; etapa<\/strong> &ndash; 19 de outubro &ndash; Magda (SP)<\/div>\n<div>\n\t<strong>7&ordf; etapa<\/strong> &ndash; 23 de novembro &ndash; Mogi Gua&ccedil;u (SP) \/ Aut&oacute;dromo Velo Citt&agrave;<\/div>\n<div>\n\t<em>* Datas e locais sujeitos &agrave; altera&ccedil;&otilde;es.<\/em><\/div>\n<div>\n\t&nbsp;<\/div>\n","protected":false},"excerpt":{"rendered":"<p>A temporada 2019 da Mitsubishi Cup come&ccedil;a no dia 27 de abril, em Moigi Gua&ccedil;u. O rali cross-country de velocidade comemora 20 anos com uma programa&ccedil;&atilde;o cheia de adrenalina e muita velocidade<\/p>\n","protected":false},"author":0,"featured_media":0,"comment_status":"closed","ping_status":"closed","sticky":false,"template":"","format":"standard","meta":{"42wp_featured_image_caption":"","42wp_featured_image_credits":"","42wp_featured_video":"","42wp_featured_image_hidden":false,"42wp_authors_list":[],"footnotes":""},"categories":[1],"tags":[2094,2230],"42wp_author":[47109],"class_list":["post-137677","post","type-post","status-publish","format-standard","hentry","category-noticias","tag-mitsubishi","tag-mogi-guau","42wp_author-redacao-gp"],"_links":{"self":[{"href":"https:\/\/grandepremio.com\/br\/wp-json\/wp\/v2\/posts\/137677","targetHints":{"allow":["GET"]}}],"collection":[{"href":"https:\/\/grandepremio.com\/br\/wp-json\/wp\/v2\/posts"}],"about":[{"href":"https:\/\/grandepremio.com\/br\/wp-json\/wp\/v2\/types\/post"}],"replies":[{"embeddable":true,"href":"https:\/\/grandepremio.com\/br\/wp-json\/wp\/v2\/comments?post=137677"}],"version-history":[{"count":0,"href":"https:\/\/grandepremio.com\/br\/wp-json\/wp\/v2\/posts\/137677\/revisions"}],"wp:attachment":[{"href":"https:\/\/grandepremio.com\/br\/wp-json\/wp\/v2\/media?parent=137677"}],"wp:term":[{"taxonomy":"category","embeddable":true,"href":"https:\/\/grandepremio.com\/br\/wp-json\/wp\/v2\/categories?post=137677"},{"taxonomy":"post_tag","embeddable":true,"href":"https:\/\/grandepremio.com\/br\/wp-json\/wp\/v2\/tags?post=137677"},{"taxonomy":"42wp_author","embeddable":true,"href":"https:\/\/grandepremio.com\/br\/wp-json\/wp\/v2\/42wp_author?post=137677"}],"curies":[{"name":"wp","href":"https:\/\/api.w.org\/{rel}","templated":true}]}}