{"id":13769,"date":"2025-12-18T04:30:00","date_gmt":"2025-12-18T07:30:00","guid":{"rendered":"https:\/\/grandepremio.com\/br\/noticias\/retrospectiva-2025-marc-marquez-ressignifica-legado-redencao-motogp\/"},"modified":"2025-12-17T17:47:42","modified_gmt":"2025-12-17T20:47:42","slug":"retrospectiva-2025-marc-marquez-ressignifica-legado-redencao-motogp","status":"publish","type":"post","link":"https:\/\/grandepremio.com\/br\/motogp\/retrospectiva-2025-marc-marquez-ressignifica-legado-redencao-motogp\/","title":{"rendered":"Retrospectiva 2025: Marc M\u00e1rquez ressignifica legado com reden\u00e7\u00e3o na MotoGP"},"content":{"rendered":"\n<p class=\"wp-block-paragraph\"><strong>MARC M\u00c1RQUEZ USOU A TEMPORADA 2025 DA <a href=\"https:\/\/www.grandepremio.com\/br\/motogp\/\">MOTOGP<\/a> COMO CAIXA ALTA PARA DEIXAR A SEGUINTE MENSAGEM: EU ESTOU DE VOLTA<\/strong>. A \u00faltima campanha da classe rainha do <strong>Mundial de Motovelocidade<\/strong> fechou a vitoriosa jornada de uma das travessias mais dif\u00edceis j\u00e1 vividas por um multicampe\u00e3o na era moderna do motociclismo, marcada por les\u00f5es graves, d\u00favidas e anos de resultados aqu\u00e9m do padr\u00e3o que o pr\u00f3prio espanhol criou ap\u00f3s o surgimento do fen\u00f4meno <strong>Valentino Rossi<\/strong>.<\/p>\n\n\n\n<p class=\"wp-block-paragraph\">Ap\u00f3s dominar a categoria entre 2013 e 2019, Marc M\u00e1rquez viu a carreira entrar em um per\u00edodo de estagna\u00e7\u00e3o for\u00e7ada a partir da grave les\u00e3o no bra\u00e7o direito sofrida em 2020. Cirurgias, complica\u00e7\u00f5es f\u00edsicas e problemas de vis\u00e3o comprometeram n\u00e3o apenas o desempenho, mas tamb\u00e9m a confian\u00e7a. Ao mesmo tempo, a <strong>Honda<\/strong> deixou de oferecer uma moto capaz de competir no mais alto n\u00edvel.<\/p>\n\n\n\n<p class=\"wp-block-paragraph\">Al\u00e9m de precisar se recuperar fisicamente, o <strong>#93<\/strong> foi obrigado a tomar uma dif\u00edcil, mas estrat\u00e9gica decis\u00e3o ao encerrar a parceria com a marca da asa dourada e migrar para uma equipe sat\u00e9lite, buscando recome\u00e7o na MotoGP.<\/p>\n\n\n\n<p class=\"wp-block-paragraph\">Recebido de bra\u00e7os abertos pela <strong>Gresini<\/strong> e contando com o apoio extra do irm\u00e3o mais novo, \u00c1lex, Marc se encontrou como piloto competitivo aos poucos durante a temporada 2024. Com o time azul veio a primeira vit\u00f3ria com a<strong> Ducati <\/strong>e a certeza de que o pr\u00f3ximo ano seria muito mais forte, sobretudo ap\u00f3s a promo\u00e7\u00e3o para a equipe de f\u00e1brica, vencendo a disputa com <strong>Jorge Mart\u00edn<\/strong>, campe\u00e3o em 2024 com a <strong>Pramac<\/strong>.<\/p>\n\n\n\n<figure class=\"wp-block-image size-large\"><img decoding=\"async\" src=\"https:\/\/www.grandepremio.com\/br\/wp-content\/uploads\/2025\/09\/marc-marquez-1200x750.png\" alt=\"\" class=\"wp-image-1016689\"\/><figcaption class=\"wp-element-caption\">Marc M\u00e1rquez (Foto: MotoGP)<\/figcaption><\/figure>\n\n\n\n<p class=\"wp-block-paragraph\"><strong>\u25b6\ufe0f&nbsp;Inscreva-se nos dois canais do GRANDE PR\u00caMIO no YouTube:&nbsp;<a href=\"https:\/\/www.youtube.com\/channel\/UC9OlHEgxoaY6QY6nWPoiqQg?sub_confirmation=1\" target=\"_blank\" rel=\"noreferrer noopener\">GP<\/a>&nbsp;|&nbsp;<a href=\"https:\/\/www.youtube.com\/channel\/UC9csiS6q_C3C0FYhyr1rnFA?sub_confirmation=1\" target=\"_blank\" rel=\"noreferrer noopener\">GP2<\/a><\/strong><\/p>\n\n\n\n<p class=\"wp-block-paragraph\">Ao longo da temporada, o espanhol combinou velocidade em momentos-chave com uma not\u00e1vel capacidade de minimizar preju\u00edzos nos fins de semana dif\u00edceis. Desde as primeiras atividades, a superioridade do <strong>#93<\/strong> j\u00e1 era clara na pista.<\/p>\n\n\n\n<p class=\"wp-block-paragraph\">Depois de garantir a parceria com a Ducati e chegar pronto para dominar a <strong>Desmosedici GP25<\/strong> ap\u00f3s encaixar perfeitamente com a <strong>GP23<\/strong> na equipe de <strong>Nadia Padovani<\/strong>, Marc M\u00e1rquez cravou oito poles e venceu 11 das 17 corridas que disputou at\u00e9 sair machucado na etapa da <strong>Indon\u00e9sia<\/strong>, quando j\u00e1 havia fechado o t\u00edtulo mundial. Nas corridas curtas, Marc foi ainda mais dominante, com 14 vit\u00f3rias em 22 provas, sendo oito em sequ\u00eancia \u2013 de <strong>Arag\u00e3o<\/strong> at\u00e9 a etapa na <strong>Catalunha<\/strong>.<\/p>\n\n\n\n<p class=\"wp-block-paragraph\">N\u00e3o h\u00e1 o que colocar sobre como Marc subjugou os rivais ao longo de 2025. A verdade \u00e9 que o piloto catal\u00e3o n\u00e3o teve nenhuma amea\u00e7a para disputar o t\u00edtulo no ano, mesmo com o bom ano do irm\u00e3o, \u00c1lex, que terminou em segundo.<\/p>\n\n\n\n<figure class=\"wp-block-image size-full\"><img decoding=\"async\" src=\"https:\/\/www.grandepremio.com\/br\/wp-content\/uploads\/2025\/09\/MM93.jpg\" alt=\"\" class=\"wp-image-1017252\"\/><figcaption class=\"wp-element-caption\">Marc M\u00e1rquez (Foto: MotoGP)<\/figcaption><\/figure>\n\n\n\n<p class=\"wp-block-paragraph\"><strong>\u25b6\ufe0f&nbsp;Inscreva-se nos dois canais do GRANDE PR\u00caMIO no YouTube:&nbsp;<a href=\"https:\/\/www.youtube.com\/channel\/UC9OlHEgxoaY6QY6nWPoiqQg?sub_confirmation=1\" target=\"_blank\" rel=\"noreferrer noopener\">GP<\/a>&nbsp;|&nbsp;<a href=\"https:\/\/www.youtube.com\/channel\/UC9csiS6q_C3C0FYhyr1rnFA?sub_confirmation=1\" target=\"_blank\" rel=\"noreferrer noopener\">GP2<\/a><\/strong><\/p>\n\n\n\n<p class=\"wp-block-paragraph\">Marc esteve alguns passos \u00e0 frente de todo o grid da MotoGP desde os primeiros momentos da temporada \u2014 da abertura na <strong>Tail\u00e2ndia<\/strong> \u00e0s passagens por <strong>Argentina<\/strong> e <strong>Catar<\/strong>, dominando a sequ\u00eancia europeia e fechando a conquista do s\u00e9timo t\u00edtulo da classe rainha na perna asi\u00e1tica, mais precisamente em <strong>Motegi<\/strong>, no <strong>Jap\u00e3o<\/strong>.<\/p>\n\n\n\n<p class=\"wp-block-paragraph\">Mais do que provar que ainda era r\u00e1pido, Marc M\u00e1rquez mostrou ser capaz de vencer em cen\u00e1rios distintos e sob diferentes circunst\u00e2ncias.<\/p>\n\n\n\n<p class=\"wp-block-paragraph\">Por isso, o s\u00e9timo t\u00edtulo da MotoGP 2025 n\u00e3o \u00e9 apenas mais um na estante: \u00e9, para o pr\u00f3prio piloto, o mais simb\u00f3lico de todos na categoria. As cenas em<strong> Misano<\/strong>, exibindo o macac\u00e3o no p\u00f3dio, as l\u00e1grimas derramadas em Motegi e a confirma\u00e7\u00e3o do empate no n\u00famero de t\u00edtulos da MotoGP com Rossi s\u00e3o a comprova\u00e7\u00e3o mais pura desse significado.<\/p>\n\n\n\n<figure class=\"wp-block-image size-large\"><img decoding=\"async\" src=\"https:\/\/www.grandepremio.com\/br\/wp-content\/uploads\/2025\/09\/MotoGP-2025-San-Marino-Misano-Domingo-Ducati-Marc-Marquez2-1200x800.jpg\" alt=\"\" class=\"wp-image-1012992\"\/><figcaption class=\"wp-element-caption\">Marc M\u00e1rquez (Foto: Divulga\u00e7\u00e3o\/MotoGP)<\/figcaption><\/figure>\n\n\n\n<p class=\"wp-block-paragraph\">A&nbsp;<a href=\"https:\/\/grandepremio.com\/motovelocidade\/\" target=\"_blank\" rel=\"noreferrer noopener\"><\/a><a href=\"https:\/\/grandepremio.com\/motovelocidade\/\" target=\"_blank\" rel=\"noreferrer noopener\">MotoGP<\/a>&nbsp;est\u00e1 de f\u00e9rias e s\u00f3 volta a acelerar nos dias 29, 30 e 31 de janeiro de 2026, com o&nbsp;<strong>shakedown<\/strong>&nbsp;direto de&nbsp;<strong><a href=\"https:\/\/www.grandepremio.com\/br\/circuito\/sepang\/\" target=\"_blank\" rel=\"noreferrer noopener\">Sepang<\/a><\/strong>, na&nbsp;<strong>Mal\u00e1sia<\/strong>. O&nbsp;<strong>GRANDE PR\u00caMIO&nbsp;<\/strong>faz a cobertura completa, assim como das outras classes do&nbsp;<strong>Mundial de&nbsp;<a href=\"https:\/\/www.grandepremio.com\/motovelocidade\/\">Motovelocidade<\/a><\/strong>.<\/p>\n","protected":false},"excerpt":{"rendered":"<p>Campe\u00e3o com autoridade em diferentes cen\u00e1rios e contextos, Marc M\u00e1rquez fez de 2025 uma temporada de afirma\u00e7\u00e3o t\u00e9cnica e emocional, ressignificando o pr\u00f3prio legado no Mundial de Motovelocidade<\/p>\n","protected":false},"author":0,"featured_media":1001017226,"comment_status":"closed","ping_status":"closed","sticky":false,"template":"","format":"standard","meta":{"42wp_featured_image_caption":"","42wp_featured_image_credits":"","42wp_featured_video":"","42wp_featured_image_hidden":false,"42wp_authors_list":[],"footnotes":""},"categories":[8],"tags":[24853,5214,42349,131,1491,28285,5455,1300,78,39739,847,34187,44704,41828],"42wp_author":[47161],"class_list":["post-13769","post","type-post","status-publish","format-standard","has-post-thumbnail","hentry","category-motogp","tag-calendario-motogp","tag-classificacao-motogp","tag-desmosedici-gp25","tag-ducati","tag-grande-premio","tag-grandepremio","tag-horarios-motogp","tag-marc-marquez","tag-motogp","tag-motogp-2025","tag-mundial-de-motovelocidade","tag-onde-assistir-motogp","tag-retrospectiva-2025","tag-temporada-2025-da-motogp","42wp_author-kaio-esteves"],"_links":{"self":[{"href":"https:\/\/grandepremio.com\/br\/wp-json\/wp\/v2\/posts\/13769","targetHints":{"allow":["GET"]}}],"collection":[{"href":"https:\/\/grandepremio.com\/br\/wp-json\/wp\/v2\/posts"}],"about":[{"href":"https:\/\/grandepremio.com\/br\/wp-json\/wp\/v2\/types\/post"}],"replies":[{"embeddable":true,"href":"https:\/\/grandepremio.com\/br\/wp-json\/wp\/v2\/comments?post=13769"}],"version-history":[{"count":0,"href":"https:\/\/grandepremio.com\/br\/wp-json\/wp\/v2\/posts\/13769\/revisions"}],"wp:featuredmedia":[{"embeddable":true,"href":"https:\/\/grandepremio.com\/br\/wp-json\/wp\/v2\/media\/1001017226"}],"wp:attachment":[{"href":"https:\/\/grandepremio.com\/br\/wp-json\/wp\/v2\/media?parent=13769"}],"wp:term":[{"taxonomy":"category","embeddable":true,"href":"https:\/\/grandepremio.com\/br\/wp-json\/wp\/v2\/categories?post=13769"},{"taxonomy":"post_tag","embeddable":true,"href":"https:\/\/grandepremio.com\/br\/wp-json\/wp\/v2\/tags?post=13769"},{"taxonomy":"42wp_author","embeddable":true,"href":"https:\/\/grandepremio.com\/br\/wp-json\/wp\/v2\/42wp_author?post=13769"}],"curies":[{"name":"wp","href":"https:\/\/api.w.org\/{rel}","templated":true}]}}