{"id":137715,"date":"2019-11-23T15:12:00","date_gmt":"2019-11-23T18:12:00","guid":{"rendered":"https:\/\/grandepremio.com\/br\/noticias\/com-chance-improvavel-de-titulo-casagrande-mira-vitoria-e-erro-de-rivais-em-goiania\/"},"modified":"2020-05-15T07:20:11","modified_gmt":"2020-05-15T10:20:11","slug":"com-chance-improvavel-de-titulo-casagrande-mira-vitoria-e-erro-de-rivais-em-goiania","status":"publish","type":"post","link":"https:\/\/grandepremio.com\/br\/stock-car\/com-chance-improvavel-de-titulo-casagrande-mira-vitoria-e-erro-de-rivais-em-goiania\/","title":{"rendered":"Com chance &#8220;improv\u00e1vel&#8221; de t\u00edtulo, Casagrande mira vit\u00f3ria e erro de rivais em Goi\u00e2nia"},"content":{"rendered":"\n<div>\n\t<strong><a href=\"https:\/\/www.grandepremio.com\/br\/stock-car\/noticias\/com-temporal-casagrande-fatura-pole-em-goiania-camilo-larga-em-2\"><span style=\"color:#008080\">Gabriel Casagrande teve um grande motivo para sorrir na chuvosa tarde deste s&aacute;bado (23) em Goi&acirc;nia. Pole-position com direito a grande volta no treino classificat&oacute;rio<\/span><\/a><\/strong>, o paranaense abre o grid neste domingo com chances de seguir para Interlagos como um dos candidatos ao t&iacute;tulo da temporada.<span style=\"color:#008080\"> <\/span><strong><a href=\"https:\/\/www.grandepremio.com\/br\/stock-car\/noticias\/ultimo-suspiro-o-que-cada-candidato-ao-titulo-precisa-para-sair-de-goiania-vivo\"><span style=\"color:#008080\">Mas o pr&oacute;prio piloto da Crown Racing entende que o cen&aacute;rio n&atilde;o &eacute; dos mais f&aacute;ceis e sabe que depende n&atilde;o apenas das suas for&ccedil;as, mas tamb&eacute;m de azares dos seus concorrentes diretos<\/span><\/a><\/strong>.<\/div>\n<div>\n\t&nbsp;<\/div>\n<div>\n\tS&eacute;timo colocado no campeonato, Casagrande soma 223 pontos, 82 a menos em rela&ccedil;&atilde;o ao l&iacute;der do campeonato, Daniel Serra. O dono do carro #83 precisa anotar 23 pontos a mais que o l&iacute;der para se manter na luta pela ta&ccedil;a &mdash; algo que possivelmente s&oacute; ocorreria caso fosse ao p&oacute;dio nas duas provas (o que s&oacute; o pr&oacute;prio Serra e Maur&iacute;cio conseguiram no ano) e ainda visse o bicampe&atilde;o n&atilde;o passar do 11&deg; lugar.&nbsp;<\/div>\n<div>\n\t&nbsp;<\/div>\n<div>\n\tDepois, ainda teria que fazer contas para que Ricardo Maur&iacute;cio e Thiago Camilo tamb&eacute;m n&atilde;o abram vantagem. Dentre os concorrentes de Casagrande, o melhor posicionado no grid &eacute; justamente Camilo, que vai fechar a primeira fila em Goi&acirc;nia. Felipe Fraga vai largar em quinto, com Serrinha partindo em s&eacute;timo. Maur&iacute;cio, por sua vez, vai iniciar a prova somente em 27&ordm; lugar.<\/p>\n<div class=\"imagem-noticia\">\n\t\t<img decoding=\"async\" src=\"https:\/\/www.grandepremio.com\/br\/wp-content\/uploads\/2019\/11\/20191123161197_GaCas_II.jpg\" title=\"Gabriel Casagrande vai largar na pole neste domingo em Goi\u00e2nia (Foto: Bruno Terena\/RF1)\" \/><\/div>\n<div class=\"legenda-imagem\">\n\t\t#iconeimagem Gabriel Casagrande vai largar na pole neste domingo em Goi&acirc;nia (Foto: Bruno Terena\/RF1)<\/div>\n<\/div>\n<div>\n\tEm entrevista ao <strong>GRANDE PR&Ecirc;MIO<\/strong> logo depois da classifica&ccedil;&atilde;o em Goi&acirc;nia, Casagrande falou a respeito das suas chances de t&iacute;tulo, algo que o paranaense entende que poderia estar em melhores condi&ccedil;&otilde;es se n&atilde;o tivesse enfrentado problemas. Em Santa Cruz do Sul, por exemplo, Gabriel zerou &mdash; assim como Camilo &mdash;, enquanto no Velo Citt&agrave; fechou em 15&ordm; na corrida 2.<\/div>\n<div>\n\t&nbsp;<\/div>\n<div>\n\t&ldquo;Eu venho pensando nisso nas &uacute;ltimas tr&ecirc;s etapas. Acabei tendo problema no Velo Citt&agrave;, o que me deixou longe do meu objetivo, mas ainda acho poss&iacute;vel disputar essa pontua&ccedil;&atilde;o. Os problemas que aconteceram comigo podem acontecer com eles no domingo. Tenho tudo na m&atilde;o para conquistar um bom resultado amanh&atilde; e esperar que algo de ruim aconte&ccedil;a com eles. N&atilde;o posso torcer por isso, mas como sofri com problemas, eles podem sofrer tamb&eacute;m, todo mundo est&aacute; sujeito&rdquo;, disse.<\/div>\n<div>\n\t&nbsp;<\/div>\n<div>\n\t&ldquo;Ent&atilde;o tenho essa esperan&ccedil;a de que algo possa chegar a essa &uacute;ltima etapa com chances matem&aacute;ticas de t&iacute;tulo. Vou te falar que acho improv&aacute;vel, pelo que vem acontecendo nas &uacute;ltimas corridas, eles n&atilde;o t&ecirc;m deixado pontos escaparem muito facilmente&rdquo;, considerou.<\/div>\n<div>\n<div class=\"imagem-noticia\">\n\t\t<img decoding=\"async\" src=\"https:\/\/www.grandepremio.com\/br\/wp-content\/uploads\/2019\/11\/201911221656421_Casa1_II.jpg\" title=\"Gabriel Casagrande em Goi\u00e2nia (Foto: Bruno Terena\/RF1)\" \/><\/div>\n<div class=\"legenda-imagem\">\n\t\t#iconeimagem Gabriel Casagrande em Goi&acirc;nia (Foto: Bruno Terena\/RF1)<\/div>\n<\/div>\n<div>\n\tCasagrande deixou claro que, se notar que vai ter mais condi&ccedil;&otilde;es de somar pontos sacrificando uma eventual vit&oacute;ria no domingo, n&atilde;o vai pensar duas vezes. &ldquo;Vou fazer minha corrida, tentar ganhar a primeira corrida, &eacute; meu pensamento. Se ver que d&aacute; para fazer mais pontos, talvez possa abrir m&atilde;o disso. N&atilde;o preciso provar nada para ningu&eacute;m, j&aacute; provei ao longo do ano, e n&atilde;o &eacute; uma vit&oacute;ria que vai me fazer me sentir mal&rdquo;.<\/div>\n<div>\n\t&nbsp;<\/div>\n<div>\n\tCom seis p&oacute;dios na temporada, Casagrande deixa claro que o ideal &eacute; sempre estar na parte de cima para brigar pelo t&iacute;tulo, mas mostra satisfa&ccedil;&atilde;o com a performance obtida ao longo da temporada.<\/div>\n<div>\n\t&nbsp;<\/div>\n<div>\n\t&ldquo;Esses p&oacute;dios que a gente vem conquistando s&oacute; provam que a gente est&aacute; r&aacute;pido e que teria condi&ccedil;&otilde;es de estar brigando mais &agrave; frente do campeonato se n&atilde;o tiv&eacute;ssemos as condi&ccedil;&otilde;es adversas que aconteceram ao longo do ano. Estou feliz, confiante para o fim do ano, e o que for para ser, vai ser, que ven&ccedil;a o melhor e que a gente possa estar pelo menos brigando&rdquo;, complementou.<\/div>\n<div>\n\t&nbsp;<\/div>\n<div>\n\tA largada da corrida 1 da Stock Car em Goi&acirc;nia acontece &agrave;s 11h (hor&aacute;rio de Bras&iacute;lia) deste domingo, com a segunda prova tendo largada prevista para 12h02. O <strong>GRANDE PR&Ecirc;MIO<\/strong> cobre &lsquo;in loco&rsquo; a etapa de Goi&acirc;nia com o rep&oacute;rter Felipe Noronha.<span style=\"color:#008080\"> <\/span><strong><a href=\"https:\/\/www.grandepremio.com\/br\/stock-car\/\"><span style=\"color:#008080\">Siga tudo aqui<\/span><\/a><\/strong>.<\/div>\n<div class=\"embed-responsive embed-responsive-16by9\">\n\t<\/div>\n<p><\/p>\n<table bgcolor=\"#add8e6<\/p>\n<p>&#8221; border=&#8221;1&#8243; cellpadding=&#8221;1&#8243; cellspacing=&#8221;1&#8243; style=&#8221;width: 100%&#8221;><\/p>\n<tbody>\n<tr>\n<td>\n\t\t\t\t<span style=\"color:#000000\"><span style=\"font-size:18px\"><strong>Paddockast # 43<br \/>\n\t\t\t\tQUAL FOI O MELHOR GP DO BRASIL QUE VOC&Ecirc; ASSISTIU?<\/strong><\/span><\/span><br \/>\n\t\t\t\t<br \/>\n\t\t\t\tOu&ccedil;a: <a href=\"http:\/\/open.spotify.com\/show\/5OBbp8MzxQymoyneX4IviF?si=gYqPr53GSaa-AcxFpOzJHg\">Spotify<\/a> | <a href=\"http:\/\/podcasts.apple.com\/br\/podcast\/paddockast\/id1371540198\">iTunes<\/a> | <a href=\"http:\/\/www.subscribeonandroid.com\/www.central3.com.br\/category\/podcasts\/paddockast\/feed\/podcast\/\">Android<\/a> | <a href=\"http:\/\/player.fm\/series\/paddockast\">playerFM<\/a><\/td>\n<\/tr>\n<\/tbody>\n<\/table>\n<p><\/p>\n<div>\n\t<\/p>\n<\/div>\n<p><\/p>\n","protected":false},"excerpt":{"rendered":"<p>Pole-position neste s&aacute;bado, Gabriel Casagrande abre a rodada dupla deste domingo ainda com chances de t&iacute;tulo da Stock Car. Mas o paranaense depende n&atilde;o apenas das suas pr&oacute;prias for&ccedil;as, mas tamb&eacute;m do azar dos seus principais advers&aacute;rios. De qualquer forma, o dono do carro #83 &eacute; claro: &ldquo;O que for para ser, vai ser&rdquo;<\/p>\n","protected":false},"author":0,"featured_media":0,"comment_status":"closed","ping_status":"closed","sticky":false,"template":"","format":"standard","meta":{"42wp_featured_image_caption":"","42wp_featured_image_credits":"","42wp_featured_video":"","42wp_featured_image_hidden":false,"42wp_authors_list":[],"footnotes":""},"categories":[11],"tags":[1813,500,219,1442,1214,69,1210,121,220],"42wp_author":[47129],"class_list":["post-137715","post","type-post","status-publish","format-standard","hentry","category-stock-car","tag-gabriel-casagrande","tag-goinia","tag-grande-prmio","tag-in-loco","tag-pole-position","tag-stock-car","tag-stock-car-2019","tag-vitria","tag-warm-up","42wp_author-felipe-noronha"],"_links":{"self":[{"href":"https:\/\/grandepremio.com\/br\/wp-json\/wp\/v2\/posts\/137715","targetHints":{"allow":["GET"]}}],"collection":[{"href":"https:\/\/grandepremio.com\/br\/wp-json\/wp\/v2\/posts"}],"about":[{"href":"https:\/\/grandepremio.com\/br\/wp-json\/wp\/v2\/types\/post"}],"replies":[{"embeddable":true,"href":"https:\/\/grandepremio.com\/br\/wp-json\/wp\/v2\/comments?post=137715"}],"version-history":[{"count":0,"href":"https:\/\/grandepremio.com\/br\/wp-json\/wp\/v2\/posts\/137715\/revisions"}],"wp:attachment":[{"href":"https:\/\/grandepremio.com\/br\/wp-json\/wp\/v2\/media?parent=137715"}],"wp:term":[{"taxonomy":"category","embeddable":true,"href":"https:\/\/grandepremio.com\/br\/wp-json\/wp\/v2\/categories?post=137715"},{"taxonomy":"post_tag","embeddable":true,"href":"https:\/\/grandepremio.com\/br\/wp-json\/wp\/v2\/tags?post=137715"},{"taxonomy":"42wp_author","embeddable":true,"href":"https:\/\/grandepremio.com\/br\/wp-json\/wp\/v2\/42wp_author?post=137715"}],"curies":[{"name":"wp","href":"https:\/\/api.w.org\/{rel}","templated":true}]}}