{"id":13774,"date":"2025-12-17T18:52:00","date_gmt":"2025-12-17T21:52:00","guid":{"rendered":"https:\/\/grandepremio.com\/br\/noticias\/modo-reta-modo-curva-outros-termos-entenda-definicoes-f1-para-2026\/"},"modified":"2025-12-17T14:54:27","modified_gmt":"2025-12-17T17:54:27","slug":"modo-reta-modo-curva-outros-termos-entenda-definicoes-f1-para-2026","status":"publish","type":"post","link":"https:\/\/grandepremio.com\/br\/f1\/modo-reta-modo-curva-outros-termos-entenda-definicoes-f1-para-2026\/","title":{"rendered":"Modo Reta, Modo Curva e outros termos: entenda as defini\u00e7\u00f5es da F1 para 2026"},"content":{"rendered":"\n<p class=\"wp-block-paragraph\">A <strong>Federa\u00e7\u00e3o Internacional de Automobilismo (FIA)<\/strong> apresentou, nesta <strong>quarta-feira (17)<\/strong>, um novo panorama para os carros da<strong> temporada 2026 da F1<\/strong>. Embora n\u00e3o traga novidades muito expressivas, o material atualizou e esclareceu a terminologia de alguns pontos.<\/p>\n\n\n\n<p class=\"wp-block-paragraph\">Neste v\u00eddeo, <strong>Daniel Balsa<\/strong> explica o que s\u00e3o a <strong>Aerodin\u00e2mica Ativa<\/strong> \u2014 com <strong>Modo Reta<\/strong> e <strong>Modo Curva<\/strong> \u2014, o <strong>Overtake Mode (Modo Ultrapassagem)<\/strong> e outros pontos do carro da <strong>F1 2026<\/strong>.<\/p>\n\n\n\n<p class=\"wp-block-paragraph\">A&nbsp;<strong><a href=\"https:\/\/www.grandepremio.com\/br\/f1\/\">F\u00f3rmula 1<\/a><\/strong>&nbsp;est\u00e1 de f\u00e9rias. Os carros voltam a acelerar de&nbsp;<strong>26 a 30 de janeiro<\/strong>&nbsp;em testes privados em&nbsp;<strong>Barcelona<\/strong>. Depois, seguem para o&nbsp;<strong>Bahrein&nbsp;<\/strong>para mais duas sess\u00f5es da pr\u00e9-temporada: de&nbsp;<strong>11 a 13 de fevereiro<\/strong>&nbsp;e de&nbsp;<strong>18 a 20 de fevereiro<\/strong>. O<strong>&nbsp;GRANDE PR\u00caMIO&nbsp;<\/strong>acompanha todas as atividades da temporada 2026.<\/p>\n\n\n\n<h2 class=\"wp-block-heading\" id=\"h-f1-hoje-saiba-aqui-as-noticias-mais-importantes-do-dia-da-formula-1\"><strong>F1 hoje: saiba aqui as not\u00edcias mais importantes do dia da F\u00f3rmula 1<\/strong><\/h2>\n\n\n\n<p class=\"wp-block-paragraph\">A reda\u00e7\u00e3o do&nbsp;<strong>GRANDE PR\u00caMIO<\/strong>&nbsp;selecionou as not\u00edcias mais importantes das \u00faltimas horas para voc\u00ea ficar por dentro de tudo que acontece na F1.<\/p>\n\n\n\n<p class=\"wp-block-paragraph\">\u25b6\ufe0f&nbsp;<strong><a href=\"https:\/\/www.grandepremio.com\/br\/f1\/noticias\/formula-1-poe-portugal-de-volta-ao-calendario-contrato-dois-anos-portimao\/\">F\u00f3rmula 1 p\u00f5e Portugal de volta ao calend\u00e1rio com contrato de dois anos com Portim\u00e3o<\/a><\/strong><br><strong>\u25b6\ufe0f&nbsp;<a href=\"https:\/\/www.grandepremio.com\/br\/f1\/noticias\/mercedes-revela-apoio-lewis-hamilton-fase-dificil-ferrari-tentamos-incentiva-lo\/\">Mercedes revela apoio a Hamilton em fase dif\u00edcil na Ferrari: \u201cTentamos incentiv\u00e1-lo\u201d<\/a><br><\/strong>\u25b6\ufe0f&nbsp;<a href=\"https:\/\/www.grandepremio.com\/br\/f1\/noticias\/f1-divulga-novas-imagens-carro-2026-redefine-nomes-recursos\/\"><strong>F\u00f3rmula 1 divulga imagens do carro de 2026 e muda termos de novos recursos<\/strong><\/a><br>\u25b6\ufe0f&nbsp;<strong>Inscreva-se nos dois canais do GRANDE PR\u00caMIO no YouTube:&nbsp;<a href=\"https:\/\/www.youtube.com\/channel\/UC9OlHEgxoaY6QY6nWPoiqQg?sub_confirmation=1\" target=\"_blank\" rel=\"noreferrer noopener\">GP<\/a>&nbsp;|&nbsp;<a href=\"https:\/\/www.youtube.com\/channel\/UC9csiS6q_C3C0FYhyr1rnFA?sub_confirmation=1\" target=\"_blank\" rel=\"noreferrer noopener\">GP2<\/a><\/strong><\/p>\n","protected":false},"excerpt":{"rendered":"<p>A Federa\u00e7\u00e3o Internacional de Automobilismo (FIA) n\u00e3o trouxe novidades, mas deixou mais did\u00e1tico os termos para a F1 2026<\/p>\n","protected":false},"author":0,"featured_media":1001044703,"comment_status":"closed","ping_status":"closed","sticky":false,"template":"","format":"standard","meta":{"42wp_featured_image_caption":"","42wp_featured_image_credits":"","42wp_featured_video":"","42wp_featured_image_hidden":false,"42wp_authors_list":[],"footnotes":""},"categories":[2],"tags":[20491,309,970,147,29516,207,31425,1390,1491,28285,119,31949,2810,13814,34830,2780,34502,90,82,35584,6285,12829,35129,30336,38179,204,30847,13632,9685],"42wp_author":[47155],"class_list":["post-13774","post","type-post","status-publish","format-standard","has-post-thumbnail","hentry","category-f1","tag-alpine","tag-aston-martin","tag-audi","tag-f1","tag-f1-2026","tag-ferrari","tag-formula-1-2026","tag-gasly","tag-grande-premio","tag-grandepremio","tag-haas","tag-hadjar","tag-hamilton","tag-hulkenberg","tag-lawson","tag-leclerc","tag-lindblad","tag-mclaren","tag-mercedes","tag-motores-f1-2026","tag-norris","tag-ocon","tag-onde-assistir-f1","tag-piastri","tag-racing-bulls","tag-red-bull","tag-russell","tag-stroll","tag-verstappen","42wp_author-daniel-balsa"],"_links":{"self":[{"href":"https:\/\/grandepremio.com\/br\/wp-json\/wp\/v2\/posts\/13774","targetHints":{"allow":["GET"]}}],"collection":[{"href":"https:\/\/grandepremio.com\/br\/wp-json\/wp\/v2\/posts"}],"about":[{"href":"https:\/\/grandepremio.com\/br\/wp-json\/wp\/v2\/types\/post"}],"replies":[{"embeddable":true,"href":"https:\/\/grandepremio.com\/br\/wp-json\/wp\/v2\/comments?post=13774"}],"version-history":[{"count":0,"href":"https:\/\/grandepremio.com\/br\/wp-json\/wp\/v2\/posts\/13774\/revisions"}],"wp:featuredmedia":[{"embeddable":true,"href":"https:\/\/grandepremio.com\/br\/wp-json\/wp\/v2\/media\/1001044703"}],"wp:attachment":[{"href":"https:\/\/grandepremio.com\/br\/wp-json\/wp\/v2\/media?parent=13774"}],"wp:term":[{"taxonomy":"category","embeddable":true,"href":"https:\/\/grandepremio.com\/br\/wp-json\/wp\/v2\/categories?post=13774"},{"taxonomy":"post_tag","embeddable":true,"href":"https:\/\/grandepremio.com\/br\/wp-json\/wp\/v2\/tags?post=13774"},{"taxonomy":"42wp_author","embeddable":true,"href":"https:\/\/grandepremio.com\/br\/wp-json\/wp\/v2\/42wp_author?post=13774"}],"curies":[{"name":"wp","href":"https:\/\/api.w.org\/{rel}","templated":true}]}}