{"id":137794,"date":"2019-11-21T16:33:00","date_gmt":"2019-11-21T19:33:00","guid":{"rendered":"https:\/\/grandepremio.com\/br\/noticias\/com-christian-fittipaldi-shell-anuncia-equipe-para-500-milhas-de-kart\/"},"modified":"2020-05-15T08:03:11","modified_gmt":"2020-05-15T11:03:11","slug":"com-christian-fittipaldi-shell-anuncia-equipe-para-500-milhas-de-kart","status":"publish","type":"post","link":"https:\/\/grandepremio.com\/br\/kart\/com-christian-fittipaldi-shell-anuncia-equipe-para-500-milhas-de-kart\/","title":{"rendered":"Com Christian Fittipaldi, Shell anuncia equipe para 500 Milhas de Kart"},"content":{"rendered":"\n<div>\n\tA equipe Shell Fittipaldi anunciou a equipe com a qual vai disputar a 23&ordf; edi&ccedil;&atilde;o das 500 Milhas de Kart, tradicional prova que vai ser realizada em 21 de dezembro no Kart&oacute;dromo da Granja Viana, em Cotia, regi&atilde;o metropolitana de S&atilde;o Paulo. Christian Fittipaldi, o segundo maior vencedor da prova, vai novamente liderar o esquadr&atilde;o para desafiar nomes de peso do esporte a motor como Rubens Barrichello, Felipe Massa, Felipe Giaffone e Lucas Di Grassi.<\/div>\n<div>\n\t&nbsp;<\/div>\n<div>\n\tAl&eacute;m de Christian, a Shell Fittipaldi vai ser formada por grandes nomes do kartismo: Vitor Meira &mdash; vencedor das 500 Milhas em 2011, 2014 e 2015 &mdash;, Dennis Dirani &mdash; que triunfou em 2015 &mdash;, Danilo Dirani &mdash; tamb&eacute;m tricampe&atilde;o, em 1999, 2014 e 2015 &mdash;, e o campe&atilde;o mundial Rubens Carrapatoso, vitorioso tamb&eacute;m em 2015. A escala&ccedil;&atilde;o vai ser completada por dois dos jovens valores da Academia Shell Racing: Diego Ramos e Felipe Baptista, os dois campe&otilde;es brasileiros de kart.<\/div>\n<div>\n\t&nbsp;<\/div>\n<div>\n\tAos 48 anos, Fittipaldi deixou claro que nem a idade diminui seu amor pela prova. &ldquo;O tempo vai passando e a gente realmente n&atilde;o consegue desapegar. Esse ano teremos a presen&ccedil;a do Felipe Massa, Lucas Di Grassi, Rubens Barrichello e, claro, Felipe Giaffone, que vem fazendo um grande trabalho no KGV (Kart&oacute;dromo da Granja Viana)&rdquo;, disse o piloto. &ldquo;Esperamos todos l&aacute; para prestigiar esse grande evento&rdquo;, complementou.<\/p>\n<div class=\"imagem-noticia\">\n\t\t<img decoding=\"async\" src=\"https:\/\/www.grandepremio.com\/br\/wp-content\/uploads\/2019\/11\/201911211737502_Fittipaldi_II.jpg\" title=\"Christian Fittipaldi vai novamente liderar a Shell Fittipaldi nas 500 Milhas de Kart, edi\u00e7\u00e3o 2019 (Foto: Jos\u00e9 M\u00e1rio Dias)\" \/><\/div>\n<div class=\"legenda-imagem\">\n\t\t#iconeimagem Christian Fittipaldi vai novamente liderar a Shell Fittipaldi nas 500 Milhas de Kart, edi&ccedil;&atilde;o 2019 (Foto: Jos&eacute; M&aacute;rio Dias)<\/div>\n<\/div>\n<div>\n\tA disputa das tradicionais 500 Milhas de Kart compreende a presen&ccedil;a bastante democr&aacute;tica de pilotos, desde profissionais com passagens pela F1, Indy, F&oacute;rmula E, Stock Car, Nascar, Copa Truck e Porsche Carrera Cup, como tamb&eacute;m de pilotos amadores. A competi&ccedil;&atilde;o conta com categoria com valor fechado, como custo de inscri&ccedil;&atilde;o, pneus, combust&iacute;vel e m&atilde;o de obra, a Thunder Light.<\/div>\n<div>\n\t&nbsp;<\/div>\n<div>\n\tPelo terceiro ano consecutivo, o <strong>GRANDE PR&Ecirc;MIO<\/strong> vai ser representado por sua equipe nas 500 Milhas de Kart. <strong><a href=\"https:\/\/www.grandepremio.com\/br\/copa-grande-premio-kart\/noticias\/marcelo-hayasaka-e-andre-cunha-fecham-scuderia-gp-para-500-milhas-de-kart\">A Scuderia GP vai contar com dois karts nas 500 Milhas deste ano com pilotos que foram selecionados ao longo da temporada nas etapas da Copa GP de Kart<\/a><\/strong>.<\/div>\n<div>\n\t&nbsp;<\/div>\n<div>\n\tAs 500 Milhas de Kart, edi&ccedil;&atilde;o 2019, v&atilde;o contar com transmiss&atilde;o ao vivo pelo canal por assinatura SporTV, com largada prevista para 10h (hor&aacute;rio de Bras&iacute;lia) de 21 de dezembro.<\/div>\n<div class=\"embed-responsive embed-responsive-16by9\">\n\t<\/div>\n<p><\/p>\n<table bgcolor=\"#add8e6<br \/>\n&#8221; border=&#8221;1&#8243; cellpadding=&#8221;1&#8243; cellspacing=&#8221;1&#8243; style=&#8221;width: 100%&#8221;><br \/>\n<tbody>\n<tr>\n<td>\n\t\t\t\t<span style=\"color:#000000\"><span style=\"font-size:18px\"><strong>Paddockast # 42<br \/>\n\t\t\t\tQUEM &Eacute; VOC&Ecirc; NO GP DO BRASIL?<\/strong><\/span><\/span><br \/>\n\t\t\t\t<br \/>\n\t\t\t\tOu&ccedil;a: <a href=\"http:\/\/open.spotify.com\/show\/5OBbp8MzxQymoyneX4IviF?si=gYqPr53GSaa-AcxFpOzJHg\">Spotify<\/a> | <a href=\"http:\/\/podcasts.apple.com\/br\/podcast\/paddockast\/id1371540198\">iTunes<\/a> | <a href=\"http:\/\/www.subscribeonandroid.com\/www.central3.com.br\/category\/podcasts\/paddockast\/feed\/podcast\/\">Android<\/a> | <a href=\"http:\/\/player.fm\/series\/paddockast\">playerFM<\/a><\/td>\n<\/tr>\n<\/tbody>\n<\/table>\n<p><\/p>\n<div>\n\t<\/p>\n<\/div>\n<p><\/p>\n","protected":false},"excerpt":{"rendered":"<p>Christian Fittipaldi via novamente liderar o esquadr&atilde;o da Shell na 23&ordf; edi&ccedil;&atilde;o das 500 Milhas de Kart, que v&atilde;o ser disputadas em 21 de dezembro. A equipe vai ser formada tamb&eacute;m por grandes campe&otilde;es nacionais do kartismo, dentre eles os jovens da Academia Shell Racing Diego Ramos e Felipe Baptista<\/p>\n","protected":false},"author":0,"featured_media":0,"comment_status":"closed","ping_status":"closed","sticky":false,"template":"","format":"standard","meta":{"42wp_featured_image_caption":"","42wp_featured_image_credits":"","42wp_featured_video":"","42wp_featured_image_hidden":false,"42wp_authors_list":[],"footnotes":""},"categories":[6],"tags":[1415,1303,219,1416,1461,1462,444,220],"42wp_author":[47109],"class_list":["post-137794","post","type-post","status-publish","format-standard","hentry","category-kart","tag-500-milhas-kart","tag-christian-fittipaldi","tag-grande-prmio","tag-granja-viana","tag-kart","tag-kartismo","tag-shell","tag-warm-up","42wp_author-redacao-gp"],"_links":{"self":[{"href":"https:\/\/grandepremio.com\/br\/wp-json\/wp\/v2\/posts\/137794","targetHints":{"allow":["GET"]}}],"collection":[{"href":"https:\/\/grandepremio.com\/br\/wp-json\/wp\/v2\/posts"}],"about":[{"href":"https:\/\/grandepremio.com\/br\/wp-json\/wp\/v2\/types\/post"}],"replies":[{"embeddable":true,"href":"https:\/\/grandepremio.com\/br\/wp-json\/wp\/v2\/comments?post=137794"}],"version-history":[{"count":0,"href":"https:\/\/grandepremio.com\/br\/wp-json\/wp\/v2\/posts\/137794\/revisions"}],"wp:attachment":[{"href":"https:\/\/grandepremio.com\/br\/wp-json\/wp\/v2\/media?parent=137794"}],"wp:term":[{"taxonomy":"category","embeddable":true,"href":"https:\/\/grandepremio.com\/br\/wp-json\/wp\/v2\/categories?post=137794"},{"taxonomy":"post_tag","embeddable":true,"href":"https:\/\/grandepremio.com\/br\/wp-json\/wp\/v2\/tags?post=137794"},{"taxonomy":"42wp_author","embeddable":true,"href":"https:\/\/grandepremio.com\/br\/wp-json\/wp\/v2\/42wp_author?post=137794"}],"curies":[{"name":"wp","href":"https:\/\/api.w.org\/{rel}","templated":true}]}}